{"id":37561,"date":"2025-08-26T14:20:59","date_gmt":"2025-08-26T12:20:59","guid":{"rendered":"https:\/\/www.villaggiosanfrancesco.com\/news\/bez-kategorii\/7th-note-gospel-night-2025-2\/"},"modified":"2025-08-28T14:19:33","modified_gmt":"2025-08-28T12:19:33","slug":"7th-note-gospel-night-2025-2","status":"publish","type":"post","link":"https:\/\/www.villaggiosanfrancesco.com\/pl\/news\/wydarzenia\/7th-note-gospel-night-2025-2\/","title":{"rendered":"7th Note Gospel Night"},"content":{"rendered":"<div  class=\"grids-section grids-is-advanced\" style=\"--_gs-gap-desktop:0px 0px;--_gs-m-desktop:0 0 0 0;--_gs-p-desktop:0 0 0 0;--_gs-bg-desktop:transparent none;--_gs-bg-xp-desktop:0px;--_gs-zi-desktop:auto;--_gs-d-desktop:block;--_gs-mw-desktop:calc(100% - 0 - 0);--_gs-gap-tablet:0px 0px;--_gs-m-tablet:0 0 0 0;--_gs-p-tablet:0 0 0 0;--_gs-bg-tablet:transparent none;--_gs-bg-xp-tablet:0px;--_gs-zi-tablet:auto;--_gs-d-tablet:block;--_gs-mw-tablet:calc(100% - 0 - 0);--_gs-gap-mobile:0px 0px;--_gs-m-mobile:0 0 0 0;--_gs-p-mobile:0 0 0 0;--_gs-bg-mobile:transparent none;--_gs-bg-xp-mobile:0px;--_gs-zi-mobile:auto;--_gs-d-mobile:block;--_gs-mw-mobile:calc(100% - 0 - 0);--_gs-columns:12;--_gs-rows:6\"><div class=\"grids-s-w_i\">\n<div class=\"grids-area\" style=\"--_ga-column:2\/12;--_ga-row:1\/7;--_ga-m-desktop:0 0 0 0;--_ga-p-desktop:0 0 0 0;--_ga-bg-desktop:transparent none;--_ga-zi-desktop:auto;--_ga-d-desktop:flex;--_ga-mw-desktop:calc(100% - 0 - 0);--_ga-m-tablet:0 0 0 0;--_ga-p-tablet:0 0 0 0;--_ga-bg-tablet:transparent none;--_ga-zi-tablet:auto;--_ga-d-tablet:flex;--_ga-mw-tablet:calc(100% - 0 - 0);--_ga-m-mobile:0 0 0 0;--_ga-p-mobile:0 0 0 0;--_ga-bg-mobile:transparent none;--_ga-zi-mobile:auto;--_ga-d-mobile:flex;--_ga-mw-mobile:calc(100% - 0 - 0)\">\n\n<h2 class=\"wp-block-heading has-text-align-center\">\ud83c\udfb6 Koncert Gospel w Villaggio San Francesco! \ud83c\udfb6<\/h2>\n\n<\/div>\n<\/div><\/div>\n\n<div  class=\"grids-section grids-is-advanced\" style=\"--_gs-gap-desktop:0px 0px;--_gs-m-desktop:0 0 0 0;--_gs-p-desktop:0 0 0 0;--_gs-bg-desktop:transparent none;--_gs-bg-xp-desktop:0px;--_gs-zi-desktop:auto;--_gs-d-desktop:block;--_gs-mw-desktop:calc(100% - 0 - 0);--_gs-gap-tablet:0px 0px;--_gs-m-tablet:0 0 0 0;--_gs-p-tablet:0 0 0 0;--_gs-bg-tablet:transparent none;--_gs-bg-xp-tablet:0px;--_gs-zi-tablet:auto;--_gs-d-tablet:block;--_gs-mw-tablet:calc(100% - 0 - 0);--_gs-gap-mobile:0px 0px;--_gs-m-mobile:0 0 0 0;--_gs-p-mobile:0 0 0 0;--_gs-bg-mobile:transparent none;--_gs-bg-xp-mobile:0px;--_gs-zi-mobile:auto;--_gs-d-mobile:block;--_gs-mw-mobile:calc(100% - 0 - 0);--_gs-columns:12;--_gs-rows:6\"><div class=\"grids-s-w_i\">\n<div class=\"grids-area\" style=\"--_ga-column:2\/7;--_ga-row:1\/7;--_ga-va:center;--_ga-m-desktop:0 0 0 0;--_ga-p-desktop:0 0 0 0;--_ga-bg-desktop:transparent none;--_ga-zi-desktop:auto;--_ga-d-desktop:flex;--_ga-mw-desktop:calc(100% - 0 - 0);--_ga-m-tablet:0 0 0 0;--_ga-p-tablet:0 0 0 0;--_ga-bg-tablet:transparent none;--_ga-zi-tablet:auto;--_ga-d-tablet:flex;--_ga-mw-tablet:calc(100% - 0 - 0);--_ga-m-mobile:0 0 0 0;--_ga-p-mobile:0 20px 0 20px;--_ga-bg-mobile:transparent none;--_ga-zi-mobile:auto;--_ga-d-mobile:flex;--_ga-mw-mobile:calc(100% - 0 - 0)\">\n\n<p><strong>28 sierpnia o godzinie 21:00<\/strong> w <strong>Teatro &#8211; Theatre<\/strong> czeka na Was wyj\u0105tkowe wydarzenie:<br><strong>7th Note Gospel Lab \u2013 Pop Rock Project<\/strong>.<br><br>Wybuch energii i harmonii, gdzie brzmienia gospel \u0142\u0105cz\u0105 si\u0119 z popem i rockiem, by podarowa\u0107 Wam niepowtarzalny wiecz\u00f3r pe\u0142en emocji i \u015bwietnej muzyki.<br><br>\ud83d\udc49 Nie przegapcie okazji, by prze\u017cy\u0107 niezapomniane muzyczne do\u015bwiadczenie!<br>\ud83d\udccd <strong>Teatro &#8211; <strong>Theatre<\/strong> \u2013 Villaggio San Francesco<\/strong><\/p>\n\n\n\n<div class=\"wp-block-buttons is-layout-flex wp-block-buttons-is-layout-flex\">\n<div class=\"wp-block-button\"><a class=\"wp-block-button__link wp-element-button\" href=\"https:\/\/www.villaggiosanfrancesco.com\/wp-content\/uploads\/2025\/08\/LOCANDINA-CONCERTO-28-AGOSTO-teatro.pdf\" target=\"_blank\" rel=\"noreferrer noopener\">pobierz plakat<\/a><\/div>\n<\/div>\n\n<\/div>\n\n<div class=\"grids-area\" style=\"--_ga-column:7\/12;--_ga-row:1\/7;--_ga-m-desktop:0 0 0 0;--_ga-p-desktop:0 0 0 0;--_ga-bg-desktop:transparent none;--_ga-zi-desktop:auto;--_ga-d-desktop:flex;--_ga-mw-desktop:calc(100% - 0 - 0);--_ga-m-tablet:0 0 0 0;--_ga-p-tablet:0 0 0 0;--_ga-bg-tablet:transparent none;--_ga-zi-tablet:auto;--_ga-d-tablet:flex;--_ga-mw-tablet:calc(100% - 0 - 0);--_ga-m-mobile:0 0 0 0;--_ga-p-mobile:0 0 0 0;--_ga-bg-mobile:transparent none;--_ga-zi-mobile:auto;--_ga-d-mobile:flex;--_ga-mw-mobile:calc(100% - 0 - 0)\">\n\n<figure class=\"wp-block-image size-large is-resized\"><img decoding=\"async\" width=\"725\" height=\"1024\" src=\"https:\/\/www.villaggiosanfrancesco.com\/wp-content\/uploads\/2025\/08\/LOCANDINA-CONCERTO-28-AGOSTO-1-teatro-725x1024.webp\" alt=\"\" class=\"wp-image-37572\" style=\"background-color: #d9d7db; object-fit:cover;width:362px;height:512px\" srcset=\"https:\/\/www.villaggiosanfrancesco.com\/wp-content\/uploads\/2025\/08\/LOCANDINA-CONCERTO-28-AGOSTO-1-teatro-725x1024.webp 725w, https:\/\/www.villaggiosanfrancesco.com\/wp-content\/uploads\/2025\/08\/LOCANDINA-CONCERTO-28-AGOSTO-1-teatro-212x300.webp 212w, https:\/\/www.villaggiosanfrancesco.com\/wp-content\/uploads\/2025\/08\/LOCANDINA-CONCERTO-28-AGOSTO-1-teatro-768x1085.webp 768w, https:\/\/www.villaggiosanfrancesco.com\/wp-content\/uploads\/2025\/08\/LOCANDINA-CONCERTO-28-AGOSTO-1-teatro-1087x1536.webp 1087w, https:\/\/www.villaggiosanfrancesco.com\/wp-content\/uploads\/2025\/08\/LOCANDINA-CONCERTO-28-AGOSTO-1-teatro.webp 1241w\" sizes=\"(max-width: 725px) 100vw, 725px\" \/><\/figure>\n\n<\/div>\n<\/div><\/div>\n\n\n\n","protected":false},"excerpt":{"rendered":"<p>\ud83c\udfb6 Koncert Gospel w Villaggio San Francesco! \ud83c\udfb6<\/p>\n","protected":false},"author":29,"featured_media":37535,"comment_status":"closed","ping_status":"closed","sticky":false,"template":"","format":"standard","meta":{"_acf_changed":false,"advgb_blocks_editor_width":"","advgb_blocks_columns_visual_guide":"","footnotes":""},"categories":[85],"tags":[],"class_list":["post-37561","post","type-post","status-publish","format-standard","has-post-thumbnail","hentry","category-wydarzenia","entry"],"acf":[],"yoast_head":"<!-- This site is optimized with the Yoast SEO plugin v26.0 - https:\/\/yoast.com\/wordpress\/plugins\/seo\/ -->\n<title>7th Note Gospel Night - Villaggio San Francesco<\/title>\n<meta name=\"description\" content=\"Wybuch energii i harmonii, gdzie brzmienia gospel \u0142\u0105cz\u0105 si\u0119 z popem i rockiem, oferuj\u0105c Wam niepowtarzalny wiecz\u00f3r pe\u0142en emocji i \u015bwietnej muzyki.\" \/>\n<meta name=\"robots\" content=\"index, follow, max-snippet:-1, max-image-preview:large, max-video-preview:-1\" \/>\n<link rel=\"canonical\" href=\"https:\/\/www.villaggiosanfrancesco.com\/pl\/news\/wydarzenia\/7th-note-gospel-night-2025-2\/\" \/>\n<meta property=\"og:locale\" content=\"pl_PL\" \/>\n<meta property=\"og:type\" content=\"article\" \/>\n<meta property=\"og:title\" content=\"7th Note Gospel Night - Villaggio San Francesco\" \/>\n<meta property=\"og:description\" content=\"Wybuch energii i harmonii, gdzie brzmienia gospel \u0142\u0105cz\u0105 si\u0119 z popem i rockiem, oferuj\u0105c Wam niepowtarzalny wiecz\u00f3r pe\u0142en emocji i \u015bwietnej muzyki.\" \/>\n<meta property=\"og:url\" content=\"https:\/\/www.villaggiosanfrancesco.com\/pl\/news\/wydarzenia\/7th-note-gospel-night-2025-2\/\" \/>\n<meta property=\"og:site_name\" content=\"Villaggio San Francesco\" \/>\n<meta property=\"article:publisher\" content=\"https:\/\/www.facebook.com\/VillaggioSanFrancesco\/\" \/>\n<meta property=\"article:published_time\" content=\"2025-08-26T12:20:59+00:00\" \/>\n<meta property=\"article:modified_time\" content=\"2025-08-28T12:19:33+00:00\" \/>\n<meta property=\"og:image\" content=\"https:\/\/www.villaggiosanfrancesco.com\/wp-content\/uploads\/2025\/08\/7th-Note-Gospel-Night-2000x1000-1.webp\" \/>\n\t<meta property=\"og:image:width\" content=\"2000\" \/>\n\t<meta property=\"og:image:height\" content=\"1000\" \/>\n\t<meta property=\"og:image:type\" content=\"image\/webp\" \/>\n<meta name=\"author\" content=\"Mattia\" \/>\n<meta name=\"twitter:card\" content=\"summary_large_image\" \/>\n<meta name=\"twitter:label1\" content=\"Napisane przez\" \/>\n\t<meta name=\"twitter:data1\" content=\"Mattia\" \/>\n\t<meta name=\"twitter:label2\" content=\"Szacowany czas czytania\" \/>\n\t<meta name=\"twitter:data2\" content=\"1 minuta\" \/>\n<script type=\"application\/ld+json\" class=\"yoast-schema-graph\">{\"@context\":\"https:\/\/schema.org\",\"@graph\":[{\"@type\":\"Article\",\"@id\":\"https:\/\/www.villaggiosanfrancesco.com\/pl\/news\/wydarzenia\/7th-note-gospel-night-2025-2\/#article\",\"isPartOf\":{\"@id\":\"https:\/\/www.villaggiosanfrancesco.com\/pl\/news\/wydarzenia\/7th-note-gospel-night-2025-2\/\"},\"author\":{\"name\":\"Mattia\",\"@id\":\"https:\/\/www.villaggiosanfrancesco.com\/pl\/#\/schema\/person\/71e3d0d201ec2ed38e3ee89e176e6e34\"},\"headline\":\"7th Note Gospel Night\",\"datePublished\":\"2025-08-26T12:20:59+00:00\",\"dateModified\":\"2025-08-28T12:19:33+00:00\",\"mainEntityOfPage\":{\"@id\":\"https:\/\/www.villaggiosanfrancesco.com\/pl\/news\/wydarzenia\/7th-note-gospel-night-2025-2\/\"},\"wordCount\":73,\"publisher\":{\"@id\":\"https:\/\/www.villaggiosanfrancesco.com\/pl\/#organization\"},\"image\":{\"@id\":\"https:\/\/www.villaggiosanfrancesco.com\/pl\/news\/wydarzenia\/7th-note-gospel-night-2025-2\/#primaryimage\"},\"thumbnailUrl\":\"https:\/\/www.villaggiosanfrancesco.com\/wp-content\/uploads\/2025\/08\/7th-Note-Gospel-Night-2000x1000-1.webp\",\"articleSection\":[\"Wydarzenia\"],\"inLanguage\":\"pl-PL\"},{\"@type\":\"WebPage\",\"@id\":\"https:\/\/www.villaggiosanfrancesco.com\/pl\/news\/wydarzenia\/7th-note-gospel-night-2025-2\/\",\"url\":\"https:\/\/www.villaggiosanfrancesco.com\/pl\/news\/wydarzenia\/7th-note-gospel-night-2025-2\/\",\"name\":\"7th Note Gospel Night - Villaggio San Francesco\",\"isPartOf\":{\"@id\":\"https:\/\/www.villaggiosanfrancesco.com\/pl\/#website\"},\"primaryImageOfPage\":{\"@id\":\"https:\/\/www.villaggiosanfrancesco.com\/pl\/news\/wydarzenia\/7th-note-gospel-night-2025-2\/#primaryimage\"},\"image\":{\"@id\":\"https:\/\/www.villaggiosanfrancesco.com\/pl\/news\/wydarzenia\/7th-note-gospel-night-2025-2\/#primaryimage\"},\"thumbnailUrl\":\"https:\/\/www.villaggiosanfrancesco.com\/wp-content\/uploads\/2025\/08\/7th-Note-Gospel-Night-2000x1000-1.webp\",\"datePublished\":\"2025-08-26T12:20:59+00:00\",\"dateModified\":\"2025-08-28T12:19:33+00:00\",\"description\":\"Wybuch energii i harmonii, gdzie brzmienia gospel \u0142\u0105cz\u0105 si\u0119 z popem i rockiem, oferuj\u0105c Wam niepowtarzalny wiecz\u00f3r pe\u0142en emocji i \u015bwietnej muzyki.\",\"breadcrumb\":{\"@id\":\"https:\/\/www.villaggiosanfrancesco.com\/pl\/news\/wydarzenia\/7th-note-gospel-night-2025-2\/#breadcrumb\"},\"inLanguage\":\"pl-PL\",\"potentialAction\":[{\"@type\":\"ReadAction\",\"target\":[\"https:\/\/www.villaggiosanfrancesco.com\/pl\/news\/wydarzenia\/7th-note-gospel-night-2025-2\/\"]}]},{\"@type\":\"ImageObject\",\"inLanguage\":\"pl-PL\",\"@id\":\"https:\/\/www.villaggiosanfrancesco.com\/pl\/news\/wydarzenia\/7th-note-gospel-night-2025-2\/#primaryimage\",\"url\":\"https:\/\/www.villaggiosanfrancesco.com\/wp-content\/uploads\/2025\/08\/7th-Note-Gospel-Night-2000x1000-1.webp\",\"contentUrl\":\"https:\/\/www.villaggiosanfrancesco.com\/wp-content\/uploads\/2025\/08\/7th-Note-Gospel-Night-2000x1000-1.webp\",\"width\":2000,\"height\":1000},{\"@type\":\"BreadcrumbList\",\"@id\":\"https:\/\/www.villaggiosanfrancesco.com\/pl\/news\/wydarzenia\/7th-note-gospel-night-2025-2\/#breadcrumb\",\"itemListElement\":[{\"@type\":\"ListItem\",\"position\":1,\"name\":\"Home\",\"item\":\"https:\/\/www.villaggiosanfrancesco.com\/pl\/\"},{\"@type\":\"ListItem\",\"position\":2,\"name\":\"Wydarzenia\",\"item\":\"https:\/\/www.villaggiosanfrancesco.com\/pl\/news\/category\/wydarzenia\/\"},{\"@type\":\"ListItem\",\"position\":3,\"name\":\"7th Note Gospel Night\"}]},{\"@type\":\"WebSite\",\"@id\":\"https:\/\/www.villaggiosanfrancesco.com\/pl\/#website\",\"url\":\"https:\/\/www.villaggiosanfrancesco.com\/pl\/\",\"name\":\"Villaggio San Francesco\",\"description\":\"Caorle, VENEZIA\",\"publisher\":{\"@id\":\"https:\/\/www.villaggiosanfrancesco.com\/pl\/#organization\"},\"potentialAction\":[{\"@type\":\"SearchAction\",\"target\":{\"@type\":\"EntryPoint\",\"urlTemplate\":\"https:\/\/www.villaggiosanfrancesco.com\/pl\/?s={search_term_string}\"},\"query-input\":{\"@type\":\"PropertyValueSpecification\",\"valueRequired\":true,\"valueName\":\"search_term_string\"}}],\"inLanguage\":\"pl-PL\"},{\"@type\":\"Organization\",\"@id\":\"https:\/\/www.villaggiosanfrancesco.com\/pl\/#organization\",\"name\":\"Villaggio San Francesco\",\"url\":\"https:\/\/www.villaggiosanfrancesco.com\/pl\/\",\"logo\":{\"@type\":\"ImageObject\",\"inLanguage\":\"pl-PL\",\"@id\":\"https:\/\/www.villaggiosanfrancesco.com\/pl\/#\/schema\/logo\/image\/\",\"url\":\"https:\/\/www.villaggiosanfrancesco.com\/wp-content\/uploads\/2023\/03\/Logo-Villaggio-San-Francesco-Caorle-1.png\",\"contentUrl\":\"https:\/\/www.villaggiosanfrancesco.com\/wp-content\/uploads\/2023\/03\/Logo-Villaggio-San-Francesco-Caorle-1.png\",\"width\":1206,\"height\":356,\"caption\":\"Villaggio San Francesco\"},\"image\":{\"@id\":\"https:\/\/www.villaggiosanfrancesco.com\/pl\/#\/schema\/logo\/image\/\"},\"sameAs\":[\"https:\/\/www.facebook.com\/VillaggioSanFrancesco\/\",\"https:\/\/www.instagram.com\/villaggiosanfrancesco\/\",\"https:\/\/www.youtube.com\/channel\/UClXJoJulrb1UANfZodeHn-g\",\"https:\/\/www.tiktok.com\/@sanfrancescoresort\"]},{\"@type\":\"Person\",\"@id\":\"https:\/\/www.villaggiosanfrancesco.com\/pl\/#\/schema\/person\/71e3d0d201ec2ed38e3ee89e176e6e34\",\"name\":\"Mattia\"}]}<\/script>\n<!-- \/ Yoast SEO plugin. -->","yoast_head_json":{"title":"7th Note Gospel Night - Villaggio San Francesco","description":"Wybuch energii i harmonii, gdzie brzmienia gospel \u0142\u0105cz\u0105 si\u0119 z popem i rockiem, oferuj\u0105c Wam niepowtarzalny wiecz\u00f3r pe\u0142en emocji i \u015bwietnej muzyki.","robots":{"index":"index","follow":"follow","max-snippet":"max-snippet:-1","max-image-preview":"max-image-preview:large","max-video-preview":"max-video-preview:-1"},"canonical":"https:\/\/www.villaggiosanfrancesco.com\/pl\/news\/wydarzenia\/7th-note-gospel-night-2025-2\/","og_locale":"pl_PL","og_type":"article","og_title":"7th Note Gospel Night - Villaggio San Francesco","og_description":"Wybuch energii i harmonii, gdzie brzmienia gospel \u0142\u0105cz\u0105 si\u0119 z popem i rockiem, oferuj\u0105c Wam niepowtarzalny wiecz\u00f3r pe\u0142en emocji i \u015bwietnej muzyki.","og_url":"https:\/\/www.villaggiosanfrancesco.com\/pl\/news\/wydarzenia\/7th-note-gospel-night-2025-2\/","og_site_name":"Villaggio San Francesco","article_publisher":"https:\/\/www.facebook.com\/VillaggioSanFrancesco\/","article_published_time":"2025-08-26T12:20:59+00:00","article_modified_time":"2025-08-28T12:19:33+00:00","og_image":[{"width":2000,"height":1000,"url":"https:\/\/www.villaggiosanfrancesco.com\/wp-content\/uploads\/2025\/08\/7th-Note-Gospel-Night-2000x1000-1.webp","type":"image\/webp"}],"author":"Mattia","twitter_card":"summary_large_image","twitter_misc":{"Napisane przez":"Mattia","Szacowany czas czytania":"1 minuta"},"schema":{"@context":"https:\/\/schema.org","@graph":[{"@type":"Article","@id":"https:\/\/www.villaggiosanfrancesco.com\/pl\/news\/wydarzenia\/7th-note-gospel-night-2025-2\/#article","isPartOf":{"@id":"https:\/\/www.villaggiosanfrancesco.com\/pl\/news\/wydarzenia\/7th-note-gospel-night-2025-2\/"},"author":{"name":"Mattia","@id":"https:\/\/www.villaggiosanfrancesco.com\/pl\/#\/schema\/person\/71e3d0d201ec2ed38e3ee89e176e6e34"},"headline":"7th Note Gospel Night","datePublished":"2025-08-26T12:20:59+00:00","dateModified":"2025-08-28T12:19:33+00:00","mainEntityOfPage":{"@id":"https:\/\/www.villaggiosanfrancesco.com\/pl\/news\/wydarzenia\/7th-note-gospel-night-2025-2\/"},"wordCount":73,"publisher":{"@id":"https:\/\/www.villaggiosanfrancesco.com\/pl\/#organization"},"image":{"@id":"https:\/\/www.villaggiosanfrancesco.com\/pl\/news\/wydarzenia\/7th-note-gospel-night-2025-2\/#primaryimage"},"thumbnailUrl":"https:\/\/www.villaggiosanfrancesco.com\/wp-content\/uploads\/2025\/08\/7th-Note-Gospel-Night-2000x1000-1.webp","articleSection":["Wydarzenia"],"inLanguage":"pl-PL"},{"@type":"WebPage","@id":"https:\/\/www.villaggiosanfrancesco.com\/pl\/news\/wydarzenia\/7th-note-gospel-night-2025-2\/","url":"https:\/\/www.villaggiosanfrancesco.com\/pl\/news\/wydarzenia\/7th-note-gospel-night-2025-2\/","name":"7th Note Gospel Night - Villaggio San Francesco","isPartOf":{"@id":"https:\/\/www.villaggiosanfrancesco.com\/pl\/#website"},"primaryImageOfPage":{"@id":"https:\/\/www.villaggiosanfrancesco.com\/pl\/news\/wydarzenia\/7th-note-gospel-night-2025-2\/#primaryimage"},"image":{"@id":"https:\/\/www.villaggiosanfrancesco.com\/pl\/news\/wydarzenia\/7th-note-gospel-night-2025-2\/#primaryimage"},"thumbnailUrl":"https:\/\/www.villaggiosanfrancesco.com\/wp-content\/uploads\/2025\/08\/7th-Note-Gospel-Night-2000x1000-1.webp","datePublished":"2025-08-26T12:20:59+00:00","dateModified":"2025-08-28T12:19:33+00:00","description":"Wybuch energii i harmonii, gdzie brzmienia gospel \u0142\u0105cz\u0105 si\u0119 z popem i rockiem, oferuj\u0105c Wam niepowtarzalny wiecz\u00f3r pe\u0142en emocji i \u015bwietnej muzyki.","breadcrumb":{"@id":"https:\/\/www.villaggiosanfrancesco.com\/pl\/news\/wydarzenia\/7th-note-gospel-night-2025-2\/#breadcrumb"},"inLanguage":"pl-PL","potentialAction":[{"@type":"ReadAction","target":["https:\/\/www.villaggiosanfrancesco.com\/pl\/news\/wydarzenia\/7th-note-gospel-night-2025-2\/"]}]},{"@type":"ImageObject","inLanguage":"pl-PL","@id":"https:\/\/www.villaggiosanfrancesco.com\/pl\/news\/wydarzenia\/7th-note-gospel-night-2025-2\/#primaryimage","url":"https:\/\/www.villaggiosanfrancesco.com\/wp-content\/uploads\/2025\/08\/7th-Note-Gospel-Night-2000x1000-1.webp","contentUrl":"https:\/\/www.villaggiosanfrancesco.com\/wp-content\/uploads\/2025\/08\/7th-Note-Gospel-Night-2000x1000-1.webp","width":2000,"height":1000},{"@type":"BreadcrumbList","@id":"https:\/\/www.villaggiosanfrancesco.com\/pl\/news\/wydarzenia\/7th-note-gospel-night-2025-2\/#breadcrumb","itemListElement":[{"@type":"ListItem","position":1,"name":"Home","item":"https:\/\/www.villaggiosanfrancesco.com\/pl\/"},{"@type":"ListItem","position":2,"name":"Wydarzenia","item":"https:\/\/www.villaggiosanfrancesco.com\/pl\/news\/category\/wydarzenia\/"},{"@type":"ListItem","position":3,"name":"7th Note Gospel Night"}]},{"@type":"WebSite","@id":"https:\/\/www.villaggiosanfrancesco.com\/pl\/#website","url":"https:\/\/www.villaggiosanfrancesco.com\/pl\/","name":"Villaggio San Francesco","description":"Caorle, VENEZIA","publisher":{"@id":"https:\/\/www.villaggiosanfrancesco.com\/pl\/#organization"},"potentialAction":[{"@type":"SearchAction","target":{"@type":"EntryPoint","urlTemplate":"https:\/\/www.villaggiosanfrancesco.com\/pl\/?s={search_term_string}"},"query-input":{"@type":"PropertyValueSpecification","valueRequired":true,"valueName":"search_term_string"}}],"inLanguage":"pl-PL"},{"@type":"Organization","@id":"https:\/\/www.villaggiosanfrancesco.com\/pl\/#organization","name":"Villaggio San Francesco","url":"https:\/\/www.villaggiosanfrancesco.com\/pl\/","logo":{"@type":"ImageObject","inLanguage":"pl-PL","@id":"https:\/\/www.villaggiosanfrancesco.com\/pl\/#\/schema\/logo\/image\/","url":"https:\/\/www.villaggiosanfrancesco.com\/wp-content\/uploads\/2023\/03\/Logo-Villaggio-San-Francesco-Caorle-1.png","contentUrl":"https:\/\/www.villaggiosanfrancesco.com\/wp-content\/uploads\/2023\/03\/Logo-Villaggio-San-Francesco-Caorle-1.png","width":1206,"height":356,"caption":"Villaggio San Francesco"},"image":{"@id":"https:\/\/www.villaggiosanfrancesco.com\/pl\/#\/schema\/logo\/image\/"},"sameAs":["https:\/\/www.facebook.com\/VillaggioSanFrancesco\/","https:\/\/www.instagram.com\/villaggiosanfrancesco\/","https:\/\/www.youtube.com\/channel\/UClXJoJulrb1UANfZodeHn-g","https:\/\/www.tiktok.com\/@sanfrancescoresort"]},{"@type":"Person","@id":"https:\/\/www.villaggiosanfrancesco.com\/pl\/#\/schema\/person\/71e3d0d201ec2ed38e3ee89e176e6e34","name":"Mattia"}]}},"author_meta":{"display_name":"Mattia","author_link":"https:\/\/www.villaggiosanfrancesco.com\/pl\/news\/author\/mattia_fh8r4\/"},"featured_img":"https:\/\/www.villaggiosanfrancesco.com\/wp-content\/uploads\/2025\/08\/7th-Note-Gospel-Night-2000x1000-1-300x150.webp","coauthors":[],"tax_additional":{"categories":{"linked":["<a href=\"https:\/\/www.villaggiosanfrancesco.com\/pl\/news\/category\/wydarzenia\/\" class=\"advgb-post-tax-term\">Wydarzenia<\/a>"],"unlinked":["<span class=\"advgb-post-tax-term\">Wydarzenia<\/span>"]}},"comment_count":"0","relative_dates":{"created":"Posted 8 miesi\u0119cy ago","modified":"Updated 8 miesi\u0119cy ago"},"absolute_dates":{"created":"Posted on 26 sierpnia, 2025","modified":"Updated on 28 sierpnia, 2025"},"absolute_dates_time":{"created":"Posted on 26 sierpnia, 2025 2:20 pm","modified":"Updated on 28 sierpnia, 2025 2:19 pm"},"featured_img_caption":"","series_order":"","_links":{"self":[{"href":"https:\/\/www.villaggiosanfrancesco.com\/pl\/wp-json\/wp\/v2\/posts\/37561","targetHints":{"allow":["GET"]}}],"collection":[{"href":"https:\/\/www.villaggiosanfrancesco.com\/pl\/wp-json\/wp\/v2\/posts"}],"about":[{"href":"https:\/\/www.villaggiosanfrancesco.com\/pl\/wp-json\/wp\/v2\/types\/post"}],"author":[{"embeddable":true,"href":"https:\/\/www.villaggiosanfrancesco.com\/pl\/wp-json\/wp\/v2\/users\/29"}],"replies":[{"embeddable":true,"href":"https:\/\/www.villaggiosanfrancesco.com\/pl\/wp-json\/wp\/v2\/comments?post=37561"}],"version-history":[{"count":0,"href":"https:\/\/www.villaggiosanfrancesco.com\/pl\/wp-json\/wp\/v2\/posts\/37561\/revisions"}],"wp:featuredmedia":[{"embeddable":true,"href":"https:\/\/www.villaggiosanfrancesco.com\/pl\/wp-json\/wp\/v2\/media\/37535"}],"wp:attachment":[{"href":"https:\/\/www.villaggiosanfrancesco.com\/pl\/wp-json\/wp\/v2\/media?parent=37561"}],"wp:term":[{"taxonomy":"category","embeddable":true,"href":"https:\/\/www.villaggiosanfrancesco.com\/pl\/wp-json\/wp\/v2\/categories?post=37561"},{"taxonomy":"post_tag","embeddable":true,"href":"https:\/\/www.villaggiosanfrancesco.com\/pl\/wp-json\/wp\/v2\/tags?post=37561"}],"curies":[{"name":"wp","href":"https:\/\/api.w.org\/{rel}","templated":true}]}}