{"id":21641,"date":"2024-01-25T10:54:01","date_gmt":"2024-01-25T09:54:01","guid":{"rendered":"https:\/\/www.villaggiosanfrancesco.com\/news\/bez-kategorii\/juz-wkrotce-ferracolors\/"},"modified":"2024-02-18T18:34:57","modified_gmt":"2024-02-18T17:34:57","slug":"juz-wkrotce-ferracolors","status":"publish","type":"post","link":"https:\/\/www.villaggiosanfrancesco.com\/pl\/news\/wydarzenia\/juz-wkrotce-ferracolors\/","title":{"rendered":"Ju\u017c wkr\u00f3tce: Ferracolors!"},"content":{"rendered":"<div  class=\"grids-section grids-is-advanced alignwide\" style=\"--_gs-gap-desktop:0px 0px;--_gs-m-desktop:0 0 0 0;--_gs-p-desktop:0 0 0 0;--_gs-bg-desktop:transparent none;--_gs-bg-xp-desktop:0px;--_gs-zi-desktop:auto;--_gs-d-desktop:block;--_gs-mw-desktop:calc(100% - 0 - 0);--_gs-gap-tablet:0px 0px;--_gs-m-tablet:0 0 0 0;--_gs-p-tablet:0 0 0 0;--_gs-bg-tablet:transparent none;--_gs-bg-xp-tablet:0px;--_gs-zi-tablet:auto;--_gs-d-tablet:block;--_gs-mw-tablet:calc(100% - 0 - 0);--_gs-gap-mobile:0px 0px;--_gs-m-mobile:0 0 0 0;--_gs-p-mobile:0 0 0 0;--_gs-bg-mobile:transparent none;--_gs-bg-xp-mobile:0px;--_gs-zi-mobile:auto;--_gs-d-mobile:block;--_gs-mw-mobile:calc(100% - 0 - 0);--_gs-columns:12;--_gs-rows:6\"><div class=\"grids-s-w_i\">\n<div class=\"grids-area\" style=\"--_ga-column:3\/11;--_ga-row:1\/3;--_ga-m-desktop:0 0 0 0;--_ga-p-desktop:0 0 0 0;--_ga-bg-desktop:transparent none;--_ga-zi-desktop:auto;--_ga-d-desktop:flex;--_ga-mw-desktop:calc(100% - 0 - 0);--_ga-m-tablet:0 0 0 0;--_ga-p-tablet:0 0 0 0;--_ga-bg-tablet:transparent none;--_ga-zi-tablet:auto;--_ga-d-tablet:flex;--_ga-mw-tablet:calc(100% - 0 - 0);--_ga-m-mobile:0 0 0 0;--_ga-p-mobile:0 0 0 0;--_ga-bg-mobile:transparent none;--_ga-zi-mobile:auto;--_ga-d-mobile:flex;--_ga-mw-mobile:calc(100% - 0 - 0)\">\n\n<h3 class=\"wp-block-heading\">W Villaggio San Francesco Ferragosto to <strong>FERRACOLORS!<\/strong><\/h3>\n\n<\/div>\n\n<div class=\"grids-area\" style=\"--_ga-column:2\/7;--_ga-row:3\/7;--_ga-va:center;--_ga-m-desktop:0 0 0 0;--_ga-p-desktop:0 0 0 0;--_ga-bg-desktop:transparent none;--_ga-zi-desktop:auto;--_ga-d-desktop:flex;--_ga-mw-desktop:calc(100% - 0 - 0);--_ga-m-tablet:0 0 0 0;--_ga-p-tablet:0 0 0 0;--_ga-bg-tablet:transparent none;--_ga-zi-tablet:auto;--_ga-d-tablet:flex;--_ga-mw-tablet:calc(100% - 0 - 0);--_ga-m-mobile:0 0 0 0;--_ga-p-mobile:0 10% 0 10%;--_ga-bg-mobile:transparent none;--_ga-zi-mobile:auto;--_ga-d-mobile:flex;--_ga-mw-mobile:calc(100% - 0 - 0)\">\n\n<h4 class=\"wp-block-heading\">\u017b\u00d3\u0141TY, ZIELONY, CZERWONY CZY NIEBIESKI: DO KT\u00d3REJ DRU\u017bYNY NALE\u017bYSZ?<\/h4>\n\n\n\n<p><br\/>Od <strong>10 do 17 sierpnia<\/strong> kurort wype\u0142ni si\u0119 kolorami, zabaw\u0105 i lekko\u015bci\u0105! Ka\u017cdego dnia mo\u017cna wzi\u0105\u0107 udzia\u0142 w wielu zaj\u0119ciach organizowanych w r\u00f3\u017cnych cz\u0119\u015bciach o\u015brodkai: zabawa polega na odkrywaniu ich wszystkich&#8230;<\/p>\n\n\n\n<p>Czekamy na Ciebie!<\/p>\n\n<\/div>\n\n<div class=\"grids-area\" style=\"--_ga-column:7\/12;--_ga-row:3\/7;--_ga-va:center;--_ga-m-desktop:0 0 0 0;--_ga-p-desktop:0 0 0 0;--_ga-bg-desktop:transparent none;--_ga-zi-desktop:auto;--_ga-d-desktop:flex;--_ga-mw-desktop:calc(100% - 0 - 0);--_ga-m-tablet:0 0 0 0;--_ga-p-tablet:0 0 0 0;--_ga-bg-tablet:transparent none;--_ga-zi-tablet:auto;--_ga-d-tablet:flex;--_ga-mw-tablet:calc(100% - 0 - 0);--_ga-m-mobile:0 0 0 0;--_ga-p-mobile:0 0 0 0;--_ga-bg-mobile:transparent none;--_ga-zi-mobile:auto;--_ga-d-mobile:flex;--_ga-mw-mobile:calc(100% - 0 - 0)\">\n\n<figure class=\"wp-block-image size-large\"><img style=\"background-color: #cdcbd1;\" decoding=\"async\" width=\"724\" height=\"1024\" src=\"https:\/\/www.villaggiosanfrancesco.com\/wp-content\/uploads\/2022\/07\/Ferracolors_Villaggio_San_Francesco_Caorle-724x1024.jpg\" alt=\"Ferracolors_Villaggio_San_Francesco_Caorle\" class=\"wp-image-3862\" srcset=\"https:\/\/www.villaggiosanfrancesco.com\/wp-content\/uploads\/2022\/07\/Ferracolors_Villaggio_San_Francesco_Caorle-724x1024.jpg 724w, https:\/\/www.villaggiosanfrancesco.com\/wp-content\/uploads\/2022\/07\/Ferracolors_Villaggio_San_Francesco_Caorle-212x300.jpg 212w, https:\/\/www.villaggiosanfrancesco.com\/wp-content\/uploads\/2022\/07\/Ferracolors_Villaggio_San_Francesco_Caorle-768x1086.jpg 768w, https:\/\/www.villaggiosanfrancesco.com\/wp-content\/uploads\/2022\/07\/Ferracolors_Villaggio_San_Francesco_Caorle.jpg 905w\" sizes=\"(max-width: 724px) 100vw, 724px\" \/><\/figure>\n\n<\/div>\n<\/div><\/div>","protected":false},"excerpt":{"rendered":"","protected":false},"author":1,"featured_media":21642,"comment_status":"closed","ping_status":"closed","sticky":false,"template":"","format":"standard","meta":{"_acf_changed":false,"advgb_blocks_editor_width":"","advgb_blocks_columns_visual_guide":"","footnotes":""},"categories":[85],"tags":[],"class_list":["post-21641","post","type-post","status-publish","format-standard","has-post-thumbnail","hentry","category-wydarzenia","entry"],"acf":[],"yoast_head":"<!-- This site is optimized with the Yoast SEO plugin v26.0 - https:\/\/yoast.com\/wordpress\/plugins\/seo\/ -->\n<title>Ju\u017c wkr\u00f3tce: Ferracolors! - Villaggio San Francesco<\/title>\n<meta name=\"robots\" content=\"index, follow, max-snippet:-1, max-image-preview:large, max-video-preview:-1\" \/>\n<link rel=\"canonical\" href=\"https:\/\/www.villaggiosanfrancesco.com\/pl\/news\/wydarzenia\/juz-wkrotce-ferracolors\/\" \/>\n<meta property=\"og:locale\" content=\"pl_PL\" \/>\n<meta property=\"og:type\" content=\"article\" \/>\n<meta property=\"og:title\" content=\"Ju\u017c wkr\u00f3tce: Ferracolors! - Villaggio San Francesco\" \/>\n<meta property=\"og:url\" content=\"https:\/\/www.villaggiosanfrancesco.com\/pl\/news\/wydarzenia\/juz-wkrotce-ferracolors\/\" \/>\n<meta property=\"og:site_name\" content=\"Villaggio San Francesco\" \/>\n<meta property=\"article:publisher\" content=\"https:\/\/www.facebook.com\/VillaggioSanFrancesco\/\" \/>\n<meta property=\"article:published_time\" content=\"2024-01-25T09:54:01+00:00\" \/>\n<meta property=\"article:modified_time\" content=\"2024-02-18T17:34:57+00:00\" \/>\n<meta property=\"og:image\" content=\"https:\/\/www.villaggiosanfrancesco.com\/wp-content\/uploads\/2022\/07\/Ferracolors_al_Villaggio_San_Francesco_Caorle.jpg\" \/>\n\t<meta property=\"og:image:width\" content=\"1900\" \/>\n\t<meta property=\"og:image:height\" content=\"550\" \/>\n\t<meta property=\"og:image:type\" content=\"image\/jpeg\" \/>\n<meta name=\"author\" content=\"admin\" \/>\n<meta name=\"twitter:card\" content=\"summary_large_image\" \/>\n<meta name=\"twitter:label1\" content=\"Napisane przez\" \/>\n\t<meta name=\"twitter:data1\" content=\"admin\" \/>\n<script type=\"application\/ld+json\" class=\"yoast-schema-graph\">{\"@context\":\"https:\/\/schema.org\",\"@graph\":[{\"@type\":\"Article\",\"@id\":\"https:\/\/www.villaggiosanfrancesco.com\/pl\/news\/wydarzenia\/juz-wkrotce-ferracolors\/#article\",\"isPartOf\":{\"@id\":\"https:\/\/www.villaggiosanfrancesco.com\/pl\/news\/wydarzenia\/juz-wkrotce-ferracolors\/\"},\"author\":{\"name\":\"admin\",\"@id\":\"https:\/\/www.villaggiosanfrancesco.com\/pl\/#\/schema\/person\/843a17529217e331813a8c3ca5e32d59\"},\"headline\":\"Ju\u017c wkr\u00f3tce: Ferracolors!\",\"datePublished\":\"2024-01-25T09:54:01+00:00\",\"dateModified\":\"2024-02-18T17:34:57+00:00\",\"mainEntityOfPage\":{\"@id\":\"https:\/\/www.villaggiosanfrancesco.com\/pl\/news\/wydarzenia\/juz-wkrotce-ferracolors\/\"},\"wordCount\":63,\"publisher\":{\"@id\":\"https:\/\/www.villaggiosanfrancesco.com\/pl\/#organization\"},\"image\":{\"@id\":\"https:\/\/www.villaggiosanfrancesco.com\/pl\/news\/wydarzenia\/juz-wkrotce-ferracolors\/#primaryimage\"},\"thumbnailUrl\":\"https:\/\/www.villaggiosanfrancesco.com\/wp-content\/uploads\/2022\/07\/Ferracolors_al_Villaggio_San_Francesco_Caorle.jpg\",\"articleSection\":[\"Wydarzenia\"],\"inLanguage\":\"pl-PL\"},{\"@type\":\"WebPage\",\"@id\":\"https:\/\/www.villaggiosanfrancesco.com\/pl\/news\/wydarzenia\/juz-wkrotce-ferracolors\/\",\"url\":\"https:\/\/www.villaggiosanfrancesco.com\/pl\/news\/wydarzenia\/juz-wkrotce-ferracolors\/\",\"name\":\"Ju\u017c wkr\u00f3tce: Ferracolors! - Villaggio San Francesco\",\"isPartOf\":{\"@id\":\"https:\/\/www.villaggiosanfrancesco.com\/pl\/#website\"},\"primaryImageOfPage\":{\"@id\":\"https:\/\/www.villaggiosanfrancesco.com\/pl\/news\/wydarzenia\/juz-wkrotce-ferracolors\/#primaryimage\"},\"image\":{\"@id\":\"https:\/\/www.villaggiosanfrancesco.com\/pl\/news\/wydarzenia\/juz-wkrotce-ferracolors\/#primaryimage\"},\"thumbnailUrl\":\"https:\/\/www.villaggiosanfrancesco.com\/wp-content\/uploads\/2022\/07\/Ferracolors_al_Villaggio_San_Francesco_Caorle.jpg\",\"datePublished\":\"2024-01-25T09:54:01+00:00\",\"dateModified\":\"2024-02-18T17:34:57+00:00\",\"breadcrumb\":{\"@id\":\"https:\/\/www.villaggiosanfrancesco.com\/pl\/news\/wydarzenia\/juz-wkrotce-ferracolors\/#breadcrumb\"},\"inLanguage\":\"pl-PL\",\"potentialAction\":[{\"@type\":\"ReadAction\",\"target\":[\"https:\/\/www.villaggiosanfrancesco.com\/pl\/news\/wydarzenia\/juz-wkrotce-ferracolors\/\"]}]},{\"@type\":\"ImageObject\",\"inLanguage\":\"pl-PL\",\"@id\":\"https:\/\/www.villaggiosanfrancesco.com\/pl\/news\/wydarzenia\/juz-wkrotce-ferracolors\/#primaryimage\",\"url\":\"https:\/\/www.villaggiosanfrancesco.com\/wp-content\/uploads\/2022\/07\/Ferracolors_al_Villaggio_San_Francesco_Caorle.jpg\",\"contentUrl\":\"https:\/\/www.villaggiosanfrancesco.com\/wp-content\/uploads\/2022\/07\/Ferracolors_al_Villaggio_San_Francesco_Caorle.jpg\",\"width\":1900,\"height\":550},{\"@type\":\"BreadcrumbList\",\"@id\":\"https:\/\/www.villaggiosanfrancesco.com\/pl\/news\/wydarzenia\/juz-wkrotce-ferracolors\/#breadcrumb\",\"itemListElement\":[{\"@type\":\"ListItem\",\"position\":1,\"name\":\"Home\",\"item\":\"https:\/\/www.villaggiosanfrancesco.com\/pl\/\"},{\"@type\":\"ListItem\",\"position\":2,\"name\":\"Wydarzenia\",\"item\":\"https:\/\/www.villaggiosanfrancesco.com\/pl\/news\/category\/wydarzenia\/\"},{\"@type\":\"ListItem\",\"position\":3,\"name\":\"Ju\u017c wkr\u00f3tce: Ferracolors!\"}]},{\"@type\":\"WebSite\",\"@id\":\"https:\/\/www.villaggiosanfrancesco.com\/pl\/#website\",\"url\":\"https:\/\/www.villaggiosanfrancesco.com\/pl\/\",\"name\":\"Villaggio San Francesco\",\"description\":\"Caorle, VENEZIA\",\"publisher\":{\"@id\":\"https:\/\/www.villaggiosanfrancesco.com\/pl\/#organization\"},\"potentialAction\":[{\"@type\":\"SearchAction\",\"target\":{\"@type\":\"EntryPoint\",\"urlTemplate\":\"https:\/\/www.villaggiosanfrancesco.com\/pl\/?s={search_term_string}\"},\"query-input\":{\"@type\":\"PropertyValueSpecification\",\"valueRequired\":true,\"valueName\":\"search_term_string\"}}],\"inLanguage\":\"pl-PL\"},{\"@type\":\"Organization\",\"@id\":\"https:\/\/www.villaggiosanfrancesco.com\/pl\/#organization\",\"name\":\"Villaggio San Francesco\",\"url\":\"https:\/\/www.villaggiosanfrancesco.com\/pl\/\",\"logo\":{\"@type\":\"ImageObject\",\"inLanguage\":\"pl-PL\",\"@id\":\"https:\/\/www.villaggiosanfrancesco.com\/pl\/#\/schema\/logo\/image\/\",\"url\":\"https:\/\/www.villaggiosanfrancesco.com\/wp-content\/uploads\/2023\/03\/Logo-Villaggio-San-Francesco-Caorle-1.png\",\"contentUrl\":\"https:\/\/www.villaggiosanfrancesco.com\/wp-content\/uploads\/2023\/03\/Logo-Villaggio-San-Francesco-Caorle-1.png\",\"width\":1206,\"height\":356,\"caption\":\"Villaggio San Francesco\"},\"image\":{\"@id\":\"https:\/\/www.villaggiosanfrancesco.com\/pl\/#\/schema\/logo\/image\/\"},\"sameAs\":[\"https:\/\/www.facebook.com\/VillaggioSanFrancesco\/\",\"https:\/\/www.instagram.com\/villaggiosanfrancesco\/\",\"https:\/\/www.youtube.com\/channel\/UClXJoJulrb1UANfZodeHn-g\",\"https:\/\/www.tiktok.com\/@sanfrancescoresort\"]},{\"@type\":\"Person\",\"@id\":\"https:\/\/www.villaggiosanfrancesco.com\/pl\/#\/schema\/person\/843a17529217e331813a8c3ca5e32d59\",\"name\":\"admin\"}]}<\/script>\n<!-- \/ Yoast SEO plugin. -->","yoast_head_json":{"title":"Ju\u017c wkr\u00f3tce: Ferracolors! - Villaggio San Francesco","robots":{"index":"index","follow":"follow","max-snippet":"max-snippet:-1","max-image-preview":"max-image-preview:large","max-video-preview":"max-video-preview:-1"},"canonical":"https:\/\/www.villaggiosanfrancesco.com\/pl\/news\/wydarzenia\/juz-wkrotce-ferracolors\/","og_locale":"pl_PL","og_type":"article","og_title":"Ju\u017c wkr\u00f3tce: Ferracolors! - Villaggio San Francesco","og_url":"https:\/\/www.villaggiosanfrancesco.com\/pl\/news\/wydarzenia\/juz-wkrotce-ferracolors\/","og_site_name":"Villaggio San Francesco","article_publisher":"https:\/\/www.facebook.com\/VillaggioSanFrancesco\/","article_published_time":"2024-01-25T09:54:01+00:00","article_modified_time":"2024-02-18T17:34:57+00:00","og_image":[{"width":1900,"height":550,"url":"https:\/\/www.villaggiosanfrancesco.com\/wp-content\/uploads\/2022\/07\/Ferracolors_al_Villaggio_San_Francesco_Caorle.jpg","type":"image\/jpeg"}],"author":"admin","twitter_card":"summary_large_image","twitter_misc":{"Napisane przez":"admin"},"schema":{"@context":"https:\/\/schema.org","@graph":[{"@type":"Article","@id":"https:\/\/www.villaggiosanfrancesco.com\/pl\/news\/wydarzenia\/juz-wkrotce-ferracolors\/#article","isPartOf":{"@id":"https:\/\/www.villaggiosanfrancesco.com\/pl\/news\/wydarzenia\/juz-wkrotce-ferracolors\/"},"author":{"name":"admin","@id":"https:\/\/www.villaggiosanfrancesco.com\/pl\/#\/schema\/person\/843a17529217e331813a8c3ca5e32d59"},"headline":"Ju\u017c wkr\u00f3tce: Ferracolors!","datePublished":"2024-01-25T09:54:01+00:00","dateModified":"2024-02-18T17:34:57+00:00","mainEntityOfPage":{"@id":"https:\/\/www.villaggiosanfrancesco.com\/pl\/news\/wydarzenia\/juz-wkrotce-ferracolors\/"},"wordCount":63,"publisher":{"@id":"https:\/\/www.villaggiosanfrancesco.com\/pl\/#organization"},"image":{"@id":"https:\/\/www.villaggiosanfrancesco.com\/pl\/news\/wydarzenia\/juz-wkrotce-ferracolors\/#primaryimage"},"thumbnailUrl":"https:\/\/www.villaggiosanfrancesco.com\/wp-content\/uploads\/2022\/07\/Ferracolors_al_Villaggio_San_Francesco_Caorle.jpg","articleSection":["Wydarzenia"],"inLanguage":"pl-PL"},{"@type":"WebPage","@id":"https:\/\/www.villaggiosanfrancesco.com\/pl\/news\/wydarzenia\/juz-wkrotce-ferracolors\/","url":"https:\/\/www.villaggiosanfrancesco.com\/pl\/news\/wydarzenia\/juz-wkrotce-ferracolors\/","name":"Ju\u017c wkr\u00f3tce: Ferracolors! - Villaggio San Francesco","isPartOf":{"@id":"https:\/\/www.villaggiosanfrancesco.com\/pl\/#website"},"primaryImageOfPage":{"@id":"https:\/\/www.villaggiosanfrancesco.com\/pl\/news\/wydarzenia\/juz-wkrotce-ferracolors\/#primaryimage"},"image":{"@id":"https:\/\/www.villaggiosanfrancesco.com\/pl\/news\/wydarzenia\/juz-wkrotce-ferracolors\/#primaryimage"},"thumbnailUrl":"https:\/\/www.villaggiosanfrancesco.com\/wp-content\/uploads\/2022\/07\/Ferracolors_al_Villaggio_San_Francesco_Caorle.jpg","datePublished":"2024-01-25T09:54:01+00:00","dateModified":"2024-02-18T17:34:57+00:00","breadcrumb":{"@id":"https:\/\/www.villaggiosanfrancesco.com\/pl\/news\/wydarzenia\/juz-wkrotce-ferracolors\/#breadcrumb"},"inLanguage":"pl-PL","potentialAction":[{"@type":"ReadAction","target":["https:\/\/www.villaggiosanfrancesco.com\/pl\/news\/wydarzenia\/juz-wkrotce-ferracolors\/"]}]},{"@type":"ImageObject","inLanguage":"pl-PL","@id":"https:\/\/www.villaggiosanfrancesco.com\/pl\/news\/wydarzenia\/juz-wkrotce-ferracolors\/#primaryimage","url":"https:\/\/www.villaggiosanfrancesco.com\/wp-content\/uploads\/2022\/07\/Ferracolors_al_Villaggio_San_Francesco_Caorle.jpg","contentUrl":"https:\/\/www.villaggiosanfrancesco.com\/wp-content\/uploads\/2022\/07\/Ferracolors_al_Villaggio_San_Francesco_Caorle.jpg","width":1900,"height":550},{"@type":"BreadcrumbList","@id":"https:\/\/www.villaggiosanfrancesco.com\/pl\/news\/wydarzenia\/juz-wkrotce-ferracolors\/#breadcrumb","itemListElement":[{"@type":"ListItem","position":1,"name":"Home","item":"https:\/\/www.villaggiosanfrancesco.com\/pl\/"},{"@type":"ListItem","position":2,"name":"Wydarzenia","item":"https:\/\/www.villaggiosanfrancesco.com\/pl\/news\/category\/wydarzenia\/"},{"@type":"ListItem","position":3,"name":"Ju\u017c wkr\u00f3tce: Ferracolors!"}]},{"@type":"WebSite","@id":"https:\/\/www.villaggiosanfrancesco.com\/pl\/#website","url":"https:\/\/www.villaggiosanfrancesco.com\/pl\/","name":"Villaggio San Francesco","description":"Caorle, VENEZIA","publisher":{"@id":"https:\/\/www.villaggiosanfrancesco.com\/pl\/#organization"},"potentialAction":[{"@type":"SearchAction","target":{"@type":"EntryPoint","urlTemplate":"https:\/\/www.villaggiosanfrancesco.com\/pl\/?s={search_term_string}"},"query-input":{"@type":"PropertyValueSpecification","valueRequired":true,"valueName":"search_term_string"}}],"inLanguage":"pl-PL"},{"@type":"Organization","@id":"https:\/\/www.villaggiosanfrancesco.com\/pl\/#organization","name":"Villaggio San Francesco","url":"https:\/\/www.villaggiosanfrancesco.com\/pl\/","logo":{"@type":"ImageObject","inLanguage":"pl-PL","@id":"https:\/\/www.villaggiosanfrancesco.com\/pl\/#\/schema\/logo\/image\/","url":"https:\/\/www.villaggiosanfrancesco.com\/wp-content\/uploads\/2023\/03\/Logo-Villaggio-San-Francesco-Caorle-1.png","contentUrl":"https:\/\/www.villaggiosanfrancesco.com\/wp-content\/uploads\/2023\/03\/Logo-Villaggio-San-Francesco-Caorle-1.png","width":1206,"height":356,"caption":"Villaggio San Francesco"},"image":{"@id":"https:\/\/www.villaggiosanfrancesco.com\/pl\/#\/schema\/logo\/image\/"},"sameAs":["https:\/\/www.facebook.com\/VillaggioSanFrancesco\/","https:\/\/www.instagram.com\/villaggiosanfrancesco\/","https:\/\/www.youtube.com\/channel\/UClXJoJulrb1UANfZodeHn-g","https:\/\/www.tiktok.com\/@sanfrancescoresort"]},{"@type":"Person","@id":"https:\/\/www.villaggiosanfrancesco.com\/pl\/#\/schema\/person\/843a17529217e331813a8c3ca5e32d59","name":"admin"}]}},"author_meta":{"display_name":"admin","author_link":"https:\/\/www.villaggiosanfrancesco.com\/pl\/news\/author\/admin\/"},"featured_img":"https:\/\/www.villaggiosanfrancesco.com\/wp-content\/uploads\/2022\/07\/Ferracolors_al_Villaggio_San_Francesco_Caorle-300x87.jpg","coauthors":[],"tax_additional":{"categories":{"linked":["<a href=\"https:\/\/www.villaggiosanfrancesco.com\/pl\/news\/category\/wydarzenia\/\" class=\"advgb-post-tax-term\">Wydarzenia<\/a>"],"unlinked":["<span class=\"advgb-post-tax-term\">Wydarzenia<\/span>"]}},"comment_count":"0","relative_dates":{"created":"Posted 2 lata ago","modified":"Updated 2 lata ago"},"absolute_dates":{"created":"Posted on 25 stycznia, 2024","modified":"Updated on 18 lutego, 2024"},"absolute_dates_time":{"created":"Posted on 25 stycznia, 2024 10:54 am","modified":"Updated on 18 lutego, 2024 6:34 pm"},"featured_img_caption":"","series_order":"","_links":{"self":[{"href":"https:\/\/www.villaggiosanfrancesco.com\/pl\/wp-json\/wp\/v2\/posts\/21641","targetHints":{"allow":["GET"]}}],"collection":[{"href":"https:\/\/www.villaggiosanfrancesco.com\/pl\/wp-json\/wp\/v2\/posts"}],"about":[{"href":"https:\/\/www.villaggiosanfrancesco.com\/pl\/wp-json\/wp\/v2\/types\/post"}],"author":[{"embeddable":true,"href":"https:\/\/www.villaggiosanfrancesco.com\/pl\/wp-json\/wp\/v2\/users\/1"}],"replies":[{"embeddable":true,"href":"https:\/\/www.villaggiosanfrancesco.com\/pl\/wp-json\/wp\/v2\/comments?post=21641"}],"version-history":[{"count":0,"href":"https:\/\/www.villaggiosanfrancesco.com\/pl\/wp-json\/wp\/v2\/posts\/21641\/revisions"}],"wp:featuredmedia":[{"embeddable":true,"href":"https:\/\/www.villaggiosanfrancesco.com\/pl\/wp-json\/wp\/v2\/media\/21642"}],"wp:attachment":[{"href":"https:\/\/www.villaggiosanfrancesco.com\/pl\/wp-json\/wp\/v2\/media?parent=21641"}],"wp:term":[{"taxonomy":"category","embeddable":true,"href":"https:\/\/www.villaggiosanfrancesco.com\/pl\/wp-json\/wp\/v2\/categories?post=21641"},{"taxonomy":"post_tag","embeddable":true,"href":"https:\/\/www.villaggiosanfrancesco.com\/pl\/wp-json\/wp\/v2\/tags?post=21641"}],"curies":[{"name":"wp","href":"https:\/\/api.w.org\/{rel}","templated":true}]}}