{"id":21550,"date":"2024-01-25T10:53:44","date_gmt":"2024-01-25T09:53:44","guid":{"rendered":"https:\/\/www.villaggiosanfrancesco.com\/news\/bez-kategorii\/festiwal-wiosny-i-sportu\/"},"modified":"2024-02-22T16:28:43","modified_gmt":"2024-02-22T15:28:43","slug":"festiwal-wiosny-i-sportu","status":"publish","type":"post","link":"https:\/\/www.villaggiosanfrancesco.com\/pl\/news\/wydarzenia\/festiwal-wiosny-i-sportu\/","title":{"rendered":"Festiwal Wiosny i Sportu"},"content":{"rendered":"<div  class=\"grids-section grids-is-advanced alignfull\" style=\"--_gs-gap-desktop:0px 0px;--_gs-m-desktop:0 0 0 0;--_gs-p-desktop:0 0 0 0;--_gs-bg-desktop:transparent none;--_gs-bg-xp-desktop:0px;--_gs-zi-desktop:auto;--_gs-d-desktop:block;--_gs-mw-desktop:calc(100% - 0 - 0);--_gs-gap-tablet:0px 0px;--_gs-m-tablet:0 0 0 0;--_gs-p-tablet:0 0 0 0;--_gs-bg-tablet:transparent none;--_gs-bg-xp-tablet:0px;--_gs-zi-tablet:auto;--_gs-d-tablet:block;--_gs-mw-tablet:calc(100% - 0 - 0);--_gs-gap-mobile:0px 0px;--_gs-m-mobile:0 0 0 0;--_gs-p-mobile:0 0 0 0;--_gs-bg-mobile:transparent none;--_gs-bg-xp-mobile:0px;--_gs-zi-mobile:auto;--_gs-d-mobile:block;--_gs-mw-mobile:calc(100% - 0 - 0);--_gs-columns:12;--_gs-rows:6\"><div class=\"grids-s-w_i\">\n<div class=\"grids-area\" style=\"--_ga-column:3\/11;--_ga-row:1\/2;--_ga-m-desktop:0 0 0 0;--_ga-p-desktop:0 0 0 0;--_ga-bg-desktop:transparent none;--_ga-zi-desktop:auto;--_ga-d-desktop:flex;--_ga-mw-desktop:calc(100% - 0 - 0);--_ga-m-tablet:0 0 0 0;--_ga-p-tablet:0 0 0 0;--_ga-bg-tablet:transparent none;--_ga-zi-tablet:auto;--_ga-d-tablet:flex;--_ga-mw-tablet:calc(100% - 0 - 0);--_ga-m-mobile:0 0 0 0;--_ga-p-mobile:0 25px 0 25px;--_ga-bg-mobile:transparent none;--_ga-zi-mobile:auto;--_ga-d-mobile:flex;--_ga-mw-mobile:calc(100% - 0 - 0)\">\n\n<p class=\"has-text-align-center\">Z niecierpliwo\u015bci\u0105 czekamy na pierwsze wydarzenie sezonu 2023<\/p>\n\n\n\n<h2 class=\"wp-block-heading has-text-align-center advgb-dyn-efa9b201\">29, 30 kwietnia i 1 maja w San Francesco Village<\/h2>\n\n\n\n<p class=\"has-text-align-center\">\u0141ucznictwo, turnieje pi\u0142ki no\u017cnej, siatk\u00f3wka pla\u017cowa: odkryj program!<\/p>\n\n<\/div>\n<\/div><\/div><div  class=\"grids-section grids-is-advanced alignfull\" style=\"--_gs-gap-desktop:0px 0px;--_gs-m-desktop:0 0 0 0;--_gs-p-desktop:0 0 0 0;--_gs-bg-desktop:transparent none;--_gs-bg-xp-desktop:0px;--_gs-zi-desktop:auto;--_gs-d-desktop:block;--_gs-mw-desktop:calc(100% - 0 - 0);--_gs-gap-tablet:0px 0px;--_gs-m-tablet:0 0 0 0;--_gs-p-tablet:0 0 0 0;--_gs-bg-tablet:transparent none;--_gs-bg-xp-tablet:0px;--_gs-zi-tablet:auto;--_gs-d-tablet:block;--_gs-mw-tablet:calc(100% - 0 - 0);--_gs-gap-mobile:0px 0px;--_gs-m-mobile:0 0 0 0;--_gs-p-mobile:0 0 0 0;--_gs-bg-mobile:transparent none;--_gs-bg-xp-mobile:0px;--_gs-zi-mobile:auto;--_gs-d-mobile:block;--_gs-mw-mobile:calc(100% - 0 - 0);--_gs-columns:12;--_gs-rows:6\"><div class=\"grids-s-w_i\">\n<div class=\"grids-area\" style=\"--_ga-column:3\/11;--_ga-row:1\/3;--_ga-m-desktop:0 0 0 0;--_ga-p-desktop:0 20px 0 20px;--_ga-bg-desktop:transparent none;--_ga-zi-desktop:auto;--_ga-d-desktop:flex;--_ga-mw-desktop:calc(100% - 0 - 0);--_ga-m-tablet:0 0 0 0;--_ga-p-tablet:0 20px 0 20px;--_ga-bg-tablet:transparent none;--_ga-zi-tablet:auto;--_ga-d-tablet:flex;--_ga-mw-tablet:calc(100% - 0 - 0);--_ga-m-mobile:0 0 0 0;--_ga-p-mobile:0 20px 0 20px;--_ga-bg-mobile:transparent none;--_ga-zi-mobile:auto;--_ga-d-mobile:flex;--_ga-mw-mobile:calc(100% - 0 - 0)\">\n\n<div class=\"wp-block-buttons alignwide is-horizontal is-content-justification-center is-nowrap is-layout-flex wp-container-core-buttons-is-layout-f937b32f wp-block-buttons-is-layout-flex\">\n<div class=\"wp-block-button is-style-outline is-style-outline--2 advgb-dyn-53d82ac1\"><a class=\"wp-block-button__link has-text-color wp-element-button\" href=\"#program\" style=\"color:#00a8bb\">PROGRAM<\/a><\/div>\n\n\n\n<div class=\"wp-block-button is-style-outline is-style-outline--3 advgb-dyn-16e25c11\"><a class=\"wp-block-button__link has-text-color wp-element-button\" href=\"#ceny\" style=\"color:#00a8bb\">CENY<\/a><\/div>\n<\/div>\n\n<\/div>\n<\/div><\/div><div  id=\"programma\" class=\"grids-section grids-is-advanced\" style=\"--_gs-gap-desktop:0px 0px;--_gs-m-desktop:0 0 0 0;--_gs-p-desktop:0 0 0 0;--_gs-bg-desktop:transparent none;--_gs-bg-xp-desktop:0px;--_gs-zi-desktop:auto;--_gs-d-desktop:block;--_gs-mw-desktop:calc(100% - 0 - 0);--_gs-gap-tablet:0px 0px;--_gs-m-tablet:0 0 0 0;--_gs-p-tablet:0 0 0 0;--_gs-bg-tablet:transparent none;--_gs-bg-xp-tablet:0px;--_gs-zi-tablet:auto;--_gs-d-tablet:block;--_gs-mw-tablet:calc(100% - 0 - 0);--_gs-gap-mobile:0px 0px;--_gs-m-mobile:0 0 0 0;--_gs-p-mobile:0 0 0 0;--_gs-bg-mobile:transparent none;--_gs-bg-xp-mobile:0px;--_gs-zi-mobile:auto;--_gs-d-mobile:block;--_gs-mw-mobile:calc(100% - 0 - 0);--_gs-columns:12;--_gs-rows:6\"><div class=\"grids-s-w_i\">\n<div class=\"grids-area\" style=\"--_ga-column:6\/8;--_ga-row:1\/2;--_ga-m-desktop:0 0 0 0;--_ga-p-desktop:0 0 0 0;--_ga-bg-desktop:transparent none;--_ga-zi-desktop:auto;--_ga-d-desktop:flex;--_ga-mw-desktop:calc(100% - 0 - 0);--_ga-m-tablet:0 0 0 0;--_ga-p-tablet:0 0 0 0;--_ga-bg-tablet:transparent none;--_ga-zi-tablet:auto;--_ga-d-tablet:flex;--_ga-mw-tablet:calc(100% - 0 - 0);--_ga-m-mobile:0 0 0 0;--_ga-p-mobile:0 0 0 0;--_ga-bg-mobile:transparent none;--_ga-zi-mobile:auto;--_ga-d-mobile:flex;--_ga-mw-mobile:calc(100% - 0 - 0)\">\n\n<figure class=\"wp-block-image size-full is-resized\"><img decoding=\"async\" src=\"https:\/\/www.villaggiosanfrancesco.com\/wp-content\/uploads\/2023\/03\/calendar.png\" alt=\"\" class=\"wp-image-14608\" width=\"128\" height=\"128\" srcset=\"https:\/\/www.villaggiosanfrancesco.com\/wp-content\/uploads\/2023\/03\/calendar.png 512w, https:\/\/www.villaggiosanfrancesco.com\/wp-content\/uploads\/2023\/03\/calendar-300x300.png 300w, https:\/\/www.villaggiosanfrancesco.com\/wp-content\/uploads\/2023\/03\/calendar-150x150.png 150w\" sizes=\"(max-width: 128px) 100vw, 128px\" \/><\/figure>\n\n<\/div>\n\n<div class=\"grids-area\" style=\"--_ga-column:2\/12;--_ga-row:2\/3;--_ga-m-desktop:0 0 0 0;--_ga-p-desktop:0 0 0 0;--_ga-bg-desktop:transparent none;--_ga-zi-desktop:auto;--_ga-d-desktop:flex;--_ga-mw-desktop:calc(100% - 0 - 0);--_ga-m-tablet:0 0 0 0;--_ga-p-tablet:0 0 0 0;--_ga-bg-tablet:transparent none;--_ga-zi-tablet:auto;--_ga-d-tablet:flex;--_ga-mw-tablet:calc(100% - 0 - 0);--_ga-m-mobile:0 0 0 0;--_ga-p-mobile:0 0 0 0;--_ga-bg-mobile:transparent none;--_ga-zi-mobile:auto;--_ga-d-mobile:flex;--_ga-mw-mobile:calc(100% - 0 - 0)\">\n\n<h2 class=\"wp-block-heading has-text-align-center advgb-dyn-682979c7\">Sobota, 29 kwietnia<\/h2>\n\n<\/div>\n\n<div class=\"grids-area\" style=\"--_ga-column:2\/7;--_ga-row:3\/6;--_ga-m-desktop:0 15px 0 0;--_ga-p-desktop:0 0 0 0;--_ga-bg-desktop:transparent none;--_ga-zi-desktop:auto;--_ga-d-desktop:flex;--_ga-mw-desktop:calc(100% - 0 - 15px);--_ga-m-tablet:0 15px 0 0;--_ga-p-tablet:0 0 0 0;--_ga-bg-tablet:transparent none;--_ga-zi-tablet:auto;--_ga-d-tablet:flex;--_ga-mw-tablet:calc(100% - 0 - 15px);--_ga-m-mobile:0 0px 0 0;--_ga-p-mobile:0 25px 0 25px;--_ga-bg-mobile:transparent none;--_ga-zi-mobile:auto;--_ga-d-mobile:flex;--_ga-mw-mobile:calc(100% - 0 - 0px)\">\n\n<h3 class=\"wp-block-heading advgb-dyn-d384fdd2\">Doro\u015bli<\/h3>\n\n\n\n<h4 class=\"wp-block-heading advgb-dyn-f29d97cf\">Poranek<\/h4>\n\n\n\n<ul class=\"wp-block-list\">\n<li><strong>Lekcja \u0142ucznictwa o godz. 11.30 na<\/strong>stronie <strong><br\/> prowadzona przez instruktora.<\/strong> Go\u015bcie ucz\u0105 si\u0119 podstaw \u0142ucznictwa i rywalizuj\u0105 ze sob\u0105 w fina\u0142owych zawodach.<\/li>\n<\/ul>\n\n\n\n<h4 class=\"wp-block-heading advgb-dyn-19d067de\">Popo\u0142udnie<\/h4>\n\n\n\n<ul class=\"wp-block-list\">\n<li><strong>Turniej pi\u0142ki no\u017cnej o 16:00<\/strong><br\/>podzieleni na zespo\u0142y sk\u0142adaj\u0105ce si\u0119 z 4-5 os\u00f3b. Dru\u017cyny rywalizuj\u0105 ze sob\u0105 w turnieju round-robin, z fina\u0142em o 21:00.<\/li>\n\n\n\n<li><strong>Wydarzenie kalisteniczne o godzinie 18:00<\/strong><br\/>na boiska do koszyk\u00f3wki.<\/li>\n<\/ul>\n\n<\/div>\n\n<div class=\"grids-area\" style=\"--_ga-column:7\/12;--_ga-row:3\/6;--_ga-m-desktop:0 0 0 15px;--_ga-p-desktop:0 0 0 0;--_ga-bg-desktop:transparent none;--_ga-zi-desktop:auto;--_ga-d-desktop:flex;--_ga-mw-desktop:calc(100% - 15px - 0);--_ga-m-tablet:0 0 0 15px;--_ga-p-tablet:0 0 0 0;--_ga-bg-tablet:transparent none;--_ga-zi-tablet:auto;--_ga-d-tablet:flex;--_ga-mw-tablet:calc(100% - 15px - 0);--_ga-m-mobile:0 0 0 0px;--_ga-p-mobile:0 25px 0 25px;--_ga-bg-mobile:transparent none;--_ga-zi-mobile:auto;--_ga-d-mobile:flex;--_ga-mw-mobile:calc(100% - 0px - 0)\">\n\n<h3 class=\"wp-block-heading advgb-dyn-cdc5d8cc\">Dzieci<\/h3>\n\n\n\n<h4 class=\"wp-block-heading advgb-dyn-f29d97cf\">Poranek<\/h4>\n\n\n\n<ul class=\"wp-block-list\">\n<li><strong>Biz\u00f9 Club 9:30-12:30<\/strong><br\/>Gwarantowana zabawa z naszym zespo\u0142em rozrywkowym!<\/li>\n<\/ul>\n\n\n\n<h4 class=\"wp-block-heading advgb-dyn-19d067de\">Popo\u0142udnie<\/h4>\n\n\n\n<ul class=\"wp-block-list\">\n<li><strong>Biz\u00f9 Club 15:30-18:00<\/strong><br\/>Gwarantowana zabawa z naszym zespo\u0142em rozrywkowym!<\/li>\n\n\n\n<li><strong>Witamy w \u015bwiecie Biz\u00f9 o godzinie 16:00<\/strong><\/li>\n\n\n\n<li><strong>Biz\u00f9 Dance o 20:30<\/strong><\/li>\n<\/ul>\n\n<\/div>\n\n<div class=\"grids-area\" style=\"--_ga-column:2\/12;--_ga-row:6\/7;--_ga-m-desktop:0 0 0 0;--_ga-p-desktop:25px 0 0 0;--_ga-bg-desktop:transparent none;--_ga-zi-desktop:auto;--_ga-d-desktop:flex;--_ga-mw-desktop:calc(100% - 0 - 0);--_ga-m-tablet:0 0 0 0;--_ga-p-tablet:25px 0 0 0;--_ga-bg-tablet:transparent none;--_ga-zi-tablet:auto;--_ga-d-tablet:flex;--_ga-mw-tablet:calc(100% - 0 - 0);--_ga-m-mobile:0 0 0 0;--_ga-p-mobile:0px 25px 0 25px;--_ga-bg-mobile:transparent none;--_ga-zi-mobile:auto;--_ga-d-mobile:flex;--_ga-mw-mobile:calc(100% - 0 - 0)\">\n\n<p class=\"has-text-align-center\">Na zako\u0144czenie dnia zapraszamy do <strong>Bacaro<\/strong> na <strong>Kahoot Quiz<\/strong>!<\/p>\n\n<\/div>\n<\/div><\/div><div  class=\"grids-section grids-is-advanced\" style=\"--_gs-gap-desktop:0px 0px;--_gs-m-desktop:0 0 0 0;--_gs-p-desktop:0 0 0 0;--_gs-bg-desktop:transparent none;--_gs-bg-xp-desktop:0px;--_gs-zi-desktop:auto;--_gs-d-desktop:block;--_gs-mw-desktop:calc(100% - 0 - 0);--_gs-gap-tablet:0px 0px;--_gs-m-tablet:0 0 0 0;--_gs-p-tablet:0 0 0 0;--_gs-bg-tablet:transparent none;--_gs-bg-xp-tablet:0px;--_gs-zi-tablet:auto;--_gs-d-tablet:block;--_gs-mw-tablet:calc(100% - 0 - 0);--_gs-gap-mobile:0px 0px;--_gs-m-mobile:0 0 0 0;--_gs-p-mobile:0 0 0 0;--_gs-bg-mobile:transparent none;--_gs-bg-xp-mobile:0px;--_gs-zi-mobile:auto;--_gs-d-mobile:block;--_gs-mw-mobile:calc(100% - 0 - 0);--_gs-columns:12;--_gs-rows:6\"><div class=\"grids-s-w_i\">\n<div class=\"grids-area\" style=\"--_ga-column:6\/8;--_ga-row:1\/2;--_ga-m-desktop:0 0 0 0;--_ga-p-desktop:0 0 0 0;--_ga-bg-desktop:transparent none;--_ga-zi-desktop:auto;--_ga-d-desktop:flex;--_ga-mw-desktop:calc(100% - 0 - 0);--_ga-m-tablet:0 0 0 0;--_ga-p-tablet:0 0 0 0;--_ga-bg-tablet:transparent none;--_ga-zi-tablet:auto;--_ga-d-tablet:flex;--_ga-mw-tablet:calc(100% - 0 - 0);--_ga-m-mobile:0 0 0 0;--_ga-p-mobile:0 0 0 0;--_ga-bg-mobile:transparent none;--_ga-zi-mobile:auto;--_ga-d-mobile:flex;--_ga-mw-mobile:calc(100% - 0 - 0)\">\n\n<figure class=\"wp-block-image size-full is-resized\"><img decoding=\"async\" src=\"https:\/\/www.villaggiosanfrancesco.com\/wp-content\/uploads\/2023\/03\/calendar.png\" alt=\"\" class=\"wp-image-14608\" width=\"128\" height=\"128\" srcset=\"https:\/\/www.villaggiosanfrancesco.com\/wp-content\/uploads\/2023\/03\/calendar.png 512w, https:\/\/www.villaggiosanfrancesco.com\/wp-content\/uploads\/2023\/03\/calendar-300x300.png 300w, https:\/\/www.villaggiosanfrancesco.com\/wp-content\/uploads\/2023\/03\/calendar-150x150.png 150w\" sizes=\"(max-width: 128px) 100vw, 128px\" \/><\/figure>\n\n<\/div>\n\n<div class=\"grids-area\" style=\"--_ga-column:2\/12;--_ga-row:2\/3;--_ga-m-desktop:0 0 0 0;--_ga-p-desktop:0 0 0 0;--_ga-bg-desktop:transparent none;--_ga-zi-desktop:auto;--_ga-d-desktop:flex;--_ga-mw-desktop:calc(100% - 0 - 0);--_ga-m-tablet:0 0 0 0;--_ga-p-tablet:0 0 0 0;--_ga-bg-tablet:transparent none;--_ga-zi-tablet:auto;--_ga-d-tablet:flex;--_ga-mw-tablet:calc(100% - 0 - 0);--_ga-m-mobile:0 0 0 0;--_ga-p-mobile:0 0 0 0;--_ga-bg-mobile:transparent none;--_ga-zi-mobile:auto;--_ga-d-mobile:flex;--_ga-mw-mobile:calc(100% - 0 - 0)\">\n\n<h2 class=\"wp-block-heading has-text-align-center advgb-dyn-c15d8cc9\">Niedziela, 30 kwietnia<\/h2>\n\n<\/div>\n\n<div class=\"grids-area\" style=\"--_ga-column:2\/7;--_ga-row:3\/6;--_ga-m-desktop:0 15px 0 0;--_ga-p-desktop:0 0 0 0;--_ga-bg-desktop:transparent none;--_ga-zi-desktop:auto;--_ga-d-desktop:flex;--_ga-mw-desktop:calc(100% - 0 - 15px);--_ga-m-tablet:0 15px 0 0;--_ga-p-tablet:0 0 0 0;--_ga-bg-tablet:transparent none;--_ga-zi-tablet:auto;--_ga-d-tablet:flex;--_ga-mw-tablet:calc(100% - 0 - 15px);--_ga-m-mobile:0 0px 0 0;--_ga-p-mobile:0 25px 0 25px;--_ga-bg-mobile:transparent none;--_ga-zi-mobile:auto;--_ga-d-mobile:flex;--_ga-mw-mobile:calc(100% - 0 - 0px)\">\n\n<h3 class=\"wp-block-heading advgb-dyn-d384fdd2\">Doro\u015bli<\/h3>\n\n\n\n<h4 class=\"wp-block-heading advgb-dyn-f29d97cf\">Poranek<\/h4>\n\n\n\n<ul class=\"wp-block-list\">\n<li><strong>Turniej siatk\u00f3wki pla\u017cowej o godz. 11.<\/strong>30 <strong><br\/> w zespo\u0142ach 4-6 osobowych.<\/strong> Dru\u017cyny rywalizuj\u0105 ze sob\u0105 w <strong>turnieju pucharowym<\/strong>, kt\u00f3rego fina\u0142 odb\u0119dzie si\u0119 o godzinie 16:30.<\/li>\n<\/ul>\n\n\n\n<h4 class=\"wp-block-heading advgb-dyn-19d067de\">Popo\u0142udnie<\/h4>\n\n\n\n<ul class=\"wp-block-list\">\n<li><strong>Turniej w bule o 16:30<\/strong><br\/>podzieleni na zespo\u0142y sk\u0142adaj\u0105ce si\u0119 z 2-4 os\u00f3b. Dru\u017cyny rywalizuj\u0105 ze sob\u0105 w turnieju pucharowym, kt\u00f3rego fina\u0142 odb\u0119dzie si\u0119 o godzinie 21:00 .<\/li>\n\n\n\n<li><strong>Wydarzenie funkcjonalne o godzinie 18:00<\/strong><br\/>Spotkanie na boisku do koszyk\u00f3wki!<\/li>\n<\/ul>\n\n<\/div>\n\n<div class=\"grids-area\" style=\"--_ga-column:7\/12;--_ga-row:3\/6;--_ga-m-desktop:0 0 0 15px;--_ga-p-desktop:0 0 0 0;--_ga-bg-desktop:transparent none;--_ga-zi-desktop:auto;--_ga-d-desktop:flex;--_ga-mw-desktop:calc(100% - 15px - 0);--_ga-m-tablet:0 0 0 15px;--_ga-p-tablet:0 0 0 0;--_ga-bg-tablet:transparent none;--_ga-zi-tablet:auto;--_ga-d-tablet:flex;--_ga-mw-tablet:calc(100% - 15px - 0);--_ga-m-mobile:0 0 0 0px;--_ga-p-mobile:0 25px 0 25px;--_ga-bg-mobile:transparent none;--_ga-zi-mobile:auto;--_ga-d-mobile:flex;--_ga-mw-mobile:calc(100% - 0px - 0)\">\n\n<h3 class=\"wp-block-heading advgb-dyn-cdc5d8cc\">Dzieci<\/h3>\n\n\n\n<h4 class=\"wp-block-heading advgb-dyn-f29d97cf\">Poranek<\/h4>\n\n\n\n<ul class=\"wp-block-list\">\n<li><strong>Biz\u00f9 Club 9:30-12:30<\/strong><br\/>Gwarantowana zabawa z naszym zespo\u0142em rozrywkowym!<\/li>\n<\/ul>\n\n\n\n<h4 class=\"wp-block-heading advgb-dyn-19d067de\">Popo\u0142udnie<\/h4>\n\n\n\n<ul class=\"wp-block-list\">\n<li><strong>Biz\u00f9 Club 15:30-18:00<\/strong><br\/>Gwarantowana zabawa z naszym zespo\u0142em rozrywkowym!<\/li>\n\n\n\n<li><strong>Witamy w \u015bwiecie Biz\u00f9 o godzinie 16:00<\/strong><\/li>\n\n\n\n<li><strong>Biz\u00f9 Dance o 20:30<\/strong><\/li>\n<\/ul>\n\n<\/div>\n\n<div class=\"grids-area\" style=\"--_ga-column:2\/12;--_ga-row:6\/7;--_ga-m-desktop:0 0 0 0;--_ga-p-desktop:25px 0 0 0;--_ga-bg-desktop:transparent none;--_ga-zi-desktop:auto;--_ga-d-desktop:flex;--_ga-mw-desktop:calc(100% - 0 - 0);--_ga-m-tablet:0 0 0 0;--_ga-p-tablet:25px 0 0 0;--_ga-bg-tablet:transparent none;--_ga-zi-tablet:auto;--_ga-d-tablet:flex;--_ga-mw-tablet:calc(100% - 0 - 0);--_ga-m-mobile:0 0 0 0;--_ga-p-mobile:0px 25px 0 25px;--_ga-bg-mobile:transparent none;--_ga-zi-mobile:auto;--_ga-d-mobile:flex;--_ga-mw-mobile:calc(100% - 0 - 0)\">\n\n<p class=\"has-text-align-center\">Na zako\u0144czenie dnia czekamy na Was w <strong>Bacaro<\/strong> z <strong>Karaoke Challenge<\/strong>!<\/p>\n\n<\/div>\n<\/div><\/div><div  class=\"grids-section grids-is-advanced\" style=\"--_gs-gap-desktop:0px 0px;--_gs-m-desktop:0 0 0 0;--_gs-p-desktop:0 0 0 0;--_gs-bg-desktop:transparent none;--_gs-bg-xp-desktop:0px;--_gs-zi-desktop:auto;--_gs-d-desktop:block;--_gs-mw-desktop:calc(100% - 0 - 0);--_gs-gap-tablet:0px 0px;--_gs-m-tablet:0 0 0 0;--_gs-p-tablet:0 0 0 0;--_gs-bg-tablet:transparent none;--_gs-bg-xp-tablet:0px;--_gs-zi-tablet:auto;--_gs-d-tablet:block;--_gs-mw-tablet:calc(100% - 0 - 0);--_gs-gap-mobile:0px 0px;--_gs-m-mobile:0 0 0 0;--_gs-p-mobile:0 0 0 0;--_gs-bg-mobile:transparent none;--_gs-bg-xp-mobile:0px;--_gs-zi-mobile:auto;--_gs-d-mobile:block;--_gs-mw-mobile:calc(100% - 0 - 0);--_gs-columns:12;--_gs-rows:6\"><div class=\"grids-s-w_i\">\n<div class=\"grids-area\" style=\"--_ga-column:6\/8;--_ga-row:1\/2;--_ga-m-desktop:0 0 0 0;--_ga-p-desktop:0 0 0 0;--_ga-bg-desktop:transparent none;--_ga-zi-desktop:auto;--_ga-d-desktop:flex;--_ga-mw-desktop:calc(100% - 0 - 0);--_ga-m-tablet:0 0 0 0;--_ga-p-tablet:0 0 0 0;--_ga-bg-tablet:transparent none;--_ga-zi-tablet:auto;--_ga-d-tablet:flex;--_ga-mw-tablet:calc(100% - 0 - 0);--_ga-m-mobile:0 0 0 0;--_ga-p-mobile:0 0 0 0;--_ga-bg-mobile:transparent none;--_ga-zi-mobile:auto;--_ga-d-mobile:flex;--_ga-mw-mobile:calc(100% - 0 - 0)\">\n\n<figure class=\"wp-block-image size-full is-resized\"><img decoding=\"async\" src=\"https:\/\/www.villaggiosanfrancesco.com\/wp-content\/uploads\/2023\/03\/calendar.png\" alt=\"\" class=\"wp-image-14608\" width=\"128\" height=\"128\" srcset=\"https:\/\/www.villaggiosanfrancesco.com\/wp-content\/uploads\/2023\/03\/calendar.png 512w, https:\/\/www.villaggiosanfrancesco.com\/wp-content\/uploads\/2023\/03\/calendar-300x300.png 300w, https:\/\/www.villaggiosanfrancesco.com\/wp-content\/uploads\/2023\/03\/calendar-150x150.png 150w\" sizes=\"(max-width: 128px) 100vw, 128px\" \/><\/figure>\n\n<\/div>\n\n<div class=\"grids-area\" style=\"--_ga-column:2\/12;--_ga-row:2\/3;--_ga-m-desktop:0 0 0 0;--_ga-p-desktop:0 0 0 0;--_ga-bg-desktop:transparent none;--_ga-zi-desktop:auto;--_ga-d-desktop:flex;--_ga-mw-desktop:calc(100% - 0 - 0);--_ga-m-tablet:0 0 0 0;--_ga-p-tablet:0 0 0 0;--_ga-bg-tablet:transparent none;--_ga-zi-tablet:auto;--_ga-d-tablet:flex;--_ga-mw-tablet:calc(100% - 0 - 0);--_ga-m-mobile:0 0 0 0;--_ga-p-mobile:0 0 0 0;--_ga-bg-mobile:transparent none;--_ga-zi-mobile:auto;--_ga-d-mobile:flex;--_ga-mw-mobile:calc(100% - 0 - 0)\">\n\n<h2 class=\"wp-block-heading has-text-align-center advgb-dyn-2c570f10\">Poniedzia\u0142ek, 1 maja<\/h2>\n\n<\/div>\n\n<div class=\"grids-area\" style=\"--_ga-column:2\/7;--_ga-row:3\/6;--_ga-m-desktop:0 15px 0 0;--_ga-p-desktop:0 0 0 0;--_ga-bg-desktop:transparent none;--_ga-zi-desktop:auto;--_ga-d-desktop:flex;--_ga-mw-desktop:calc(100% - 0 - 15px);--_ga-m-tablet:0 15px 0 0;--_ga-p-tablet:0 0 0 0;--_ga-bg-tablet:transparent none;--_ga-zi-tablet:auto;--_ga-d-tablet:flex;--_ga-mw-tablet:calc(100% - 0 - 15px);--_ga-m-mobile:0 0px 0 0;--_ga-p-mobile:0 25px 0 25px;--_ga-bg-mobile:transparent none;--_ga-zi-mobile:auto;--_ga-d-mobile:flex;--_ga-mw-mobile:calc(100% - 0 - 0px)\">\n\n<h3 class=\"wp-block-heading advgb-dyn-d384fdd2\">Doro\u015bli<\/h3>\n\n\n\n<h4 class=\"wp-block-heading advgb-dyn-f29d97cf\">Poranek<\/h4>\n\n\n\n<ul class=\"wp-block-list\">\n<li><strong>Turniej tenisa<br\/><\/strong>w zespo\u0142ach 2-osobowych. Dru\u017cyny rywalizuj\u0105 ze sob\u0105 w <strong>turnieju pucharowym<\/strong>.<\/li>\n<\/ul>\n\n\n\n<h4 class=\"wp-block-heading advgb-dyn-19d067de\">Popo\u0142udnie<\/h4>\n\n\n\n<ul class=\"wp-block-list\">\n<li><strong>Turniej Padla<\/strong><br\/>podzieleni na dwuosobowe zespo\u0142y. Dru\u017cyny rywalizuj\u0105 ze sob\u0105 w turnieju pucharowym, kt\u00f3rego fina\u0142 odb\u0119dzie si\u0119 wieczorem.<\/li>\n\n\n\n<li><strong>Wydarzenie Crossfit o godzinie 18:00<\/strong><br\/>Spotkanie na boisku do koszyk\u00f3wki!<\/li>\n<\/ul>\n\n<\/div>\n\n<div class=\"grids-area\" style=\"--_ga-column:7\/12;--_ga-row:3\/6;--_ga-m-desktop:0 0 0 15px;--_ga-p-desktop:0 0 0 0;--_ga-bg-desktop:transparent none;--_ga-zi-desktop:auto;--_ga-d-desktop:flex;--_ga-mw-desktop:calc(100% - 15px - 0);--_ga-m-tablet:0 0 0 15px;--_ga-p-tablet:0 0 0 0;--_ga-bg-tablet:transparent none;--_ga-zi-tablet:auto;--_ga-d-tablet:flex;--_ga-mw-tablet:calc(100% - 15px - 0);--_ga-m-mobile:0 0 0 0px;--_ga-p-mobile:0 25px 0 25px;--_ga-bg-mobile:transparent none;--_ga-zi-mobile:auto;--_ga-d-mobile:flex;--_ga-mw-mobile:calc(100% - 0px - 0)\">\n\n<h3 class=\"wp-block-heading advgb-dyn-cdc5d8cc\">Dzieci<\/h3>\n\n\n\n<h4 class=\"wp-block-heading advgb-dyn-f29d97cf\">Poranek<\/h4>\n\n\n\n<ul class=\"wp-block-list\">\n<li><strong>Biz\u00f9 Club 9:30-12:30<\/strong><br\/>Gwarantowana zabawa z naszym zespo\u0142em rozrywkowym!<\/li>\n<\/ul>\n\n\n\n<h4 class=\"wp-block-heading advgb-dyn-19d067de\">Popo\u0142udnie<\/h4>\n\n\n\n<ul class=\"wp-block-list\">\n<li><strong>Biz\u00f9 Club 15:30-18:00<\/strong><br\/>Gwarantowana zabawa z naszym zespo\u0142em rozrywkowym!<\/li>\n\n\n\n<li><strong>Turniej mini pi\u0142ki no\u017cnej i mini koszyk\u00f3wki o 16:00<\/strong><\/li>\n\n\n\n<li><strong>Biz\u00f9 Dance o 20:30<\/strong><\/li>\n<\/ul>\n\n<\/div>\n\n<div class=\"grids-area\" style=\"--_ga-column:2\/12;--_ga-row:6\/7;--_ga-m-desktop:0 0 0 0;--_ga-p-desktop:25px 0 0 0;--_ga-bg-desktop:transparent none;--_ga-zi-desktop:auto;--_ga-d-desktop:flex;--_ga-mw-desktop:calc(100% - 0 - 0);--_ga-m-tablet:0 0 0 0;--_ga-p-tablet:25px 0 0 0;--_ga-bg-tablet:transparent none;--_ga-zi-tablet:auto;--_ga-d-tablet:flex;--_ga-mw-tablet:calc(100% - 0 - 0);--_ga-m-mobile:0 0 0 0;--_ga-p-mobile:0px 25px 0 25px;--_ga-bg-mobile:transparent none;--_ga-zi-mobile:auto;--_ga-d-mobile:flex;--_ga-mw-mobile:calc(100% - 0 - 0)\">\n\n<p class=\"has-text-align-center\">Na zako\u0144czenie dnia czekamy na Ciebie w <strong>Bacaro<\/strong> z <strong>Parti\u0105 Robotnicz\u0105<\/strong>!<\/p>\n\n<\/div>\n<\/div><\/div><div  class=\"grids-section punti-list grids-is-advanced alignwide\" style=\"--_gs-gap-desktop:0px 0px;--_gs-m-desktop:0 0 0 0;--_gs-p-desktop:0 0 0 0;--_gs-bg-desktop:#2f6eb5 none;--_gs-bg-xp-desktop:0px;--_gs-zi-desktop:auto;--_gs-d-desktop:block;--_gs-mw-desktop:calc(100% - 0 - 0);--_gs-gap-tablet:0px 0px;--_gs-m-tablet:0 0 0 0;--_gs-p-tablet:0 0 0 0;--_gs-bg-tablet:#2f6eb5 none;--_gs-bg-xp-tablet:0px;--_gs-zi-tablet:auto;--_gs-d-tablet:block;--_gs-mw-tablet:calc(100% - 0 - 0);--_gs-gap-mobile:0px 0px;--_gs-m-mobile:0 0 0 0;--_gs-p-mobile:0 0 0 0;--_gs-bg-mobile:#2f6eb5 none;--_gs-bg-xp-mobile:0px;--_gs-zi-mobile:auto;--_gs-d-mobile:block;--_gs-mw-mobile:calc(100% - 0 - 0);--_gs-columns:12;--_gs-rows:6\"><div class=\"grids-s-w_i\">\n<div class=\"grids-area\" style=\"--_ga-column:2\/12;--_ga-row:1\/3;--_ga-m-desktop:0 0 0 0;--_ga-p-desktop:25px 0 0 0;--_ga-bg-desktop:transparent none;--_ga-zi-desktop:auto;--_ga-d-desktop:flex;--_ga-mw-desktop:calc(100% - 0 - 0);--_ga-m-tablet:0 0 0 0;--_ga-p-tablet:25px 0 0 0;--_ga-bg-tablet:transparent none;--_ga-zi-tablet:auto;--_ga-d-tablet:flex;--_ga-mw-tablet:calc(100% - 0 - 0);--_ga-m-mobile:0 0 0 0;--_ga-p-mobile:15px 25px 0 25px;--_ga-bg-mobile:transparent none;--_ga-zi-mobile:auto;--_ga-d-mobile:flex;--_ga-mw-mobile:calc(100% - 0 - 0)\">\n\n<h2 class=\"wp-block-heading has-text-align-center has-white-color has-text-color advgb-dyn-b1ff4ef8\">Zdobywaj punkty dla swojej dru\u017cyny!<\/h2>\n\n\n\n<ul class=\"wp-block-list\">\n<li>Udzia\u0142 w ka\u017cdej aktywno\u015bci uprawnia do otrzymania punkt\u00f3w<\/li>\n\n\n\n<li>Wyniki ka\u017cdej aktywno\u015bci dodane do siebie utworz\u0105 ostateczny ranking<\/li>\n\n\n\n<li><strong>15 finalist\u00f3w<\/strong> bior\u0105cych udzia\u0142 o 21:00 rywalizuje w <strong>finale \u015bpiewania karaoke<\/strong> w Bacaro o tytu\u0142 <strong>Kr\u00f3la i Kr\u00f3lowej Wiosny<\/strong>!<\/li>\n<\/ul>\n\n<\/div>\n<\/div><\/div><div  id=\"prezzi\" class=\"grids-section grids-is-advanced\" style=\"--_gs-gap-desktop:0px 0px;--_gs-m-desktop:0 0 0 0;--_gs-p-desktop:0 0 0 0;--_gs-bg-desktop:transparent none;--_gs-bg-xp-desktop:0px;--_gs-zi-desktop:auto;--_gs-d-desktop:block;--_gs-mw-desktop:calc(100% - 0 - 0);--_gs-gap-tablet:0px 0px;--_gs-m-tablet:0 0 0 0;--_gs-p-tablet:0 0 0 0;--_gs-bg-tablet:transparent none;--_gs-bg-xp-tablet:0px;--_gs-zi-tablet:auto;--_gs-d-tablet:block;--_gs-mw-tablet:calc(100% - 0 - 0);--_gs-gap-mobile:0px 0px;--_gs-m-mobile:0 0 0 0;--_gs-p-mobile:0 0 0 0;--_gs-bg-mobile:transparent none;--_gs-bg-xp-mobile:0px;--_gs-zi-mobile:auto;--_gs-d-mobile:block;--_gs-mw-mobile:calc(100% - 0 - 0);--_gs-columns:12;--_gs-rows:6\"><div class=\"grids-s-w_i\">\n<div class=\"grids-area\" style=\"--_ga-column:2\/12;--_ga-row:1\/2;--_ga-m-desktop:0 0 0 0;--_ga-p-desktop:0 0 0 0;--_ga-bg-desktop:transparent none;--_ga-zi-desktop:auto;--_ga-d-desktop:flex;--_ga-mw-desktop:calc(100% - 0 - 0);--_ga-m-tablet:0 0 0 0;--_ga-p-tablet:0 0 0 0;--_ga-bg-tablet:transparent none;--_ga-zi-tablet:auto;--_ga-d-tablet:flex;--_ga-mw-tablet:calc(100% - 0 - 0);--_ga-m-mobile:0 0 0 0;--_ga-p-mobile:0 0 0 0;--_ga-bg-mobile:transparent none;--_ga-zi-mobile:auto;--_ga-d-mobile:flex;--_ga-mw-mobile:calc(100% - 0 - 0)\">\n\n<h2 class=\"wp-block-heading has-text-align-center\">Ceny<\/h2>\n\n<\/div>\n<\/div><\/div><div  id=\"prezzi\" class=\"grids-section grids-is-advanced\" style=\"--_gs-gap-desktop:0px 0px;--_gs-m-desktop:0 0 0 0;--_gs-p-desktop:0 0 0 0;--_gs-bg-desktop:transparent none;--_gs-bg-xp-desktop:0px;--_gs-zi-desktop:auto;--_gs-d-desktop:block;--_gs-mw-desktop:calc(100% - 0 - 0);--_gs-gap-tablet:0px 0px;--_gs-m-tablet:0 0 0 0;--_gs-p-tablet:0 0 0 0;--_gs-bg-tablet:transparent none;--_gs-bg-xp-tablet:0px;--_gs-zi-tablet:auto;--_gs-d-tablet:block;--_gs-mw-tablet:calc(100% - 0 - 0);--_gs-gap-mobile:0px 0px;--_gs-m-mobile:0 0 0 0;--_gs-p-mobile:0 0 0 0;--_gs-bg-mobile:transparent none;--_gs-bg-xp-mobile:0px;--_gs-zi-mobile:auto;--_gs-d-mobile:block;--_gs-mw-mobile:calc(100% - 0 - 0);--_gs-columns:12;--_gs-rows:6\"><div class=\"grids-s-w_i\">\n<div class=\"grids-area\" style=\"--_ga-column:2\/7;--_ga-row:1\/7;--_ga-m-desktop:0 0 0 0;--_ga-p-desktop:20px 20px 20px 20px;--_ga-bg-desktop:#f3f3f3 none;--_ga-zi-desktop:auto;--_ga-d-desktop:flex;--_ga-mw-desktop:calc(100% - 0 - 0);--_ga-m-tablet:0 0 0 0;--_ga-p-tablet:20px 20px 20px 20px;--_ga-bg-tablet:#f3f3f3 none;--_ga-zi-tablet:auto;--_ga-d-tablet:flex;--_ga-mw-tablet:calc(100% - 0 - 0);--_ga-m-mobile:0 0 0 0;--_ga-p-mobile:20px 20px 20px 20px;--_ga-bg-mobile:#f3f3f3 none;--_ga-zi-mobile:auto;--_ga-d-mobile:flex;--_ga-mw-mobile:calc(100% - 0 - 0)\">\n\n<h2 class=\"wp-block-heading has-text-align-center advgb-dyn-53f74ae0\">Codzienny wpis<\/h2>\n\n\n\n<h3 class=\"wp-block-heading has-text-align-center\"><strong>10 \u20ac za osob\u0119<\/strong> do nabycia bezpo\u015brednio na terenie o\u015brodka<\/h3>\n\n\n\n<p>Obejmuje ona:<\/p>\n\n\n\n<ul class=\"wp-block-list\">\n<li>Wej\u015bcie na teren o\u015brodka<\/li>\n\n\n\n<li>Bilet wst\u0119pu na wydarzenie i wszystkie zorganizowane atrakcje<\/li>\n\n\n\n<li>Dost\u0119p do pla\u017cy<\/li>\n<\/ul>\n\n<\/div>\n\n<div class=\"grids-area\" style=\"--_ga-column:7\/12;--_ga-row:1\/7;--_ga-m-desktop:0 0 0 0;--_ga-p-desktop:20px 20px 20px 20px;--_ga-bg-desktop:#3fb9bd none;--_ga-zi-desktop:auto;--_ga-d-desktop:flex;--_ga-mw-desktop:calc(100% - 0 - 0);--_ga-m-tablet:0 0 0 0;--_ga-p-tablet:20px 20px 20px 20px;--_ga-bg-tablet:#3fb9bd none;--_ga-zi-tablet:auto;--_ga-d-tablet:flex;--_ga-mw-tablet:calc(100% - 0 - 0);--_ga-m-mobile:0 0 0 0;--_ga-p-mobile:20px 20px 20px 20px;--_ga-bg-mobile:#3fb9bd none;--_ga-zi-mobile:auto;--_ga-d-mobile:flex;--_ga-mw-mobile:calc(100% - 0 - 0)\">\n\n<h2 class=\"wp-block-heading has-text-align-center\">Wej\u015bcie z pobytem<\/h2>\n\n\n\n<h3 class=\"wp-block-heading has-text-align-center\"><strong>od 39 \u20ac za osob\u0119<\/strong>, za dzie\u0144 w ramach oferty <a href=\"https:\/\/www.villaggiosanfrancesco.com\/it\/offerta\/short-break\/\" data-type=\"offer\" data-id=\"14233\"><mark style=\"background-color:rgba(0, 0, 0, 0)\" class=\"has-inline-color has-white-color\">Kr\u00f3tka przerwa<\/mark><\/a><\/h3>\n\n\n\n<p>Obejmuje ona:<\/p>\n\n\n\n<ul class=\"wp-block-list\">\n<li>W\u0142oskie \u015bniadanie<\/li>\n\n\n\n<li>dost\u0119p do prywatnej pla\u017cy, w tym parasol i le\u017cak (w zale\u017cno\u015bci od dost\u0119pno\u015bci)<\/li>\n\n\n\n<li>P\u00f3\u017ane wymeldowanie<\/li>\n\n\n\n<li>Bilet wst\u0119pu na wydarzenie i wszystkie zorganizowane atrakcje<\/li>\n<\/ul>\n\n\n\n<div class=\"wp-block-buttons is-content-justification-center is-layout-flex wp-container-core-buttons-is-layout-16018d1d wp-block-buttons-is-layout-flex\">\n<div class=\"wp-block-button is-style-outline is-style-outline--4\"><a class=\"wp-block-button__link has-white-color has-text-color has-text-align-center wp-element-button\" href=\"https:\/\/www.villaggiosanfrancesco.com\/it\/offerta\/short-break\/\">ODKRYJ OFERT\u0118<\/a><\/div>\n<\/div>\n\n<\/div>\n<\/div><\/div>","protected":false},"excerpt":{"rendered":"","protected":false},"author":11,"featured_media":21553,"comment_status":"closed","ping_status":"open","sticky":false,"template":"","format":"standard","meta":{"_acf_changed":false,"advgb_blocks_editor_width":"","advgb_blocks_columns_visual_guide":"","footnotes":""},"categories":[85],"tags":[],"class_list":["post-21550","post","type-post","status-publish","format-standard","has-post-thumbnail","hentry","category-wydarzenia","entry"],"acf":[],"yoast_head":"<!-- This site is optimized with the Yoast SEO plugin v26.0 - https:\/\/yoast.com\/wordpress\/plugins\/seo\/ -->\n<title>Festiwal Wiosny i Sportu - Villaggio San Francesco<\/title>\n<meta name=\"description\" content=\"Z niecierpliwo\u015bci\u0105 czekamy na pierwsze wydarzenie sezonu w Villaggio San Francesco! 29,30 kwietnia i 1 maja w Caorle - Discover Spring &amp; Sport Festival!\" \/>\n<meta name=\"robots\" content=\"index, follow, max-snippet:-1, max-image-preview:large, max-video-preview:-1\" \/>\n<link rel=\"canonical\" href=\"https:\/\/www.villaggiosanfrancesco.com\/pl\/news\/wydarzenia\/festiwal-wiosny-i-sportu\/\" \/>\n<meta property=\"og:locale\" content=\"pl_PL\" \/>\n<meta property=\"og:type\" content=\"article\" \/>\n<meta property=\"og:title\" content=\"Festiwal Wiosny i Sportu - Villaggio San Francesco\" \/>\n<meta property=\"og:description\" content=\"Z niecierpliwo\u015bci\u0105 czekamy na pierwsze wydarzenie sezonu w Villaggio San Francesco! 29,30 kwietnia i 1 maja w Caorle - Discover Spring &amp; Sport Festival!\" \/>\n<meta property=\"og:url\" content=\"https:\/\/www.villaggiosanfrancesco.com\/pl\/news\/wydarzenia\/festiwal-wiosny-i-sportu\/\" \/>\n<meta property=\"og:site_name\" content=\"Villaggio San Francesco\" \/>\n<meta property=\"article:publisher\" content=\"https:\/\/www.facebook.com\/VillaggioSanFrancesco\/\" \/>\n<meta property=\"article:published_time\" content=\"2024-01-25T09:53:44+00:00\" \/>\n<meta property=\"article:modified_time\" content=\"2024-02-22T15:28:43+00:00\" \/>\n<meta property=\"og:image\" content=\"https:\/\/www.villaggiosanfrancesco.com\/wp-content\/uploads\/2023\/03\/spring-sport-festival-villaggio-san-francesco-banner.jpg\" \/>\n\t<meta property=\"og:image:width\" content=\"2000\" \/>\n\t<meta property=\"og:image:height\" content=\"1000\" \/>\n\t<meta property=\"og:image:type\" content=\"image\/jpeg\" \/>\n<meta name=\"author\" content=\"federica.cattelan\" \/>\n<meta name=\"twitter:card\" content=\"summary_large_image\" \/>\n<meta name=\"twitter:label1\" content=\"Napisane przez\" \/>\n\t<meta name=\"twitter:data1\" content=\"federica.cattelan\" \/>\n\t<meta name=\"twitter:label2\" content=\"Szacowany czas czytania\" \/>\n\t<meta name=\"twitter:data2\" content=\"3 minuty\" \/>\n<script type=\"application\/ld+json\" class=\"yoast-schema-graph\">{\"@context\":\"https:\/\/schema.org\",\"@graph\":[{\"@type\":\"Article\",\"@id\":\"https:\/\/www.villaggiosanfrancesco.com\/pl\/news\/wydarzenia\/festiwal-wiosny-i-sportu\/#article\",\"isPartOf\":{\"@id\":\"https:\/\/www.villaggiosanfrancesco.com\/pl\/news\/wydarzenia\/festiwal-wiosny-i-sportu\/\"},\"author\":{\"name\":\"federica.cattelan\",\"@id\":\"https:\/\/www.villaggiosanfrancesco.com\/pl\/#\/schema\/person\/42d2a3617fc01b4bca89f6da4be96550\"},\"headline\":\"Festiwal Wiosny i Sportu\",\"datePublished\":\"2024-01-25T09:53:44+00:00\",\"dateModified\":\"2024-02-22T15:28:43+00:00\",\"mainEntityOfPage\":{\"@id\":\"https:\/\/www.villaggiosanfrancesco.com\/pl\/news\/wydarzenia\/festiwal-wiosny-i-sportu\/\"},\"wordCount\":508,\"publisher\":{\"@id\":\"https:\/\/www.villaggiosanfrancesco.com\/pl\/#organization\"},\"image\":{\"@id\":\"https:\/\/www.villaggiosanfrancesco.com\/pl\/news\/wydarzenia\/festiwal-wiosny-i-sportu\/#primaryimage\"},\"thumbnailUrl\":\"https:\/\/www.villaggiosanfrancesco.com\/wp-content\/uploads\/2023\/03\/spring-sport-festival-villaggio-san-francesco-banner.jpg\",\"articleSection\":[\"Wydarzenia\"],\"inLanguage\":\"pl-PL\"},{\"@type\":\"WebPage\",\"@id\":\"https:\/\/www.villaggiosanfrancesco.com\/pl\/news\/wydarzenia\/festiwal-wiosny-i-sportu\/\",\"url\":\"https:\/\/www.villaggiosanfrancesco.com\/pl\/news\/wydarzenia\/festiwal-wiosny-i-sportu\/\",\"name\":\"Festiwal Wiosny i Sportu - Villaggio San Francesco\",\"isPartOf\":{\"@id\":\"https:\/\/www.villaggiosanfrancesco.com\/pl\/#website\"},\"primaryImageOfPage\":{\"@id\":\"https:\/\/www.villaggiosanfrancesco.com\/pl\/news\/wydarzenia\/festiwal-wiosny-i-sportu\/#primaryimage\"},\"image\":{\"@id\":\"https:\/\/www.villaggiosanfrancesco.com\/pl\/news\/wydarzenia\/festiwal-wiosny-i-sportu\/#primaryimage\"},\"thumbnailUrl\":\"https:\/\/www.villaggiosanfrancesco.com\/wp-content\/uploads\/2023\/03\/spring-sport-festival-villaggio-san-francesco-banner.jpg\",\"datePublished\":\"2024-01-25T09:53:44+00:00\",\"dateModified\":\"2024-02-22T15:28:43+00:00\",\"description\":\"Z niecierpliwo\u015bci\u0105 czekamy na pierwsze wydarzenie sezonu w Villaggio San Francesco! 29,30 kwietnia i 1 maja w Caorle - Discover Spring & Sport Festival!\",\"breadcrumb\":{\"@id\":\"https:\/\/www.villaggiosanfrancesco.com\/pl\/news\/wydarzenia\/festiwal-wiosny-i-sportu\/#breadcrumb\"},\"inLanguage\":\"pl-PL\",\"potentialAction\":[{\"@type\":\"ReadAction\",\"target\":[\"https:\/\/www.villaggiosanfrancesco.com\/pl\/news\/wydarzenia\/festiwal-wiosny-i-sportu\/\"]}]},{\"@type\":\"ImageObject\",\"inLanguage\":\"pl-PL\",\"@id\":\"https:\/\/www.villaggiosanfrancesco.com\/pl\/news\/wydarzenia\/festiwal-wiosny-i-sportu\/#primaryimage\",\"url\":\"https:\/\/www.villaggiosanfrancesco.com\/wp-content\/uploads\/2023\/03\/spring-sport-festival-villaggio-san-francesco-banner.jpg\",\"contentUrl\":\"https:\/\/www.villaggiosanfrancesco.com\/wp-content\/uploads\/2023\/03\/spring-sport-festival-villaggio-san-francesco-banner.jpg\",\"width\":2000,\"height\":1000},{\"@type\":\"BreadcrumbList\",\"@id\":\"https:\/\/www.villaggiosanfrancesco.com\/pl\/news\/wydarzenia\/festiwal-wiosny-i-sportu\/#breadcrumb\",\"itemListElement\":[{\"@type\":\"ListItem\",\"position\":1,\"name\":\"Home\",\"item\":\"https:\/\/www.villaggiosanfrancesco.com\/pl\/\"},{\"@type\":\"ListItem\",\"position\":2,\"name\":\"Wydarzenia\",\"item\":\"https:\/\/www.villaggiosanfrancesco.com\/pl\/news\/category\/wydarzenia\/\"},{\"@type\":\"ListItem\",\"position\":3,\"name\":\"Festiwal Wiosny i Sportu\"}]},{\"@type\":\"WebSite\",\"@id\":\"https:\/\/www.villaggiosanfrancesco.com\/pl\/#website\",\"url\":\"https:\/\/www.villaggiosanfrancesco.com\/pl\/\",\"name\":\"Villaggio San Francesco\",\"description\":\"Caorle, VENEZIA\",\"publisher\":{\"@id\":\"https:\/\/www.villaggiosanfrancesco.com\/pl\/#organization\"},\"potentialAction\":[{\"@type\":\"SearchAction\",\"target\":{\"@type\":\"EntryPoint\",\"urlTemplate\":\"https:\/\/www.villaggiosanfrancesco.com\/pl\/?s={search_term_string}\"},\"query-input\":{\"@type\":\"PropertyValueSpecification\",\"valueRequired\":true,\"valueName\":\"search_term_string\"}}],\"inLanguage\":\"pl-PL\"},{\"@type\":\"Organization\",\"@id\":\"https:\/\/www.villaggiosanfrancesco.com\/pl\/#organization\",\"name\":\"Villaggio San Francesco\",\"url\":\"https:\/\/www.villaggiosanfrancesco.com\/pl\/\",\"logo\":{\"@type\":\"ImageObject\",\"inLanguage\":\"pl-PL\",\"@id\":\"https:\/\/www.villaggiosanfrancesco.com\/pl\/#\/schema\/logo\/image\/\",\"url\":\"https:\/\/www.villaggiosanfrancesco.com\/wp-content\/uploads\/2023\/03\/Logo-Villaggio-San-Francesco-Caorle-1.png\",\"contentUrl\":\"https:\/\/www.villaggiosanfrancesco.com\/wp-content\/uploads\/2023\/03\/Logo-Villaggio-San-Francesco-Caorle-1.png\",\"width\":1206,\"height\":356,\"caption\":\"Villaggio San Francesco\"},\"image\":{\"@id\":\"https:\/\/www.villaggiosanfrancesco.com\/pl\/#\/schema\/logo\/image\/\"},\"sameAs\":[\"https:\/\/www.facebook.com\/VillaggioSanFrancesco\/\",\"https:\/\/www.instagram.com\/villaggiosanfrancesco\/\",\"https:\/\/www.youtube.com\/channel\/UClXJoJulrb1UANfZodeHn-g\",\"https:\/\/www.tiktok.com\/@sanfrancescoresort\"]},{\"@type\":\"Person\",\"@id\":\"https:\/\/www.villaggiosanfrancesco.com\/pl\/#\/schema\/person\/42d2a3617fc01b4bca89f6da4be96550\",\"name\":\"federica.cattelan\"}]}<\/script>\n<!-- \/ Yoast SEO plugin. -->","yoast_head_json":{"title":"Festiwal Wiosny i Sportu - Villaggio San Francesco","description":"Z niecierpliwo\u015bci\u0105 czekamy na pierwsze wydarzenie sezonu w Villaggio San Francesco! 29,30 kwietnia i 1 maja w Caorle - Discover Spring & Sport Festival!","robots":{"index":"index","follow":"follow","max-snippet":"max-snippet:-1","max-image-preview":"max-image-preview:large","max-video-preview":"max-video-preview:-1"},"canonical":"https:\/\/www.villaggiosanfrancesco.com\/pl\/news\/wydarzenia\/festiwal-wiosny-i-sportu\/","og_locale":"pl_PL","og_type":"article","og_title":"Festiwal Wiosny i Sportu - Villaggio San Francesco","og_description":"Z niecierpliwo\u015bci\u0105 czekamy na pierwsze wydarzenie sezonu w Villaggio San Francesco! 29,30 kwietnia i 1 maja w Caorle - Discover Spring & Sport Festival!","og_url":"https:\/\/www.villaggiosanfrancesco.com\/pl\/news\/wydarzenia\/festiwal-wiosny-i-sportu\/","og_site_name":"Villaggio San Francesco","article_publisher":"https:\/\/www.facebook.com\/VillaggioSanFrancesco\/","article_published_time":"2024-01-25T09:53:44+00:00","article_modified_time":"2024-02-22T15:28:43+00:00","og_image":[{"width":2000,"height":1000,"url":"https:\/\/www.villaggiosanfrancesco.com\/wp-content\/uploads\/2023\/03\/spring-sport-festival-villaggio-san-francesco-banner.jpg","type":"image\/jpeg"}],"author":"federica.cattelan","twitter_card":"summary_large_image","twitter_misc":{"Napisane przez":"federica.cattelan","Szacowany czas czytania":"3 minuty"},"schema":{"@context":"https:\/\/schema.org","@graph":[{"@type":"Article","@id":"https:\/\/www.villaggiosanfrancesco.com\/pl\/news\/wydarzenia\/festiwal-wiosny-i-sportu\/#article","isPartOf":{"@id":"https:\/\/www.villaggiosanfrancesco.com\/pl\/news\/wydarzenia\/festiwal-wiosny-i-sportu\/"},"author":{"name":"federica.cattelan","@id":"https:\/\/www.villaggiosanfrancesco.com\/pl\/#\/schema\/person\/42d2a3617fc01b4bca89f6da4be96550"},"headline":"Festiwal Wiosny i Sportu","datePublished":"2024-01-25T09:53:44+00:00","dateModified":"2024-02-22T15:28:43+00:00","mainEntityOfPage":{"@id":"https:\/\/www.villaggiosanfrancesco.com\/pl\/news\/wydarzenia\/festiwal-wiosny-i-sportu\/"},"wordCount":508,"publisher":{"@id":"https:\/\/www.villaggiosanfrancesco.com\/pl\/#organization"},"image":{"@id":"https:\/\/www.villaggiosanfrancesco.com\/pl\/news\/wydarzenia\/festiwal-wiosny-i-sportu\/#primaryimage"},"thumbnailUrl":"https:\/\/www.villaggiosanfrancesco.com\/wp-content\/uploads\/2023\/03\/spring-sport-festival-villaggio-san-francesco-banner.jpg","articleSection":["Wydarzenia"],"inLanguage":"pl-PL"},{"@type":"WebPage","@id":"https:\/\/www.villaggiosanfrancesco.com\/pl\/news\/wydarzenia\/festiwal-wiosny-i-sportu\/","url":"https:\/\/www.villaggiosanfrancesco.com\/pl\/news\/wydarzenia\/festiwal-wiosny-i-sportu\/","name":"Festiwal Wiosny i Sportu - Villaggio San Francesco","isPartOf":{"@id":"https:\/\/www.villaggiosanfrancesco.com\/pl\/#website"},"primaryImageOfPage":{"@id":"https:\/\/www.villaggiosanfrancesco.com\/pl\/news\/wydarzenia\/festiwal-wiosny-i-sportu\/#primaryimage"},"image":{"@id":"https:\/\/www.villaggiosanfrancesco.com\/pl\/news\/wydarzenia\/festiwal-wiosny-i-sportu\/#primaryimage"},"thumbnailUrl":"https:\/\/www.villaggiosanfrancesco.com\/wp-content\/uploads\/2023\/03\/spring-sport-festival-villaggio-san-francesco-banner.jpg","datePublished":"2024-01-25T09:53:44+00:00","dateModified":"2024-02-22T15:28:43+00:00","description":"Z niecierpliwo\u015bci\u0105 czekamy na pierwsze wydarzenie sezonu w Villaggio San Francesco! 29,30 kwietnia i 1 maja w Caorle - Discover Spring & Sport Festival!","breadcrumb":{"@id":"https:\/\/www.villaggiosanfrancesco.com\/pl\/news\/wydarzenia\/festiwal-wiosny-i-sportu\/#breadcrumb"},"inLanguage":"pl-PL","potentialAction":[{"@type":"ReadAction","target":["https:\/\/www.villaggiosanfrancesco.com\/pl\/news\/wydarzenia\/festiwal-wiosny-i-sportu\/"]}]},{"@type":"ImageObject","inLanguage":"pl-PL","@id":"https:\/\/www.villaggiosanfrancesco.com\/pl\/news\/wydarzenia\/festiwal-wiosny-i-sportu\/#primaryimage","url":"https:\/\/www.villaggiosanfrancesco.com\/wp-content\/uploads\/2023\/03\/spring-sport-festival-villaggio-san-francesco-banner.jpg","contentUrl":"https:\/\/www.villaggiosanfrancesco.com\/wp-content\/uploads\/2023\/03\/spring-sport-festival-villaggio-san-francesco-banner.jpg","width":2000,"height":1000},{"@type":"BreadcrumbList","@id":"https:\/\/www.villaggiosanfrancesco.com\/pl\/news\/wydarzenia\/festiwal-wiosny-i-sportu\/#breadcrumb","itemListElement":[{"@type":"ListItem","position":1,"name":"Home","item":"https:\/\/www.villaggiosanfrancesco.com\/pl\/"},{"@type":"ListItem","position":2,"name":"Wydarzenia","item":"https:\/\/www.villaggiosanfrancesco.com\/pl\/news\/category\/wydarzenia\/"},{"@type":"ListItem","position":3,"name":"Festiwal Wiosny i Sportu"}]},{"@type":"WebSite","@id":"https:\/\/www.villaggiosanfrancesco.com\/pl\/#website","url":"https:\/\/www.villaggiosanfrancesco.com\/pl\/","name":"Villaggio San Francesco","description":"Caorle, VENEZIA","publisher":{"@id":"https:\/\/www.villaggiosanfrancesco.com\/pl\/#organization"},"potentialAction":[{"@type":"SearchAction","target":{"@type":"EntryPoint","urlTemplate":"https:\/\/www.villaggiosanfrancesco.com\/pl\/?s={search_term_string}"},"query-input":{"@type":"PropertyValueSpecification","valueRequired":true,"valueName":"search_term_string"}}],"inLanguage":"pl-PL"},{"@type":"Organization","@id":"https:\/\/www.villaggiosanfrancesco.com\/pl\/#organization","name":"Villaggio San Francesco","url":"https:\/\/www.villaggiosanfrancesco.com\/pl\/","logo":{"@type":"ImageObject","inLanguage":"pl-PL","@id":"https:\/\/www.villaggiosanfrancesco.com\/pl\/#\/schema\/logo\/image\/","url":"https:\/\/www.villaggiosanfrancesco.com\/wp-content\/uploads\/2023\/03\/Logo-Villaggio-San-Francesco-Caorle-1.png","contentUrl":"https:\/\/www.villaggiosanfrancesco.com\/wp-content\/uploads\/2023\/03\/Logo-Villaggio-San-Francesco-Caorle-1.png","width":1206,"height":356,"caption":"Villaggio San Francesco"},"image":{"@id":"https:\/\/www.villaggiosanfrancesco.com\/pl\/#\/schema\/logo\/image\/"},"sameAs":["https:\/\/www.facebook.com\/VillaggioSanFrancesco\/","https:\/\/www.instagram.com\/villaggiosanfrancesco\/","https:\/\/www.youtube.com\/channel\/UClXJoJulrb1UANfZodeHn-g","https:\/\/www.tiktok.com\/@sanfrancescoresort"]},{"@type":"Person","@id":"https:\/\/www.villaggiosanfrancesco.com\/pl\/#\/schema\/person\/42d2a3617fc01b4bca89f6da4be96550","name":"federica.cattelan"}]}},"author_meta":{"display_name":"federica.cattelan","author_link":"https:\/\/www.villaggiosanfrancesco.com\/pl\/news\/author\/federica-cattelan\/"},"featured_img":"https:\/\/www.villaggiosanfrancesco.com\/wp-content\/uploads\/2023\/03\/spring-sport-festival-villaggio-san-francesco-banner-300x150.jpg","coauthors":[],"tax_additional":{"categories":{"linked":["<a href=\"https:\/\/www.villaggiosanfrancesco.com\/pl\/news\/category\/wydarzenia\/\" class=\"advgb-post-tax-term\">Wydarzenia<\/a>"],"unlinked":["<span class=\"advgb-post-tax-term\">Wydarzenia<\/span>"]}},"comment_count":"0","relative_dates":{"created":"Posted 2 lata ago","modified":"Updated 2 lata ago"},"absolute_dates":{"created":"Posted on 25 stycznia, 2024","modified":"Updated on 22 lutego, 2024"},"absolute_dates_time":{"created":"Posted on 25 stycznia, 2024 10:53 am","modified":"Updated on 22 lutego, 2024 4:28 pm"},"featured_img_caption":"","series_order":"","_links":{"self":[{"href":"https:\/\/www.villaggiosanfrancesco.com\/pl\/wp-json\/wp\/v2\/posts\/21550","targetHints":{"allow":["GET"]}}],"collection":[{"href":"https:\/\/www.villaggiosanfrancesco.com\/pl\/wp-json\/wp\/v2\/posts"}],"about":[{"href":"https:\/\/www.villaggiosanfrancesco.com\/pl\/wp-json\/wp\/v2\/types\/post"}],"author":[{"embeddable":true,"href":"https:\/\/www.villaggiosanfrancesco.com\/pl\/wp-json\/wp\/v2\/users\/11"}],"replies":[{"embeddable":true,"href":"https:\/\/www.villaggiosanfrancesco.com\/pl\/wp-json\/wp\/v2\/comments?post=21550"}],"version-history":[{"count":0,"href":"https:\/\/www.villaggiosanfrancesco.com\/pl\/wp-json\/wp\/v2\/posts\/21550\/revisions"}],"wp:featuredmedia":[{"embeddable":true,"href":"https:\/\/www.villaggiosanfrancesco.com\/pl\/wp-json\/wp\/v2\/media\/21553"}],"wp:attachment":[{"href":"https:\/\/www.villaggiosanfrancesco.com\/pl\/wp-json\/wp\/v2\/media?parent=21550"}],"wp:term":[{"taxonomy":"category","embeddable":true,"href":"https:\/\/www.villaggiosanfrancesco.com\/pl\/wp-json\/wp\/v2\/categories?post=21550"},{"taxonomy":"post_tag","embeddable":true,"href":"https:\/\/www.villaggiosanfrancesco.com\/pl\/wp-json\/wp\/v2\/tags?post=21550"}],"curies":[{"name":"wp","href":"https:\/\/api.w.org\/{rel}","templated":true}]}}