{"id":21539,"date":"2024-01-25T10:53:43","date_gmt":"2024-01-25T09:53:43","guid":{"rendered":"https:\/\/www.villaggiosanfrancesco.com\/news\/bez-kategorii\/swiatowy-dzien-sportu\/"},"modified":"2024-02-18T16:02:59","modified_gmt":"2024-02-18T15:02:59","slug":"swiatowy-dzien-sportu","status":"publish","type":"post","link":"https:\/\/www.villaggiosanfrancesco.com\/pl\/news\/bez-kategorii\/swiatowy-dzien-sportu\/","title":{"rendered":"\u015awiatowy Dzie\u0144 Sportu"},"content":{"rendered":"<div  class=\"grids-section grids-is-advanced\" style=\"--_gs-gap-desktop:0px 0px;--_gs-m-desktop:0 0 0 0;--_gs-p-desktop:0 0 0 0;--_gs-bg-desktop:transparent none;--_gs-bg-xp-desktop:0px;--_gs-zi-desktop:auto;--_gs-d-desktop:block;--_gs-mw-desktop:calc(100% - 0 - 0);--_gs-gap-tablet:0px 0px;--_gs-m-tablet:0 0 0 0;--_gs-p-tablet:0 0 0 0;--_gs-bg-tablet:transparent none;--_gs-bg-xp-tablet:0px;--_gs-zi-tablet:auto;--_gs-d-tablet:block;--_gs-mw-tablet:calc(100% - 0 - 0);--_gs-gap-mobile:0px 0px;--_gs-m-mobile:0 0 0 0;--_gs-p-mobile:0 25px 0 25px;--_gs-bg-mobile:transparent none;--_gs-bg-xp-mobile:0px;--_gs-zi-mobile:auto;--_gs-d-mobile:block;--_gs-mw-mobile:calc(100% - 0 - 0);--_gs-columns:12;--_gs-rows:6\"><div class=\"grids-s-w_i\">\n<div class=\"grids-area\" style=\"--_ga-column:2\/12;--_ga-row:1\/2;--_ga-m-desktop:0 0 0 0;--_ga-p-desktop:0 0 0 0;--_ga-bg-desktop:transparent none;--_ga-zi-desktop:auto;--_ga-d-desktop:flex;--_ga-mw-desktop:calc(100% - 0 - 0);--_ga-m-tablet:0 0 0 0;--_ga-p-tablet:0 0 0 0;--_ga-bg-tablet:transparent none;--_ga-zi-tablet:auto;--_ga-d-tablet:flex;--_ga-mw-tablet:calc(100% - 0 - 0);--_ga-m-mobile:0 0 0 0;--_ga-p-mobile:0 0 0 0;--_ga-bg-mobile:transparent none;--_ga-zi-mobile:auto;--_ga-d-mobile:flex;--_ga-mw-mobile:calc(100% - 0 - 0)\">\n\n<h2 class=\"wp-block-heading has-text-align-center\">Dlaczego 6 kwietnia?<\/h2>\n\n\n\n<p><strong>\u015awiatowy Dzie\u0144 Sportu na rzecz Rozwoju Pokoju<\/strong> zosta\u0142 wprowadzony przez <strong>ONZ<\/strong> w <strong>2013 roku<\/strong>. Wyb\u00f3r tej daty nie jest przypadkowy, ale ma na celu uhonorowanie <strong>Igrzysk Olimpijskich ery nowo\u017cytnej<\/strong>, kt\u00f3re ujrza\u0142y \u015bwiat\u0142o dzienne 6 kwietnia 1896 roku, dzi\u0119ki wk\u0142adowi francuskiego dyrektora sportowego i historyka <strong>Pierre&#8217;a de Coubertina<\/strong>.<\/p>\n\n<\/div>\n<\/div><\/div>\t<div id=\"boxTextSlider_2\" class=\"box-text-slider-container-wrapper no-background box-text-slider-left\" style=\"--box-text-color: #000000;\">\n\n\t\t<div class=\"box-text-slider_content\">\n\t\t\t<h3>Sport i pok\u00f3j<\/h3>\n<h2>Nierozerwalna wi\u0119\u017a<\/h2>\n<p><strong>Praca zespo\u0142owa, lojalno\u015b\u0107, dyscyplina, szacunek<\/strong> dla przeciwnika i zasad to tylko niekt\u00f3re z warto\u015bci wsp\u00f3lnych dla sportu i pokoju.<\/p>\n<p>Tylko \u0142\u0105cz\u0105c si\u0142y mo\u017cemy <strong>wsp\u00f3\u0142pracowa\u0107<\/strong>, organizowa\u0107 bardziej cywilizowane spo\u0142ecze\u0144stwa i <strong>przyczynia\u0107 si\u0119 do<\/strong> budowania \u015bwiata opartego na szacunku i wsp\u00f3lnym pokoju.<\/p>\n<p><strong>Sport<\/strong>, dzi\u0119ki swojej wyj\u0105tkowej wszechstronno\u015bci, jest w stanie promowa\u0107 <strong>dobre samopoczucie fizyczne na ka\u017cdym poziomie<\/strong>: niezale\u017cnie od tego, czy jest uprawiany indywidualnie, czy w grupie, na poziomie rywalizacji, czy wy\u0142\u0105cznie jako amator.<\/p>\n<p><strong>Sport to uniwersalny j\u0119zyk, kt\u00f3ry mo\u017ce prze\u0142amywa\u0107 bariery i granice.<\/strong><\/p>\n\t\t<\/div>\n\n\t\t\t\t\t<div class=\"box-text-slider_slider\">\n\t\t\t\t<div class=\"swiper-wrapper\">\n\t\t\t\t\t\t\t\t\t\t\t\t\t\t\t\t\t<div class=\"box-text-slider_slider_slide swiper-slide\">\n\n\t\t\t\t\t\t\t\t\t\t\t\t\t\t\t<figure class=\"full-width\" style=\"background-color: #968b87;\">\n\t\t\t\t\t\t\t\t\t<img decoding=\"async\" src=\"https:\/\/www.villaggiosanfrancesco.com\/wp-content\/uploads\/2023\/04\/villaggio-san-francesco-giornata-mondiale-sport-01.jpg\" alt=\"\" title=\"villaggio-san-francesco-giornata-mondiale-sport-01\" \/>\n\t\t\t\t\t\t\t\t<\/figure>\n\t\t\t\t\t\t\t\n\t\t\t\t\t\t\t\n\t\t\t\t\t\t\t\t\t\t\t\t\t\t\t\t\t<div class=\"box-text-slider_slider_slide_title\">\n\t\t\t\t\t\t\t\t\t\t Uniwersalny j\u0119zyk\t\t\t\t\t\t\t\t\t\t\t\t\t\t\t\t\n\t\t\t\t\t\t\t\t<\/div>\n\t\t\t\t\t\t\t\t\t\t\t\t\t<\/div>\n\t\t\t\t\t\t\n\t\t\t\t\t\t\t\t\t<\/div>\n\t\t\t\t\n\t\t\t\t\t\t\t<\/div>\n\t\t\t<\/div>\n\n\t\n\n\t<div id=\"boxTextSlider_3\" class=\"box-text-slider-container-wrapper no-background \" style=\"--box-text-bck-color: #f3f3f3;--box-text-color: #000000;\">\n\n\t\t<div class=\"box-text-slider_content\">\n\t\t\t<h2>BiHoliday i sport<\/h2>\n<p>Grupa BiHoliday zawsze odzwierciedla\u0142a te warto\u015bci i g\u0142\u0119boko wierzy, \u017ce sport nie jest zwyk\u0142\u0105 aktywno\u015bci\u0105 fizyczn\u0105, ale prawdziwym <strong>narz\u0119dziem przekazu dost\u0119pno\u015bci, wsp\u00f3\u0142pracy i pokoju<\/strong>.<\/p>\n<p>Z tego powodu grupa BiHoliday nie tylko organizuje <strong>liczne wydarzenia sportowe<\/strong> w swoich o\u015brodkach we W\u0142oszech i Chorwacji, ale tak\u017ce <strong>promuje te warto\u015bci na pierwszej linii frontu<\/strong>aktywnie wsp\u00f3\u0142pracuj\u0105c z <strong>r\u00f3\u017cnymi przedstawicielami sportowymi<\/strong> poprzez wsp\u00f3lne dzia\u0142ania marketingowe i sponsoringowe, wspieraj\u0105c projekty anga\u017cuj\u0105ce kluby sportowe r\u00f3\u017cnych dyscyplin, zar\u00f3wno na poziomie amatorskim, jak i zawodowym.<\/p>\n\t\t<\/div>\n\n\t\t\t\t\t<div class=\"box-text-slider_slider\">\n\t\t\t\t<div class=\"swiper-wrapper\">\n\t\t\t\t\t\t\t\t\t\t\t\t\t\t\t\t\t<div class=\"box-text-slider_slider_slide swiper-slide\">\n\n\t\t\t\t\t\t\t\t\t\t\t\t\t\t\t<figure class=\"full-width\" style=\"background-color: #487782;\">\n\t\t\t\t\t\t\t\t\t<img decoding=\"async\" src=\"https:\/\/www.villaggiosanfrancesco.com\/wp-content\/uploads\/2023\/04\/biholiday-sponsor-treviso-basket.jpg\" alt=\"\" title=\"biholiday-sponsor-treviso-basket\" \/>\n\t\t\t\t\t\t\t\t<\/figure>\n\t\t\t\t\t\t\t\n\t\t\t\t\t\t\t\n\t\t\t\t\t\t\t\t\t\t\t\t\t\t\t\t\t<div class=\"box-text-slider_slider_slide_title\">\n\t\t\t\t\t\t\t\t\t\tBiHoliday dla sportu\t\t\t\t\t\t\t\t\t\t\t\t\t\t\t\t\n\t\t\t\t\t\t\t\t<\/div>\n\t\t\t\t\t\t\t\t\t\t\t\t\t<\/div>\n\t\t\t\t\t\t\n\t\t\t\t\t\t\t\t\t<\/div>\n\t\t\t\t\n\t\t\t\t\t\t\t<\/div>\n\t\t\t<\/div>\n\n\t\n\n<div  class=\"grids-section grids-is-advanced\" style=\"--_gs-gap-desktop:0px 0px;--_gs-m-desktop:0 0 0 0;--_gs-p-desktop:0 0 0 0;--_gs-bg-desktop:transparent none;--_gs-bg-xp-desktop:0px;--_gs-zi-desktop:auto;--_gs-d-desktop:block;--_gs-mw-desktop:calc(100% - 0 - 0);--_gs-gap-tablet:0px 0px;--_gs-m-tablet:0 0 0 0;--_gs-p-tablet:0 0 0 0;--_gs-bg-tablet:transparent none;--_gs-bg-xp-tablet:0px;--_gs-zi-tablet:auto;--_gs-d-tablet:block;--_gs-mw-tablet:calc(100% - 0 - 0);--_gs-gap-mobile:0px 0px;--_gs-m-mobile:0 0 0 0;--_gs-p-mobile:0 0 0 0;--_gs-bg-mobile:transparent none;--_gs-bg-xp-mobile:0px;--_gs-zi-mobile:auto;--_gs-d-mobile:block;--_gs-mw-mobile:calc(100% - 0 - 0);--_gs-columns:12;--_gs-rows:6\"><div class=\"grids-s-w_i\">\n<div class=\"grids-area\" style=\"--_ga-column:2\/12;--_ga-row:1\/2;--_ga-m-desktop:0 0 0 0;--_ga-p-desktop:0 0 0 0;--_ga-bg-desktop:transparent none;--_ga-zi-desktop:auto;--_ga-d-desktop:flex;--_ga-mw-desktop:calc(100% - 0 - 0);--_ga-m-tablet:0 0 0 0;--_ga-p-tablet:0 0 0 0;--_ga-bg-tablet:transparent none;--_ga-zi-tablet:auto;--_ga-d-tablet:flex;--_ga-mw-tablet:calc(100% - 0 - 0);--_ga-m-mobile:0 0 0 0;--_ga-p-mobile:0 0 0 0;--_ga-bg-mobile:transparent none;--_ga-zi-mobile:auto;--_ga-d-mobile:flex;--_ga-mw-mobile:calc(100% - 0 - 0)\">\n\n<h2 class=\"wp-block-heading has-text-align-center\">\u015awiat sportu jest przesi\u0105kni\u0119ty warto\u015bciami, kt\u00f3re wykraczaj\u0105 daleko poza zwyk\u0142\u0105 rywalizacj\u0119<\/h2>\n\n\n\n<p><strong>Wsp\u00f3\u0142praca<\/strong>, <strong>zr\u00f3wnowa\u017cony rozw\u00f3j<\/strong> i <strong>integracja<\/strong> to tylko niekt\u00f3re z zasad promowanych przez sport i reprezentuj\u0105cych jego prawdziw\u0105 istot\u0119. <\/p>\n\n\n\n<p>Te uniwersalne warto\u015bci maj\u0105 moc <strong>jednoczenia ludzi<\/strong>, pokonuj\u0105c wszelkie bariery i uprzedzenia. <\/p>\n\n\n\n<p>To w\u0142a\u015bnie te warto\u015bci sprawiaj\u0105, \u017ce BiHoliday, z wielkim zapa\u0142em i pasj\u0105, d\u0105\u017cy do <strong>zapewnienia \u015brodowiska, w kt\u00f3rym szacunek i wzajemno\u015b\u0107 s\u0105 podstaw\u0105<\/strong> dla wszystkich zaanga\u017cowanych stron. <\/p>\n\n\n\n<p>Zr\u00f3wnowa\u017cony rozw\u00f3j jest zatem cnot\u0105, kt\u00f3ra pozwala BiHoliday by\u0107 <strong>odpowiedzialnym partnerem<\/strong> w spo\u0142eczno\u015bciach, w kt\u00f3rych dzia\u0142a, i <strong>aktywnym zwolennikiem r\u00f3\u017cnych dzia\u0142a\u0144 sportowych w okolicy<\/strong>.<\/p>\n\n<\/div>\n<\/div><\/div><div  class=\"grids-section row-elenchi grids-is-advanced alignfull\" style=\"--_gs-gap-desktop:0px 0px;--_gs-m-desktop:0 0 0 0;--_gs-p-desktop:0 0 0 0;--_gs-bg-desktop:transparent none;--_gs-bg-xp-desktop:0px;--_gs-zi-desktop:auto;--_gs-d-desktop:block;--_gs-mw-desktop:calc(100% - 0 - 0);--_gs-gap-tablet:0px 0px;--_gs-m-tablet:0 0 0 0;--_gs-p-tablet:0 0 0 0;--_gs-bg-tablet:transparent none;--_gs-bg-xp-tablet:0px;--_gs-zi-tablet:auto;--_gs-d-tablet:block;--_gs-mw-tablet:calc(100% - 0 - 0);--_gs-gap-mobile:0px 0px;--_gs-m-mobile:0 0 0 0;--_gs-p-mobile:0 0 0 0;--_gs-bg-mobile:transparent none;--_gs-bg-xp-mobile:0px;--_gs-zi-mobile:auto;--_gs-d-mobile:block;--_gs-mw-mobile:calc(100% - 0 - 0);--_gs-columns:12;--_gs-rows:6\"><div class=\"grids-s-w_i\">\n<div class=\"grids-area\" style=\"--_ga-column:2\/12;--_ga-row:1\/3;--_ga-m-desktop:0 0 0 0;--_ga-p-desktop:0 0 0 0;--_ga-bg-desktop:transparent none;--_ga-zi-desktop:auto;--_ga-d-desktop:flex;--_ga-mw-desktop:calc(100% - 0 - 0);--_ga-m-tablet:0 0 0 0;--_ga-p-tablet:0 0 0 0;--_ga-bg-tablet:transparent none;--_ga-zi-tablet:auto;--_ga-d-tablet:flex;--_ga-mw-tablet:calc(100% - 0 - 0);--_ga-m-mobile:0 0 0 0;--_ga-p-mobile:0 0 0 0;--_ga-bg-mobile:transparent none;--_ga-zi-mobile:auto;--_ga-d-mobile:flex;--_ga-mw-mobile:calc(100% - 0 - 0)\">\n\n<h2 class=\"wp-block-heading has-text-align-center advgb-dyn-f9f8e519\">BiHoliday wspiera<\/h2>\n\n\n\n<p class=\"has-text-align-center\">Z dum\u0105 BiHoliday sponsoruje wa\u017cne podmioty sportowe, takie jak<\/p>\n\n<\/div>\n\n<div class=\"grids-area\" style=\"--_ga-column:2\/5;--_ga-row:3\/7;--_ga-m-desktop:0 0 0 0;--_ga-p-desktop:0 0 0 0;--_ga-bg-desktop:transparent none;--_ga-zi-desktop:auto;--_ga-d-desktop:flex;--_ga-mw-desktop:calc(100% - 0 - 0);--_ga-m-tablet:0 0 0 0;--_ga-p-tablet:0 0 0 0;--_ga-bg-tablet:transparent none;--_ga-zi-tablet:auto;--_ga-d-tablet:flex;--_ga-mw-tablet:calc(100% - 0 - 0);--_ga-m-mobile:0 0 0 0;--_ga-p-mobile:0 0 0 0;--_ga-bg-mobile:transparent none;--_ga-zi-mobile:auto;--_ga-d-mobile:flex;--_ga-mw-mobile:calc(100% - 0 - 0)\">\n<div class=\"wp-block-image\">\n<figure class=\"aligncenter size-full is-resized\"><img decoding=\"async\" src=\"https:\/\/www.villaggiosanfrancesco.com\/wp-content\/uploads\/2023\/04\/block.png\" alt=\"\" class=\"wp-image-14788\" width=\"128\" height=\"128\" srcset=\"https:\/\/www.villaggiosanfrancesco.com\/wp-content\/uploads\/2023\/04\/block.png 512w, https:\/\/www.villaggiosanfrancesco.com\/wp-content\/uploads\/2023\/04\/block-300x300.png 300w, https:\/\/www.villaggiosanfrancesco.com\/wp-content\/uploads\/2023\/04\/block-150x150.png 150w\" sizes=\"(max-width: 128px) 100vw, 128px\" \/><\/figure><\/div>\n\n\n<h3 class=\"wp-block-heading has-text-align-center advgb-dyn-cec31636\">VOLLEY<\/h3>\n\n\n\n<ul class=\"wp-block-list\">\n<li>Siatk\u00f3wka IMOCO<\/li>\n\n\n\n<li>VOLLEY TEAM CLUB San Don\u00e0 di Piave<\/li>\n\n\n\n<li>MONTEBELLUNA Siatk\u00f3wka<\/li>\n<\/ul>\n\n<\/div>\n\n<div class=\"grids-area\" style=\"--_ga-column:5\/9;--_ga-row:3\/7;--_ga-m-desktop:0 0 0 0;--_ga-p-desktop:0 0 0 0;--_ga-bg-desktop:transparent none;--_ga-zi-desktop:auto;--_ga-d-desktop:flex;--_ga-mw-desktop:calc(100% - 0 - 0);--_ga-m-tablet:0 0 0 0;--_ga-p-tablet:0 0 0 0;--_ga-bg-tablet:transparent none;--_ga-zi-tablet:auto;--_ga-d-tablet:flex;--_ga-mw-tablet:calc(100% - 0 - 0);--_ga-m-mobile:0 0 0 0;--_ga-p-mobile:0 0 0 0;--_ga-bg-mobile:transparent none;--_ga-zi-mobile:auto;--_ga-d-mobile:flex;--_ga-mw-mobile:calc(100% - 0 - 0)\">\n<div class=\"wp-block-image\">\n<figure class=\"aligncenter size-full is-resized\"><img decoding=\"async\" src=\"https:\/\/www.villaggiosanfrancesco.com\/wp-content\/uploads\/2023\/04\/american-football.png\" alt=\"\" class=\"wp-image-14774\" width=\"128\" height=\"128\" srcset=\"https:\/\/www.villaggiosanfrancesco.com\/wp-content\/uploads\/2023\/04\/american-football.png 512w, https:\/\/www.villaggiosanfrancesco.com\/wp-content\/uploads\/2023\/04\/american-football-300x300.png 300w, https:\/\/www.villaggiosanfrancesco.com\/wp-content\/uploads\/2023\/04\/american-football-150x150.png 150w\" sizes=\"(max-width: 128px) 100vw, 128px\" \/><\/figure><\/div>\n\n\n<h3 class=\"wp-block-heading has-text-align-center advgb-dyn-74608edb\">RUGBY<\/h3>\n\n\n\n<ul class=\"wp-block-list\">\n<li>VILLORBA Rugby<\/li>\n\n\n\n<li>ASD JESOLO Rugby<\/li>\n<\/ul>\n\n<\/div>\n\n<div class=\"grids-area\" style=\"--_ga-column:9\/12;--_ga-row:3\/7;--_ga-m-desktop:0 0 0 0;--_ga-p-desktop:0 0 0 0;--_ga-bg-desktop:transparent none;--_ga-zi-desktop:auto;--_ga-d-desktop:flex;--_ga-mw-desktop:calc(100% - 0 - 0);--_ga-m-tablet:0 0 0 0;--_ga-p-tablet:0 0 0 0;--_ga-bg-tablet:transparent none;--_ga-zi-tablet:auto;--_ga-d-tablet:flex;--_ga-mw-tablet:calc(100% - 0 - 0);--_ga-m-mobile:0 0 0 0;--_ga-p-mobile:0 0 0 0;--_ga-bg-mobile:transparent none;--_ga-zi-mobile:auto;--_ga-d-mobile:flex;--_ga-mw-mobile:calc(100% - 0 - 0)\">\n<div class=\"wp-block-image\">\n<figure class=\"aligncenter size-full is-resized\"><img decoding=\"async\" src=\"https:\/\/www.villaggiosanfrancesco.com\/wp-content\/uploads\/2023\/04\/basketball.png\" alt=\"\" class=\"wp-image-14778\" width=\"128\" height=\"128\" srcset=\"https:\/\/www.villaggiosanfrancesco.com\/wp-content\/uploads\/2023\/04\/basketball.png 512w, https:\/\/www.villaggiosanfrancesco.com\/wp-content\/uploads\/2023\/04\/basketball-300x300.png 300w, https:\/\/www.villaggiosanfrancesco.com\/wp-content\/uploads\/2023\/04\/basketball-150x150.png 150w\" sizes=\"(max-width: 128px) 100vw, 128px\" \/><\/figure><\/div>\n\n\n<h3 class=\"wp-block-heading has-text-align-center advgb-dyn-ef4e0d87\">BASKETING<\/h3>\n\n\n\n<ul class=\"wp-block-list\">\n<li>UNIVERSO Treviso Basket<\/li>\n\n\n\n<li>PALLACANESTRO Castelfranco 1952<\/li>\n\n\n\n<li>A.D. NUOVA PALLACANESTRO Treviso<\/li>\n<\/ul>\n\n<\/div>\n<\/div><\/div><div  class=\"grids-section grids-is-advanced\" style=\"--_gs-gap-desktop:0px 0px;--_gs-m-desktop:0 0 0 0;--_gs-p-desktop:0 0 0 0;--_gs-bg-desktop:transparent none;--_gs-bg-xp-desktop:0px;--_gs-zi-desktop:auto;--_gs-d-desktop:block;--_gs-mw-desktop:calc(100% - 0 - 0);--_gs-gap-tablet:0px 0px;--_gs-m-tablet:0 0 0 0;--_gs-p-tablet:0 0 0 0;--_gs-bg-tablet:transparent none;--_gs-bg-xp-tablet:0px;--_gs-zi-tablet:auto;--_gs-d-tablet:block;--_gs-mw-tablet:calc(100% - 0 - 0);--_gs-gap-mobile:0px 0px;--_gs-m-mobile:0 0 0 0;--_gs-p-mobile:0 0 0 0;--_gs-bg-mobile:transparent none;--_gs-bg-xp-mobile:0px;--_gs-zi-mobile:auto;--_gs-d-mobile:block;--_gs-mw-mobile:calc(100% - 0 - 0);--_gs-columns:12;--_gs-rows:6\"><div class=\"grids-s-w_i\">\n<div class=\"grids-area\" style=\"--_ga-column:2\/12;--_ga-row:1\/2;--_ga-m-desktop:0 0 0 0;--_ga-p-desktop:0 0 0 0;--_ga-bg-desktop:transparent none;--_ga-zi-desktop:auto;--_ga-d-desktop:flex;--_ga-mw-desktop:calc(100% - 0 - 0);--_ga-m-tablet:0 0 0 0;--_ga-p-tablet:0 0 0 0;--_ga-bg-tablet:transparent none;--_ga-zi-tablet:auto;--_ga-d-tablet:flex;--_ga-mw-tablet:calc(100% - 0 - 0);--_ga-m-mobile:0 0 0 0;--_ga-p-mobile:0 0 0 0;--_ga-bg-mobile:transparent none;--_ga-zi-mobile:auto;--_ga-d-mobile:flex;--_ga-mw-mobile:calc(100% - 0 - 0)\">\n\n<p><strong>Wsp\u00f3\u0142praca<\/strong> z tymi zespo\u0142ami jest dla BiHoliday sposobem na <strong>dzielenie si\u0119 pasj\u0105 i szacunkiem<\/strong> tych sportowc\u00f3w oraz <strong>szerzenie ich warto\u015bci<\/strong> w\u015br\u00f3d wszystkich zaanga\u017cowanych. <\/p>\n\n\n\n<p>Wspieraj\u0105c kluby sportowe w okolicy, BiHoliday demonstruje swoje zaanga\u017cowanie we <strong>wspieraniu dobrobytu i rozwoju spo\u0142eczno\u015bci<\/strong>, w kt\u00f3rej dzia\u0142a.<\/p>\n\n<\/div>\n<\/div><\/div>","protected":false},"excerpt":{"rendered":"","protected":false},"author":11,"featured_media":21545,"comment_status":"closed","ping_status":"open","sticky":false,"template":"","format":"standard","meta":{"_acf_changed":false,"advgb_blocks_editor_width":"","advgb_blocks_columns_visual_guide":"","footnotes":""},"categories":[81],"tags":[],"class_list":["post-21539","post","type-post","status-publish","format-standard","has-post-thumbnail","hentry","category-bez-kategorii","entry"],"acf":[],"yoast_head":"<!-- This site is optimized with the Yoast SEO plugin v26.0 - https:\/\/yoast.com\/wordpress\/plugins\/seo\/ -->\n<title>\u015awiatowy Dzie\u0144 Sportu - Villaggio San Francesco<\/title>\n<meta name=\"robots\" content=\"index, follow, max-snippet:-1, max-image-preview:large, max-video-preview:-1\" \/>\n<link rel=\"canonical\" href=\"https:\/\/www.villaggiosanfrancesco.com\/pl\/news\/bez-kategorii\/swiatowy-dzien-sportu\/\" \/>\n<meta property=\"og:locale\" content=\"pl_PL\" \/>\n<meta property=\"og:type\" content=\"article\" \/>\n<meta property=\"og:title\" content=\"\u015awiatowy Dzie\u0144 Sportu - Villaggio San Francesco\" \/>\n<meta property=\"og:url\" content=\"https:\/\/www.villaggiosanfrancesco.com\/pl\/news\/bez-kategorii\/swiatowy-dzien-sportu\/\" \/>\n<meta property=\"og:site_name\" content=\"Villaggio San Francesco\" \/>\n<meta property=\"article:publisher\" content=\"https:\/\/www.facebook.com\/VillaggioSanFrancesco\/\" \/>\n<meta property=\"article:published_time\" content=\"2024-01-25T09:53:43+00:00\" \/>\n<meta property=\"article:modified_time\" content=\"2024-02-18T15:02:59+00:00\" \/>\n<meta property=\"og:image\" content=\"https:\/\/www.villaggiosanfrancesco.com\/wp-content\/uploads\/2023\/04\/villaggio-san-francesco-giornata-mondiale-sport-banner.jpg\" \/>\n\t<meta property=\"og:image:width\" content=\"1920\" \/>\n\t<meta property=\"og:image:height\" content=\"1000\" \/>\n\t<meta property=\"og:image:type\" content=\"image\/jpeg\" \/>\n<meta name=\"author\" content=\"federica.cattelan\" \/>\n<meta name=\"twitter:card\" content=\"summary_large_image\" \/>\n<meta name=\"twitter:label1\" content=\"Napisane przez\" \/>\n\t<meta name=\"twitter:data1\" content=\"federica.cattelan\" \/>\n\t<meta name=\"twitter:label2\" content=\"Szacowany czas czytania\" \/>\n\t<meta name=\"twitter:data2\" content=\"1 minuta\" \/>\n<script type=\"application\/ld+json\" class=\"yoast-schema-graph\">{\"@context\":\"https:\/\/schema.org\",\"@graph\":[{\"@type\":\"Article\",\"@id\":\"https:\/\/www.villaggiosanfrancesco.com\/pl\/news\/bez-kategorii\/swiatowy-dzien-sportu\/#article\",\"isPartOf\":{\"@id\":\"https:\/\/www.villaggiosanfrancesco.com\/pl\/news\/bez-kategorii\/swiatowy-dzien-sportu\/\"},\"author\":{\"name\":\"federica.cattelan\",\"@id\":\"https:\/\/www.villaggiosanfrancesco.com\/pl\/#\/schema\/person\/42d2a3617fc01b4bca89f6da4be96550\"},\"headline\":\"\u015awiatowy Dzie\u0144 Sportu\",\"datePublished\":\"2024-01-25T09:53:43+00:00\",\"dateModified\":\"2024-02-18T15:02:59+00:00\",\"mainEntityOfPage\":{\"@id\":\"https:\/\/www.villaggiosanfrancesco.com\/pl\/news\/bez-kategorii\/swiatowy-dzien-sportu\/\"},\"wordCount\":283,\"publisher\":{\"@id\":\"https:\/\/www.villaggiosanfrancesco.com\/pl\/#organization\"},\"image\":{\"@id\":\"https:\/\/www.villaggiosanfrancesco.com\/pl\/news\/bez-kategorii\/swiatowy-dzien-sportu\/#primaryimage\"},\"thumbnailUrl\":\"https:\/\/www.villaggiosanfrancesco.com\/wp-content\/uploads\/2023\/04\/villaggio-san-francesco-giornata-mondiale-sport-banner.jpg\",\"articleSection\":[\"Nowo\u015bci\"],\"inLanguage\":\"pl-PL\"},{\"@type\":\"WebPage\",\"@id\":\"https:\/\/www.villaggiosanfrancesco.com\/pl\/news\/bez-kategorii\/swiatowy-dzien-sportu\/\",\"url\":\"https:\/\/www.villaggiosanfrancesco.com\/pl\/news\/bez-kategorii\/swiatowy-dzien-sportu\/\",\"name\":\"\u015awiatowy Dzie\u0144 Sportu - Villaggio San Francesco\",\"isPartOf\":{\"@id\":\"https:\/\/www.villaggiosanfrancesco.com\/pl\/#website\"},\"primaryImageOfPage\":{\"@id\":\"https:\/\/www.villaggiosanfrancesco.com\/pl\/news\/bez-kategorii\/swiatowy-dzien-sportu\/#primaryimage\"},\"image\":{\"@id\":\"https:\/\/www.villaggiosanfrancesco.com\/pl\/news\/bez-kategorii\/swiatowy-dzien-sportu\/#primaryimage\"},\"thumbnailUrl\":\"https:\/\/www.villaggiosanfrancesco.com\/wp-content\/uploads\/2023\/04\/villaggio-san-francesco-giornata-mondiale-sport-banner.jpg\",\"datePublished\":\"2024-01-25T09:53:43+00:00\",\"dateModified\":\"2024-02-18T15:02:59+00:00\",\"breadcrumb\":{\"@id\":\"https:\/\/www.villaggiosanfrancesco.com\/pl\/news\/bez-kategorii\/swiatowy-dzien-sportu\/#breadcrumb\"},\"inLanguage\":\"pl-PL\",\"potentialAction\":[{\"@type\":\"ReadAction\",\"target\":[\"https:\/\/www.villaggiosanfrancesco.com\/pl\/news\/bez-kategorii\/swiatowy-dzien-sportu\/\"]}]},{\"@type\":\"ImageObject\",\"inLanguage\":\"pl-PL\",\"@id\":\"https:\/\/www.villaggiosanfrancesco.com\/pl\/news\/bez-kategorii\/swiatowy-dzien-sportu\/#primaryimage\",\"url\":\"https:\/\/www.villaggiosanfrancesco.com\/wp-content\/uploads\/2023\/04\/villaggio-san-francesco-giornata-mondiale-sport-banner.jpg\",\"contentUrl\":\"https:\/\/www.villaggiosanfrancesco.com\/wp-content\/uploads\/2023\/04\/villaggio-san-francesco-giornata-mondiale-sport-banner.jpg\",\"width\":1920,\"height\":1000},{\"@type\":\"BreadcrumbList\",\"@id\":\"https:\/\/www.villaggiosanfrancesco.com\/pl\/news\/bez-kategorii\/swiatowy-dzien-sportu\/#breadcrumb\",\"itemListElement\":[{\"@type\":\"ListItem\",\"position\":1,\"name\":\"Home\",\"item\":\"https:\/\/www.villaggiosanfrancesco.com\/pl\/\"},{\"@type\":\"ListItem\",\"position\":2,\"name\":\"Nowo\u015bci\",\"item\":\"https:\/\/www.villaggiosanfrancesco.com\/pl\/news\/category\/bez-kategorii\/\"},{\"@type\":\"ListItem\",\"position\":3,\"name\":\"\u015awiatowy Dzie\u0144 Sportu\"}]},{\"@type\":\"WebSite\",\"@id\":\"https:\/\/www.villaggiosanfrancesco.com\/pl\/#website\",\"url\":\"https:\/\/www.villaggiosanfrancesco.com\/pl\/\",\"name\":\"Villaggio San Francesco\",\"description\":\"Caorle, VENEZIA\",\"publisher\":{\"@id\":\"https:\/\/www.villaggiosanfrancesco.com\/pl\/#organization\"},\"potentialAction\":[{\"@type\":\"SearchAction\",\"target\":{\"@type\":\"EntryPoint\",\"urlTemplate\":\"https:\/\/www.villaggiosanfrancesco.com\/pl\/?s={search_term_string}\"},\"query-input\":{\"@type\":\"PropertyValueSpecification\",\"valueRequired\":true,\"valueName\":\"search_term_string\"}}],\"inLanguage\":\"pl-PL\"},{\"@type\":\"Organization\",\"@id\":\"https:\/\/www.villaggiosanfrancesco.com\/pl\/#organization\",\"name\":\"Villaggio San Francesco\",\"url\":\"https:\/\/www.villaggiosanfrancesco.com\/pl\/\",\"logo\":{\"@type\":\"ImageObject\",\"inLanguage\":\"pl-PL\",\"@id\":\"https:\/\/www.villaggiosanfrancesco.com\/pl\/#\/schema\/logo\/image\/\",\"url\":\"https:\/\/www.villaggiosanfrancesco.com\/wp-content\/uploads\/2023\/03\/Logo-Villaggio-San-Francesco-Caorle-1.png\",\"contentUrl\":\"https:\/\/www.villaggiosanfrancesco.com\/wp-content\/uploads\/2023\/03\/Logo-Villaggio-San-Francesco-Caorle-1.png\",\"width\":1206,\"height\":356,\"caption\":\"Villaggio San Francesco\"},\"image\":{\"@id\":\"https:\/\/www.villaggiosanfrancesco.com\/pl\/#\/schema\/logo\/image\/\"},\"sameAs\":[\"https:\/\/www.facebook.com\/VillaggioSanFrancesco\/\",\"https:\/\/www.instagram.com\/villaggiosanfrancesco\/\",\"https:\/\/www.youtube.com\/channel\/UClXJoJulrb1UANfZodeHn-g\",\"https:\/\/www.tiktok.com\/@sanfrancescoresort\"]},{\"@type\":\"Person\",\"@id\":\"https:\/\/www.villaggiosanfrancesco.com\/pl\/#\/schema\/person\/42d2a3617fc01b4bca89f6da4be96550\",\"name\":\"federica.cattelan\"}]}<\/script>\n<!-- \/ Yoast SEO plugin. -->","yoast_head_json":{"title":"\u015awiatowy Dzie\u0144 Sportu - Villaggio San Francesco","robots":{"index":"index","follow":"follow","max-snippet":"max-snippet:-1","max-image-preview":"max-image-preview:large","max-video-preview":"max-video-preview:-1"},"canonical":"https:\/\/www.villaggiosanfrancesco.com\/pl\/news\/bez-kategorii\/swiatowy-dzien-sportu\/","og_locale":"pl_PL","og_type":"article","og_title":"\u015awiatowy Dzie\u0144 Sportu - Villaggio San Francesco","og_url":"https:\/\/www.villaggiosanfrancesco.com\/pl\/news\/bez-kategorii\/swiatowy-dzien-sportu\/","og_site_name":"Villaggio San Francesco","article_publisher":"https:\/\/www.facebook.com\/VillaggioSanFrancesco\/","article_published_time":"2024-01-25T09:53:43+00:00","article_modified_time":"2024-02-18T15:02:59+00:00","og_image":[{"width":1920,"height":1000,"url":"https:\/\/www.villaggiosanfrancesco.com\/wp-content\/uploads\/2023\/04\/villaggio-san-francesco-giornata-mondiale-sport-banner.jpg","type":"image\/jpeg"}],"author":"federica.cattelan","twitter_card":"summary_large_image","twitter_misc":{"Napisane przez":"federica.cattelan","Szacowany czas czytania":"1 minuta"},"schema":{"@context":"https:\/\/schema.org","@graph":[{"@type":"Article","@id":"https:\/\/www.villaggiosanfrancesco.com\/pl\/news\/bez-kategorii\/swiatowy-dzien-sportu\/#article","isPartOf":{"@id":"https:\/\/www.villaggiosanfrancesco.com\/pl\/news\/bez-kategorii\/swiatowy-dzien-sportu\/"},"author":{"name":"federica.cattelan","@id":"https:\/\/www.villaggiosanfrancesco.com\/pl\/#\/schema\/person\/42d2a3617fc01b4bca89f6da4be96550"},"headline":"\u015awiatowy Dzie\u0144 Sportu","datePublished":"2024-01-25T09:53:43+00:00","dateModified":"2024-02-18T15:02:59+00:00","mainEntityOfPage":{"@id":"https:\/\/www.villaggiosanfrancesco.com\/pl\/news\/bez-kategorii\/swiatowy-dzien-sportu\/"},"wordCount":283,"publisher":{"@id":"https:\/\/www.villaggiosanfrancesco.com\/pl\/#organization"},"image":{"@id":"https:\/\/www.villaggiosanfrancesco.com\/pl\/news\/bez-kategorii\/swiatowy-dzien-sportu\/#primaryimage"},"thumbnailUrl":"https:\/\/www.villaggiosanfrancesco.com\/wp-content\/uploads\/2023\/04\/villaggio-san-francesco-giornata-mondiale-sport-banner.jpg","articleSection":["Nowo\u015bci"],"inLanguage":"pl-PL"},{"@type":"WebPage","@id":"https:\/\/www.villaggiosanfrancesco.com\/pl\/news\/bez-kategorii\/swiatowy-dzien-sportu\/","url":"https:\/\/www.villaggiosanfrancesco.com\/pl\/news\/bez-kategorii\/swiatowy-dzien-sportu\/","name":"\u015awiatowy Dzie\u0144 Sportu - Villaggio San Francesco","isPartOf":{"@id":"https:\/\/www.villaggiosanfrancesco.com\/pl\/#website"},"primaryImageOfPage":{"@id":"https:\/\/www.villaggiosanfrancesco.com\/pl\/news\/bez-kategorii\/swiatowy-dzien-sportu\/#primaryimage"},"image":{"@id":"https:\/\/www.villaggiosanfrancesco.com\/pl\/news\/bez-kategorii\/swiatowy-dzien-sportu\/#primaryimage"},"thumbnailUrl":"https:\/\/www.villaggiosanfrancesco.com\/wp-content\/uploads\/2023\/04\/villaggio-san-francesco-giornata-mondiale-sport-banner.jpg","datePublished":"2024-01-25T09:53:43+00:00","dateModified":"2024-02-18T15:02:59+00:00","breadcrumb":{"@id":"https:\/\/www.villaggiosanfrancesco.com\/pl\/news\/bez-kategorii\/swiatowy-dzien-sportu\/#breadcrumb"},"inLanguage":"pl-PL","potentialAction":[{"@type":"ReadAction","target":["https:\/\/www.villaggiosanfrancesco.com\/pl\/news\/bez-kategorii\/swiatowy-dzien-sportu\/"]}]},{"@type":"ImageObject","inLanguage":"pl-PL","@id":"https:\/\/www.villaggiosanfrancesco.com\/pl\/news\/bez-kategorii\/swiatowy-dzien-sportu\/#primaryimage","url":"https:\/\/www.villaggiosanfrancesco.com\/wp-content\/uploads\/2023\/04\/villaggio-san-francesco-giornata-mondiale-sport-banner.jpg","contentUrl":"https:\/\/www.villaggiosanfrancesco.com\/wp-content\/uploads\/2023\/04\/villaggio-san-francesco-giornata-mondiale-sport-banner.jpg","width":1920,"height":1000},{"@type":"BreadcrumbList","@id":"https:\/\/www.villaggiosanfrancesco.com\/pl\/news\/bez-kategorii\/swiatowy-dzien-sportu\/#breadcrumb","itemListElement":[{"@type":"ListItem","position":1,"name":"Home","item":"https:\/\/www.villaggiosanfrancesco.com\/pl\/"},{"@type":"ListItem","position":2,"name":"Nowo\u015bci","item":"https:\/\/www.villaggiosanfrancesco.com\/pl\/news\/category\/bez-kategorii\/"},{"@type":"ListItem","position":3,"name":"\u015awiatowy Dzie\u0144 Sportu"}]},{"@type":"WebSite","@id":"https:\/\/www.villaggiosanfrancesco.com\/pl\/#website","url":"https:\/\/www.villaggiosanfrancesco.com\/pl\/","name":"Villaggio San Francesco","description":"Caorle, VENEZIA","publisher":{"@id":"https:\/\/www.villaggiosanfrancesco.com\/pl\/#organization"},"potentialAction":[{"@type":"SearchAction","target":{"@type":"EntryPoint","urlTemplate":"https:\/\/www.villaggiosanfrancesco.com\/pl\/?s={search_term_string}"},"query-input":{"@type":"PropertyValueSpecification","valueRequired":true,"valueName":"search_term_string"}}],"inLanguage":"pl-PL"},{"@type":"Organization","@id":"https:\/\/www.villaggiosanfrancesco.com\/pl\/#organization","name":"Villaggio San Francesco","url":"https:\/\/www.villaggiosanfrancesco.com\/pl\/","logo":{"@type":"ImageObject","inLanguage":"pl-PL","@id":"https:\/\/www.villaggiosanfrancesco.com\/pl\/#\/schema\/logo\/image\/","url":"https:\/\/www.villaggiosanfrancesco.com\/wp-content\/uploads\/2023\/03\/Logo-Villaggio-San-Francesco-Caorle-1.png","contentUrl":"https:\/\/www.villaggiosanfrancesco.com\/wp-content\/uploads\/2023\/03\/Logo-Villaggio-San-Francesco-Caorle-1.png","width":1206,"height":356,"caption":"Villaggio San Francesco"},"image":{"@id":"https:\/\/www.villaggiosanfrancesco.com\/pl\/#\/schema\/logo\/image\/"},"sameAs":["https:\/\/www.facebook.com\/VillaggioSanFrancesco\/","https:\/\/www.instagram.com\/villaggiosanfrancesco\/","https:\/\/www.youtube.com\/channel\/UClXJoJulrb1UANfZodeHn-g","https:\/\/www.tiktok.com\/@sanfrancescoresort"]},{"@type":"Person","@id":"https:\/\/www.villaggiosanfrancesco.com\/pl\/#\/schema\/person\/42d2a3617fc01b4bca89f6da4be96550","name":"federica.cattelan"}]}},"author_meta":{"display_name":"federica.cattelan","author_link":"https:\/\/www.villaggiosanfrancesco.com\/pl\/news\/author\/federica-cattelan\/"},"featured_img":"https:\/\/www.villaggiosanfrancesco.com\/wp-content\/uploads\/2023\/04\/villaggio-san-francesco-giornata-mondiale-sport-banner-300x156.jpg","coauthors":[],"tax_additional":{"categories":{"linked":["<a href=\"https:\/\/www.villaggiosanfrancesco.com\/pl\/news\/category\/bez-kategorii\/\" class=\"advgb-post-tax-term\">Nowo\u015bci<\/a>"],"unlinked":["<span class=\"advgb-post-tax-term\">Nowo\u015bci<\/span>"]}},"comment_count":"0","relative_dates":{"created":"Posted 2 lata ago","modified":"Updated 2 lata ago"},"absolute_dates":{"created":"Posted on 25 stycznia, 2024","modified":"Updated on 18 lutego, 2024"},"absolute_dates_time":{"created":"Posted on 25 stycznia, 2024 10:53 am","modified":"Updated on 18 lutego, 2024 4:02 pm"},"featured_img_caption":"","series_order":"","_links":{"self":[{"href":"https:\/\/www.villaggiosanfrancesco.com\/pl\/wp-json\/wp\/v2\/posts\/21539","targetHints":{"allow":["GET"]}}],"collection":[{"href":"https:\/\/www.villaggiosanfrancesco.com\/pl\/wp-json\/wp\/v2\/posts"}],"about":[{"href":"https:\/\/www.villaggiosanfrancesco.com\/pl\/wp-json\/wp\/v2\/types\/post"}],"author":[{"embeddable":true,"href":"https:\/\/www.villaggiosanfrancesco.com\/pl\/wp-json\/wp\/v2\/users\/11"}],"replies":[{"embeddable":true,"href":"https:\/\/www.villaggiosanfrancesco.com\/pl\/wp-json\/wp\/v2\/comments?post=21539"}],"version-history":[{"count":0,"href":"https:\/\/www.villaggiosanfrancesco.com\/pl\/wp-json\/wp\/v2\/posts\/21539\/revisions"}],"wp:featuredmedia":[{"embeddable":true,"href":"https:\/\/www.villaggiosanfrancesco.com\/pl\/wp-json\/wp\/v2\/media\/21545"}],"wp:attachment":[{"href":"https:\/\/www.villaggiosanfrancesco.com\/pl\/wp-json\/wp\/v2\/media?parent=21539"}],"wp:term":[{"taxonomy":"category","embeddable":true,"href":"https:\/\/www.villaggiosanfrancesco.com\/pl\/wp-json\/wp\/v2\/categories?post=21539"},{"taxonomy":"post_tag","embeddable":true,"href":"https:\/\/www.villaggiosanfrancesco.com\/pl\/wp-json\/wp\/v2\/tags?post=21539"}],"curies":[{"name":"wp","href":"https:\/\/api.w.org\/{rel}","templated":true}]}}