{"id":21406,"date":"2024-01-25T10:53:18","date_gmt":"2024-01-25T09:53:18","guid":{"rendered":"https:\/\/www.villaggiosanfrancesco.com\/news\/bez-kategorii\/swiatowy-dzien-ochrony-srodowiska\/"},"modified":"2024-02-20T21:41:50","modified_gmt":"2024-02-20T20:41:50","slug":"swiatowy-dzien-ochrony-srodowiska","status":"publish","type":"post","link":"https:\/\/www.villaggiosanfrancesco.com\/pl\/news\/bez-kategorii\/swiatowy-dzien-ochrony-srodowiska\/","title":{"rendered":"\u015awiatowy Dzie\u0144 Ochrony \u015arodowiska"},"content":{"rendered":"<div  class=\"grids-section grids-is-advanced alignwide\" style=\"--_gs-gap-desktop:0px 0px;--_gs-m-desktop:0 0 0 0;--_gs-p-desktop:0 0 0 0;--_gs-bg-desktop:transparent none;--_gs-bg-xp-desktop:0px;--_gs-zi-desktop:auto;--_gs-d-desktop:block;--_gs-mw-desktop:calc(100% - 0 - 0);--_gs-gap-tablet:0px 0px;--_gs-m-tablet:0 0 0 0;--_gs-p-tablet:0 0 0 0;--_gs-bg-tablet:transparent none;--_gs-bg-xp-tablet:0px;--_gs-zi-tablet:auto;--_gs-d-tablet:block;--_gs-mw-tablet:calc(100% - 0 - 0);--_gs-gap-mobile:0px 0px;--_gs-m-mobile:0 0 0 0;--_gs-p-mobile:0 0 0 0;--_gs-bg-mobile:transparent none;--_gs-bg-xp-mobile:0px;--_gs-zi-mobile:auto;--_gs-d-mobile:block;--_gs-mw-mobile:calc(100% - 0 - 0);--_gs-columns:12;--_gs-rows:6\"><div class=\"grids-s-w_i\">\n<div class=\"grids-area\" style=\"--_ga-column:2\/12;--_ga-row:1\/3;--_ga-m-desktop:0 0 0 0;--_ga-p-desktop:0 0 0 0;--_ga-bg-desktop:transparent none;--_ga-zi-desktop:auto;--_ga-d-desktop:flex;--_ga-mw-desktop:calc(100% - 0 - 0);--_ga-m-tablet:0 0 0 0;--_ga-p-tablet:0 0 0 0;--_ga-bg-tablet:transparent none;--_ga-zi-tablet:auto;--_ga-d-tablet:flex;--_ga-mw-tablet:calc(100% - 0 - 0);--_ga-m-mobile:0 0 0 0;--_ga-p-mobile:0 10% 0 10%;--_ga-bg-mobile:transparent none;--_ga-zi-mobile:auto;--_ga-d-mobile:flex;--_ga-mw-mobile:calc(100% - 0 - 0)\">\n\n<h3 class=\"wp-block-heading\">&#8222;\u015aRODOWISKO&#8221; &#8211; wa\u017cny element naszego \u017cycia<\/h3>\n\n\n\n<p>\u015arodowisko, w kt\u00f3rym \u017cyjemy. \u015arodowisko, w kt\u00f3rym wchodzimy ze sob\u0105 w interakcje. \u015arodowisko, kt\u00f3re musimy chroni\u0107 dla siebie i zapewni\u0107 lepsz\u0105, bardziej zr\u00f3wnowa\u017con\u0105 przysz\u0142o\u015b\u0107 tym, kt\u00f3rzy przyjd\u0105 po nas, zar\u00f3wno pod wzgl\u0119dem \u015brodowiskowym, jak i ludzkim.<\/p>\n\n\n\n<p>Ludzko\u015b\u0107 musi by\u0107 gotowa zadba\u0107 o otaczaj\u0105c\u0105 przestrze\u0144, wprowadzaj\u0105c indywidualne i zbiorowe dzia\u0142ania, kt\u00f3re maj\u0105 na celu zaanga\u017cowanie wszystkich, by naprawi\u0107 b\u0142\u0119dy, podnie\u015b\u0107 g\u0142os, kt\u00f3ry m\u00f3wi o pi\u0119knie i ochronie.<\/p>\n\n\n\n<div style=\"height:40px\" aria-hidden=\"true\" class=\"wp-block-spacer\"><\/div>\n\n\n\n<h2 class=\"has-text-align-center wp-block-heading\">Od 15 grudnia 1972 r. obchodzony jest Dzie\u0144 Ochrony \u015arodowiska.<\/h2>\n\n\n\n<div style=\"height:40px\" aria-hidden=\"true\" class=\"wp-block-spacer\"><\/div>\n\n\n\n<p><strong>15 grudnia 1972 r.<\/strong> Zgromadzenie Narod\u00f3w Zjednoczonych ustanowi\u0142o 5 czerwca dniem obchod\u00f3w <em>&#8221; <\/em>\u015awiatowego Dnia \u015arodowiska&#8221;, kt\u00f3rego gospodarzem w tym roku b\u0119dzie Szwecja, we wsp\u00f3\u0142pracy z Programem \u015arodowiskowym Organizacji Narod\u00f3w Zjednoczonych (UNEP). <\/p>\n\n<\/div>\n\n<div class=\"grids-area\" style=\"--_ga-column:3\/5;--_ga-row:3\/5;--_ga-m-desktop:0 0 0 0;--_ga-p-desktop:0 0 0 0;--_ga-bg-desktop:transparent none;--_ga-zi-desktop:auto;--_ga-d-desktop:flex;--_ga-mw-desktop:calc(100% - 0 - 0);--_ga-m-tablet:0 0 0 0;--_ga-p-tablet:0 0 0 0;--_ga-bg-tablet:transparent none;--_ga-zi-tablet:auto;--_ga-d-tablet:flex;--_ga-mw-tablet:calc(100% - 0 - 0);--_ga-m-mobile:0 0 0 0;--_ga-p-mobile:0 0 0 0;--_ga-bg-mobile:transparent none;--_ga-zi-mobile:auto;--_ga-d-mobile:flex;--_ga-mw-mobile:calc(100% - 0 - 0)\">\n\n<figure class=\"wp-block-image size-full\"><img style=\"background-color: #d9eff1;\" decoding=\"async\" width=\"250\" height=\"250\" src=\"https:\/\/www.villaggiosanfrancesco.com\/wp-content\/uploads\/2022\/08\/Save_water_Villaggio_San_Francesco_Caorle.jpg\" alt=\"Save_water_Village_San_Francesco_Caorle\" class=\"wp-image-4829\" srcset=\"https:\/\/www.villaggiosanfrancesco.com\/wp-content\/uploads\/2022\/08\/Save_water_Villaggio_San_Francesco_Caorle.jpg 250w, https:\/\/www.villaggiosanfrancesco.com\/wp-content\/uploads\/2022\/08\/Save_water_Villaggio_San_Francesco_Caorle-150x150.jpg 150w\" sizes=\"(max-width: 250px) 100vw, 250px\" \/><\/figure>\n\n<\/div>\n\n<div class=\"grids-area\" style=\"--_ga-column:5\/7;--_ga-row:3\/5;--_ga-m-desktop:0 0 0 0;--_ga-p-desktop:0 0 0 0;--_ga-bg-desktop:transparent none;--_ga-zi-desktop:auto;--_ga-d-desktop:flex;--_ga-mw-desktop:calc(100% - 0 - 0);--_ga-m-tablet:0 0 0 0;--_ga-p-tablet:0 0 0 0;--_ga-bg-tablet:transparent none;--_ga-zi-tablet:auto;--_ga-d-tablet:flex;--_ga-mw-tablet:calc(100% - 0 - 0);--_ga-m-mobile:0 0 0 0;--_ga-p-mobile:0 0 0 0;--_ga-bg-mobile:transparent none;--_ga-zi-mobile:auto;--_ga-d-mobile:flex;--_ga-mw-mobile:calc(100% - 0 - 0)\">\n\n<figure class=\"wp-block-image size-full\"><img style=\"background-color: #dfe8e2;\" decoding=\"async\" width=\"250\" height=\"250\" src=\"https:\/\/www.villaggiosanfrancesco.com\/wp-content\/uploads\/2022\/08\/Go_green_Villaggio_San_Francesco_Caorle.jpg\" alt=\"Go_green_Village_San_Francesco_Caorle\" class=\"wp-image-4813\" srcset=\"https:\/\/www.villaggiosanfrancesco.com\/wp-content\/uploads\/2022\/08\/Go_green_Villaggio_San_Francesco_Caorle.jpg 250w, https:\/\/www.villaggiosanfrancesco.com\/wp-content\/uploads\/2022\/08\/Go_green_Villaggio_San_Francesco_Caorle-150x150.jpg 150w\" sizes=\"(max-width: 250px) 100vw, 250px\" \/><\/figure>\n\n<\/div>\n\n<div class=\"grids-area\" style=\"--_ga-column:7\/9;--_ga-row:3\/5;--_ga-m-desktop:0 0 0 0;--_ga-p-desktop:0 0 0 0;--_ga-bg-desktop:transparent none;--_ga-zi-desktop:auto;--_ga-d-desktop:flex;--_ga-mw-desktop:calc(100% - 0 - 0);--_ga-m-tablet:0 0 0 0;--_ga-p-tablet:0 0 0 0;--_ga-bg-tablet:transparent none;--_ga-zi-tablet:auto;--_ga-d-tablet:flex;--_ga-mw-tablet:calc(100% - 0 - 0);--_ga-m-mobile:0 0 0 0;--_ga-p-mobile:0 0 0 0;--_ga-bg-mobile:transparent none;--_ga-zi-mobile:auto;--_ga-d-mobile:flex;--_ga-mw-mobile:calc(100% - 0 - 0)\">\n\n<figure class=\"wp-block-image size-full\"><img style=\"background-color: #e3f0ef;\" decoding=\"async\" width=\"250\" height=\"250\" src=\"https:\/\/www.villaggiosanfrancesco.com\/wp-content\/uploads\/2022\/08\/No_plastic_Villaggio_San_Francesco_Caorle.jpg\" alt=\"No_plastic_Village_San_Francesco_Caorle\" class=\"wp-image-4821\" srcset=\"https:\/\/www.villaggiosanfrancesco.com\/wp-content\/uploads\/2022\/08\/No_plastic_Villaggio_San_Francesco_Caorle.jpg 250w, https:\/\/www.villaggiosanfrancesco.com\/wp-content\/uploads\/2022\/08\/No_plastic_Villaggio_San_Francesco_Caorle-150x150.jpg 150w\" sizes=\"(max-width: 250px) 100vw, 250px\" \/><\/figure>\n\n<\/div>\n\n<div class=\"grids-area\" style=\"--_ga-column:9\/11;--_ga-row:3\/5;--_ga-m-desktop:0 0 0 0;--_ga-p-desktop:0 0 0 0;--_ga-bg-desktop:transparent none;--_ga-zi-desktop:auto;--_ga-d-desktop:flex;--_ga-mw-desktop:calc(100% - 0 - 0);--_ga-m-tablet:0 0 0 0;--_ga-p-tablet:0 0 0 0;--_ga-bg-tablet:transparent none;--_ga-zi-tablet:auto;--_ga-d-tablet:flex;--_ga-mw-tablet:calc(100% - 0 - 0);--_ga-m-mobile:0 0 0 0;--_ga-p-mobile:0 0 0 0;--_ga-bg-mobile:transparent none;--_ga-zi-mobile:auto;--_ga-d-mobile:flex;--_ga-mw-mobile:calc(100% - 0 - 0)\">\n\n<figure class=\"wp-block-image size-full\"><img style=\"background-color: #edf0e6;\" decoding=\"async\" width=\"250\" height=\"250\" src=\"https:\/\/www.villaggiosanfrancesco.com\/wp-content\/uploads\/2022\/08\/Save_energy_Villaggio_San_Francesco_Caorle.jpg\" alt=\"Save_energy_Village_San_Francesco_Caorle\" class=\"wp-image-4825\" srcset=\"https:\/\/www.villaggiosanfrancesco.com\/wp-content\/uploads\/2022\/08\/Save_energy_Villaggio_San_Francesco_Caorle.jpg 250w, https:\/\/www.villaggiosanfrancesco.com\/wp-content\/uploads\/2022\/08\/Save_energy_Villaggio_San_Francesco_Caorle-150x150.jpg 150w\" sizes=\"(max-width: 250px) 100vw, 250px\" \/><\/figure>\n\n<\/div>\n\n<div class=\"grids-area\" style=\"--_ga-column:2\/12;--_ga-row:5\/7;--_ga-m-desktop:0 0 0 0;--_ga-p-desktop:0 0 0 0;--_ga-bg-desktop:transparent none;--_ga-zi-desktop:auto;--_ga-d-desktop:flex;--_ga-mw-desktop:calc(100% - 0 - 0);--_ga-m-tablet:0 0 0 0;--_ga-p-tablet:0 0 0 0;--_ga-bg-tablet:transparent none;--_ga-zi-tablet:auto;--_ga-d-tablet:flex;--_ga-mw-tablet:calc(100% - 0 - 0);--_ga-m-mobile:0 0 0 0;--_ga-p-mobile:0 10% 0 10%;--_ga-bg-mobile:transparent none;--_ga-zi-mobile:auto;--_ga-d-mobile:flex;--_ga-mw-mobile:calc(100% - 0 - 0)\">\n\n<h2 class=\"has-text-align-center wp-block-heading\">&#8222;Tylko jedna Ziemia&#8221;, has\u0142o \u015awiatowego Dnia \u015arodowiska 2022 m\u00f3wi samo za siebie: ko\u0144czy nam si\u0119 czas<\/h2>\n\n\n\n<p>Od tego czasu ka\u017cdego roku temu dniu towarzyszy has\u0142o: &#8222;<strong><em>Just One Earth&#8221;.<\/em><\/strong> W 2022 roku, aby podkre\u015bli\u0107, jak bardzo nasza przysz\u0142o\u015b\u0107 jest nierozerwalnie zwi\u0105zana z dobrostanem naszej planety i trosk\u0105 o ludzi, kt\u00f3rzy j\u0105 zamieszkuj\u0105. Ochrona \u015brodowiska jest r\u00f3wnie\u017c jednym z fundament\u00f3w <strong>Agendy 2030 <\/strong>, kt\u00f3ra po\u015bwi\u0119ca jeden z Cel\u00f3w Zr\u00f3wnowa\u017conego Rozwoju (SDG), numer 15, w\u0142a\u015bnie temu tematowi.<\/p>\n\n<\/div>\n<\/div><\/div><div  class=\"grids-section grids-is-advanced alignwide\" style=\"--_gs-gap-desktop:0px 0px;--_gs-m-desktop:100px 100px 0 0;--_gs-p-desktop:0 0 0 0;--_gs-bg-desktop:transparent none;--_gs-bg-xp-desktop:0px;--_gs-zi-desktop:auto;--_gs-d-desktop:block;--_gs-mw-desktop:calc(100% - 0 - 100px);--_gs-gap-tablet:0px 0px;--_gs-m-tablet:100px 100px 0 0;--_gs-p-tablet:0 0 0 0;--_gs-bg-tablet:transparent none;--_gs-bg-xp-tablet:0px;--_gs-zi-tablet:auto;--_gs-d-tablet:block;--_gs-mw-tablet:calc(100% - 0 - 100px);--_gs-gap-mobile:0px 0px;--_gs-m-mobile:100px 100px 0 0;--_gs-p-mobile:0 0 0 0;--_gs-bg-mobile:transparent none;--_gs-bg-xp-mobile:0px;--_gs-zi-mobile:auto;--_gs-d-mobile:block;--_gs-mw-mobile:calc(100% - 0 - 100px);--_gs-columns:12;--_gs-rows:6\"><div class=\"grids-s-w_i\">\n<div class=\"grids-area\" style=\"--_ga-column:3\/6;--_ga-row:1\/4;--_ga-va:center;--_ga-m-desktop:0 0 0 100px;--_ga-p-desktop:0 0 0 0;--_ga-bg-desktop:transparent none;--_ga-zi-desktop:auto;--_ga-d-desktop:flex;--_ga-mw-desktop:calc(100% - 100px - 0);--_ga-m-tablet:0 0 0 100px;--_ga-p-tablet:0 0 0 0;--_ga-bg-tablet:transparent none;--_ga-zi-tablet:auto;--_ga-d-tablet:flex;--_ga-mw-tablet:calc(100% - 100px - 0);--_ga-m-mobile:0 0 0 100px;--_ga-p-mobile:0 0 0 0;--_ga-bg-mobile:transparent none;--_ga-zi-mobile:auto;--_ga-d-mobile:flex;--_ga-mw-mobile:calc(100% - 100px - 0)\">\n\n<span class=\"vc_icon_element-icon fab fa-pagelines\" style=\"color:#9cbf43 !important\"><\/span>\n\n\n\n<h2 class=\"has-text-align-center wp-block-heading\">Zr\u00f3wnowa\u017cony rozw\u00f3j i \u015bwiadomy dobrobyt to jedne z podstawowych warto\u015bci Bi Holiday.<\/h2>\n\n<\/div>\n\n<div class=\"grids-area\" style=\"--_ga-column:7\/11;--_ga-row:1\/4;--_ga-va:center;--_ga-m-desktop:0 0 0 0;--_ga-p-desktop:30px 60px 50px 60px;--_ga-bg-desktop:#9cbf43 none;--_ga-zi-desktop:auto;--_ga-d-desktop:flex;--_ga-mw-desktop:calc(100% - 0 - 0);--_ga-m-tablet:0 0 0 0;--_ga-p-tablet:30px 60px 50px 60px;--_ga-bg-tablet:#9cbf43 none;--_ga-zi-tablet:auto;--_ga-d-tablet:flex;--_ga-mw-tablet:calc(100% - 0 - 0);--_ga-m-mobile:0 0 0 30%;--_ga-p-mobile:30px 60px 50px 15%;--_ga-bg-mobile:#9cbf43 none;--_ga-zi-mobile:auto;--_ga-d-mobile:flex;--_ga-mw-mobile:calc(100% - 30% - 0)\">\n\n<figure class=\"wp-block-image size-full\"><img decoding=\"async\" width=\"350\" height=\"200\" src=\"https:\/\/www.villaggiosanfrancesco.com\/wp-content\/uploads\/2022\/08\/Logo_BiHoliday_Villaggio_San_Francesco_Caorle-1.png\" alt=\"\" class=\"wp-image-4837\" srcset=\"https:\/\/www.villaggiosanfrancesco.com\/wp-content\/uploads\/2022\/08\/Logo_BiHoliday_Villaggio_San_Francesco_Caorle-1.png 350w, https:\/\/www.villaggiosanfrancesco.com\/wp-content\/uploads\/2022\/08\/Logo_BiHoliday_Villaggio_San_Francesco_Caorle-1-300x171.png 300w\" sizes=\"(max-width: 350px) 100vw, 350px\" \/><\/figure>\n\n\n\n<p><strong>O\u015brodki Bi<\/strong> Holiday zawsze mia\u0142y na celu wzmocnienie tych koncepcji, czyni\u0105c obszary wewn\u0119trzne i zewn\u0119trzne cennymi terytoriami dla poprawy i poszanowania r\u00f3\u017cnorodno\u015bci biologicznej. Dedykowane warsztaty, tereny zielone pod opiek\u0105 wyspecjalizowanego personelu i podnoszenie \u015bwiadomo\u015bci na temat kwestii zwi\u0105zanych z dobrostanem naszej planety to tylko niekt\u00f3re z dzia\u0142a\u0144 realizowanych przez Bi Holiday, kt\u00f3re jasno pokazuj\u0105, \u017ce warto\u015b\u0107 zr\u00f3wnowa\u017conego rozwoju jest kamieniem w\u0119gielnym dobrobytu firmy, warto\u015bci\u0105, kt\u00f3r\u0105 podzielaj\u0105 r\u00f3wnie\u017c klienci kurort\u00f3w.<\/p>\n\n<\/div>\n\n<div class=\"grids-area\" style=\"--_ga-column:1\/13;--_ga-row:4\/7;--_ga-m-desktop:100px 0 0 0;--_ga-p-desktop:0 0 0 0;--_ga-bg-desktop:transparent url(https:\/\/www.villaggiosanfrancesco.com\/wp-content\/uploads\/2022\/08\/Sfondo_ambiente_Villaggio_San_Francesco_Caorle.jpg) no-repeat 50% 50%;--_ga-zi-desktop:auto;--_ga-d-desktop:flex;--_ga-mw-desktop:calc(100% - 0 - 0);--_ga-m-tablet:100px 0 0 0;--_ga-p-tablet:0 0 0 0;--_ga-bg-tablet:transparent url(https:\/\/www.villaggiosanfrancesco.com\/wp-content\/uploads\/2022\/08\/Sfondo_ambiente_Villaggio_San_Francesco_Caorle.jpg) no-repeat 50% 50%;--_ga-zi-tablet:auto;--_ga-d-tablet:flex;--_ga-mw-tablet:calc(100% - 0 - 0);--_ga-m-mobile:100px 0 0 5%;--_ga-p-mobile:0 10% 0 15%;--_ga-bg-mobile:transparent url(https:\/\/www.villaggiosanfrancesco.com\/wp-content\/uploads\/2022\/08\/Sfondo_ambiente_Villaggio_San_Francesco_Caorle.jpg) no-repeat 50% 50%;--_ga-zi-mobile:auto;--_ga-d-mobile:flex;--_ga-mw-mobile:calc(100% - 5% - 0)\">\n\n<div style=\"height:40px\" aria-hidden=\"true\" class=\"wp-block-spacer\"><\/div>\n\n\n\n<h2 class=\"has-text-align-center wp-block-heading\">Pi\u0119kno, cz\u0142owiecze\u0144stwo, szacunek: s\u0142owa kluczowe \u015awiatowego Dnia \u015arodowiska<\/h2>\n\n\n\n<p class=\"has-text-align-center\"><em><strong>&#8222;Razem dla lepszej przysz\u0142o\u015bci&#8221;,<\/strong><\/em> to has\u0142o le\u017c\u0105ce u podstaw tego sentymentu, aby <em>&#8222;Tylko jedna Ziemia&#8221;<\/em> sta\u0142a si\u0119 og\u0142uszaj\u0105cym kolorem, kt\u00f3ry nale\u017cy obserwowa\u0107 bez granic.<\/p>\n\n<\/div>\n<\/div><\/div>","protected":false},"excerpt":{"rendered":"","protected":false},"author":1,"featured_media":21407,"comment_status":"closed","ping_status":"open","sticky":false,"template":"","format":"standard","meta":{"_acf_changed":false,"advgb_blocks_editor_width":"","advgb_blocks_columns_visual_guide":"","footnotes":""},"categories":[81],"tags":[],"class_list":["post-21406","post","type-post","status-publish","format-standard","has-post-thumbnail","hentry","category-bez-kategorii","entry"],"acf":[],"yoast_head":"<!-- This site is optimized with the Yoast SEO plugin v26.0 - https:\/\/yoast.com\/wordpress\/plugins\/seo\/ -->\n<title>\u015awiatowy Dzie\u0144 Ochrony \u015arodowiska - Villaggio San Francesco<\/title>\n<meta name=\"robots\" content=\"index, follow, max-snippet:-1, max-image-preview:large, max-video-preview:-1\" \/>\n<link rel=\"canonical\" href=\"https:\/\/www.villaggiosanfrancesco.com\/pl\/news\/bez-kategorii\/swiatowy-dzien-ochrony-srodowiska\/\" \/>\n<meta property=\"og:locale\" content=\"pl_PL\" \/>\n<meta property=\"og:type\" content=\"article\" \/>\n<meta property=\"og:title\" content=\"\u015awiatowy Dzie\u0144 Ochrony \u015arodowiska - Villaggio San Francesco\" \/>\n<meta property=\"og:url\" content=\"https:\/\/www.villaggiosanfrancesco.com\/pl\/news\/bez-kategorii\/swiatowy-dzien-ochrony-srodowiska\/\" \/>\n<meta property=\"og:site_name\" content=\"Villaggio San Francesco\" \/>\n<meta property=\"article:publisher\" content=\"https:\/\/www.facebook.com\/VillaggioSanFrancesco\/\" \/>\n<meta property=\"article:published_time\" content=\"2024-01-25T09:53:18+00:00\" \/>\n<meta property=\"article:modified_time\" content=\"2024-02-20T20:41:50+00:00\" \/>\n<meta property=\"og:image\" content=\"https:\/\/www.villaggiosanfrancesco.com\/wp-content\/uploads\/2022\/08\/Giornata_ambiente_Villaggio_San_Francesco_Caorle.jpg\" \/>\n\t<meta property=\"og:image:width\" content=\"1900\" \/>\n\t<meta property=\"og:image:height\" content=\"550\" \/>\n\t<meta property=\"og:image:type\" content=\"image\/jpeg\" \/>\n<meta name=\"author\" content=\"admin\" \/>\n<meta name=\"twitter:card\" content=\"summary_large_image\" \/>\n<meta name=\"twitter:label1\" content=\"Napisane przez\" \/>\n\t<meta name=\"twitter:data1\" content=\"admin\" \/>\n\t<meta name=\"twitter:label2\" content=\"Szacowany czas czytania\" \/>\n\t<meta name=\"twitter:data2\" content=\"2 minuty\" \/>\n<script type=\"application\/ld+json\" class=\"yoast-schema-graph\">{\"@context\":\"https:\/\/schema.org\",\"@graph\":[{\"@type\":\"Article\",\"@id\":\"https:\/\/www.villaggiosanfrancesco.com\/pl\/news\/bez-kategorii\/swiatowy-dzien-ochrony-srodowiska\/#article\",\"isPartOf\":{\"@id\":\"https:\/\/www.villaggiosanfrancesco.com\/pl\/news\/bez-kategorii\/swiatowy-dzien-ochrony-srodowiska\/\"},\"author\":{\"name\":\"admin\",\"@id\":\"https:\/\/www.villaggiosanfrancesco.com\/pl\/#\/schema\/person\/843a17529217e331813a8c3ca5e32d59\"},\"headline\":\"\u015awiatowy Dzie\u0144 Ochrony \u015arodowiska\",\"datePublished\":\"2024-01-25T09:53:18+00:00\",\"dateModified\":\"2024-02-20T20:41:50+00:00\",\"mainEntityOfPage\":{\"@id\":\"https:\/\/www.villaggiosanfrancesco.com\/pl\/news\/bez-kategorii\/swiatowy-dzien-ochrony-srodowiska\/\"},\"wordCount\":376,\"publisher\":{\"@id\":\"https:\/\/www.villaggiosanfrancesco.com\/pl\/#organization\"},\"image\":{\"@id\":\"https:\/\/www.villaggiosanfrancesco.com\/pl\/news\/bez-kategorii\/swiatowy-dzien-ochrony-srodowiska\/#primaryimage\"},\"thumbnailUrl\":\"https:\/\/www.villaggiosanfrancesco.com\/wp-content\/uploads\/2022\/08\/Giornata_ambiente_Villaggio_San_Francesco_Caorle.jpg\",\"articleSection\":[\"Nowo\u015bci\"],\"inLanguage\":\"pl-PL\"},{\"@type\":\"WebPage\",\"@id\":\"https:\/\/www.villaggiosanfrancesco.com\/pl\/news\/bez-kategorii\/swiatowy-dzien-ochrony-srodowiska\/\",\"url\":\"https:\/\/www.villaggiosanfrancesco.com\/pl\/news\/bez-kategorii\/swiatowy-dzien-ochrony-srodowiska\/\",\"name\":\"\u015awiatowy Dzie\u0144 Ochrony \u015arodowiska - Villaggio San Francesco\",\"isPartOf\":{\"@id\":\"https:\/\/www.villaggiosanfrancesco.com\/pl\/#website\"},\"primaryImageOfPage\":{\"@id\":\"https:\/\/www.villaggiosanfrancesco.com\/pl\/news\/bez-kategorii\/swiatowy-dzien-ochrony-srodowiska\/#primaryimage\"},\"image\":{\"@id\":\"https:\/\/www.villaggiosanfrancesco.com\/pl\/news\/bez-kategorii\/swiatowy-dzien-ochrony-srodowiska\/#primaryimage\"},\"thumbnailUrl\":\"https:\/\/www.villaggiosanfrancesco.com\/wp-content\/uploads\/2022\/08\/Giornata_ambiente_Villaggio_San_Francesco_Caorle.jpg\",\"datePublished\":\"2024-01-25T09:53:18+00:00\",\"dateModified\":\"2024-02-20T20:41:50+00:00\",\"breadcrumb\":{\"@id\":\"https:\/\/www.villaggiosanfrancesco.com\/pl\/news\/bez-kategorii\/swiatowy-dzien-ochrony-srodowiska\/#breadcrumb\"},\"inLanguage\":\"pl-PL\",\"potentialAction\":[{\"@type\":\"ReadAction\",\"target\":[\"https:\/\/www.villaggiosanfrancesco.com\/pl\/news\/bez-kategorii\/swiatowy-dzien-ochrony-srodowiska\/\"]}]},{\"@type\":\"ImageObject\",\"inLanguage\":\"pl-PL\",\"@id\":\"https:\/\/www.villaggiosanfrancesco.com\/pl\/news\/bez-kategorii\/swiatowy-dzien-ochrony-srodowiska\/#primaryimage\",\"url\":\"https:\/\/www.villaggiosanfrancesco.com\/wp-content\/uploads\/2022\/08\/Giornata_ambiente_Villaggio_San_Francesco_Caorle.jpg\",\"contentUrl\":\"https:\/\/www.villaggiosanfrancesco.com\/wp-content\/uploads\/2022\/08\/Giornata_ambiente_Villaggio_San_Francesco_Caorle.jpg\",\"width\":1900,\"height\":550},{\"@type\":\"BreadcrumbList\",\"@id\":\"https:\/\/www.villaggiosanfrancesco.com\/pl\/news\/bez-kategorii\/swiatowy-dzien-ochrony-srodowiska\/#breadcrumb\",\"itemListElement\":[{\"@type\":\"ListItem\",\"position\":1,\"name\":\"Home\",\"item\":\"https:\/\/www.villaggiosanfrancesco.com\/pl\/\"},{\"@type\":\"ListItem\",\"position\":2,\"name\":\"Nowo\u015bci\",\"item\":\"https:\/\/www.villaggiosanfrancesco.com\/pl\/news\/category\/bez-kategorii\/\"},{\"@type\":\"ListItem\",\"position\":3,\"name\":\"\u015awiatowy Dzie\u0144 Ochrony \u015arodowiska\"}]},{\"@type\":\"WebSite\",\"@id\":\"https:\/\/www.villaggiosanfrancesco.com\/pl\/#website\",\"url\":\"https:\/\/www.villaggiosanfrancesco.com\/pl\/\",\"name\":\"Villaggio San Francesco\",\"description\":\"Caorle, VENEZIA\",\"publisher\":{\"@id\":\"https:\/\/www.villaggiosanfrancesco.com\/pl\/#organization\"},\"potentialAction\":[{\"@type\":\"SearchAction\",\"target\":{\"@type\":\"EntryPoint\",\"urlTemplate\":\"https:\/\/www.villaggiosanfrancesco.com\/pl\/?s={search_term_string}\"},\"query-input\":{\"@type\":\"PropertyValueSpecification\",\"valueRequired\":true,\"valueName\":\"search_term_string\"}}],\"inLanguage\":\"pl-PL\"},{\"@type\":\"Organization\",\"@id\":\"https:\/\/www.villaggiosanfrancesco.com\/pl\/#organization\",\"name\":\"Villaggio San Francesco\",\"url\":\"https:\/\/www.villaggiosanfrancesco.com\/pl\/\",\"logo\":{\"@type\":\"ImageObject\",\"inLanguage\":\"pl-PL\",\"@id\":\"https:\/\/www.villaggiosanfrancesco.com\/pl\/#\/schema\/logo\/image\/\",\"url\":\"https:\/\/www.villaggiosanfrancesco.com\/wp-content\/uploads\/2023\/03\/Logo-Villaggio-San-Francesco-Caorle-1.png\",\"contentUrl\":\"https:\/\/www.villaggiosanfrancesco.com\/wp-content\/uploads\/2023\/03\/Logo-Villaggio-San-Francesco-Caorle-1.png\",\"width\":1206,\"height\":356,\"caption\":\"Villaggio San Francesco\"},\"image\":{\"@id\":\"https:\/\/www.villaggiosanfrancesco.com\/pl\/#\/schema\/logo\/image\/\"},\"sameAs\":[\"https:\/\/www.facebook.com\/VillaggioSanFrancesco\/\",\"https:\/\/www.instagram.com\/villaggiosanfrancesco\/\",\"https:\/\/www.youtube.com\/channel\/UClXJoJulrb1UANfZodeHn-g\",\"https:\/\/www.tiktok.com\/@sanfrancescoresort\"]},{\"@type\":\"Person\",\"@id\":\"https:\/\/www.villaggiosanfrancesco.com\/pl\/#\/schema\/person\/843a17529217e331813a8c3ca5e32d59\",\"name\":\"admin\"}]}<\/script>\n<!-- \/ Yoast SEO plugin. -->","yoast_head_json":{"title":"\u015awiatowy Dzie\u0144 Ochrony \u015arodowiska - Villaggio San Francesco","robots":{"index":"index","follow":"follow","max-snippet":"max-snippet:-1","max-image-preview":"max-image-preview:large","max-video-preview":"max-video-preview:-1"},"canonical":"https:\/\/www.villaggiosanfrancesco.com\/pl\/news\/bez-kategorii\/swiatowy-dzien-ochrony-srodowiska\/","og_locale":"pl_PL","og_type":"article","og_title":"\u015awiatowy Dzie\u0144 Ochrony \u015arodowiska - Villaggio San Francesco","og_url":"https:\/\/www.villaggiosanfrancesco.com\/pl\/news\/bez-kategorii\/swiatowy-dzien-ochrony-srodowiska\/","og_site_name":"Villaggio San Francesco","article_publisher":"https:\/\/www.facebook.com\/VillaggioSanFrancesco\/","article_published_time":"2024-01-25T09:53:18+00:00","article_modified_time":"2024-02-20T20:41:50+00:00","og_image":[{"width":1900,"height":550,"url":"https:\/\/www.villaggiosanfrancesco.com\/wp-content\/uploads\/2022\/08\/Giornata_ambiente_Villaggio_San_Francesco_Caorle.jpg","type":"image\/jpeg"}],"author":"admin","twitter_card":"summary_large_image","twitter_misc":{"Napisane przez":"admin","Szacowany czas czytania":"2 minuty"},"schema":{"@context":"https:\/\/schema.org","@graph":[{"@type":"Article","@id":"https:\/\/www.villaggiosanfrancesco.com\/pl\/news\/bez-kategorii\/swiatowy-dzien-ochrony-srodowiska\/#article","isPartOf":{"@id":"https:\/\/www.villaggiosanfrancesco.com\/pl\/news\/bez-kategorii\/swiatowy-dzien-ochrony-srodowiska\/"},"author":{"name":"admin","@id":"https:\/\/www.villaggiosanfrancesco.com\/pl\/#\/schema\/person\/843a17529217e331813a8c3ca5e32d59"},"headline":"\u015awiatowy Dzie\u0144 Ochrony \u015arodowiska","datePublished":"2024-01-25T09:53:18+00:00","dateModified":"2024-02-20T20:41:50+00:00","mainEntityOfPage":{"@id":"https:\/\/www.villaggiosanfrancesco.com\/pl\/news\/bez-kategorii\/swiatowy-dzien-ochrony-srodowiska\/"},"wordCount":376,"publisher":{"@id":"https:\/\/www.villaggiosanfrancesco.com\/pl\/#organization"},"image":{"@id":"https:\/\/www.villaggiosanfrancesco.com\/pl\/news\/bez-kategorii\/swiatowy-dzien-ochrony-srodowiska\/#primaryimage"},"thumbnailUrl":"https:\/\/www.villaggiosanfrancesco.com\/wp-content\/uploads\/2022\/08\/Giornata_ambiente_Villaggio_San_Francesco_Caorle.jpg","articleSection":["Nowo\u015bci"],"inLanguage":"pl-PL"},{"@type":"WebPage","@id":"https:\/\/www.villaggiosanfrancesco.com\/pl\/news\/bez-kategorii\/swiatowy-dzien-ochrony-srodowiska\/","url":"https:\/\/www.villaggiosanfrancesco.com\/pl\/news\/bez-kategorii\/swiatowy-dzien-ochrony-srodowiska\/","name":"\u015awiatowy Dzie\u0144 Ochrony \u015arodowiska - Villaggio San Francesco","isPartOf":{"@id":"https:\/\/www.villaggiosanfrancesco.com\/pl\/#website"},"primaryImageOfPage":{"@id":"https:\/\/www.villaggiosanfrancesco.com\/pl\/news\/bez-kategorii\/swiatowy-dzien-ochrony-srodowiska\/#primaryimage"},"image":{"@id":"https:\/\/www.villaggiosanfrancesco.com\/pl\/news\/bez-kategorii\/swiatowy-dzien-ochrony-srodowiska\/#primaryimage"},"thumbnailUrl":"https:\/\/www.villaggiosanfrancesco.com\/wp-content\/uploads\/2022\/08\/Giornata_ambiente_Villaggio_San_Francesco_Caorle.jpg","datePublished":"2024-01-25T09:53:18+00:00","dateModified":"2024-02-20T20:41:50+00:00","breadcrumb":{"@id":"https:\/\/www.villaggiosanfrancesco.com\/pl\/news\/bez-kategorii\/swiatowy-dzien-ochrony-srodowiska\/#breadcrumb"},"inLanguage":"pl-PL","potentialAction":[{"@type":"ReadAction","target":["https:\/\/www.villaggiosanfrancesco.com\/pl\/news\/bez-kategorii\/swiatowy-dzien-ochrony-srodowiska\/"]}]},{"@type":"ImageObject","inLanguage":"pl-PL","@id":"https:\/\/www.villaggiosanfrancesco.com\/pl\/news\/bez-kategorii\/swiatowy-dzien-ochrony-srodowiska\/#primaryimage","url":"https:\/\/www.villaggiosanfrancesco.com\/wp-content\/uploads\/2022\/08\/Giornata_ambiente_Villaggio_San_Francesco_Caorle.jpg","contentUrl":"https:\/\/www.villaggiosanfrancesco.com\/wp-content\/uploads\/2022\/08\/Giornata_ambiente_Villaggio_San_Francesco_Caorle.jpg","width":1900,"height":550},{"@type":"BreadcrumbList","@id":"https:\/\/www.villaggiosanfrancesco.com\/pl\/news\/bez-kategorii\/swiatowy-dzien-ochrony-srodowiska\/#breadcrumb","itemListElement":[{"@type":"ListItem","position":1,"name":"Home","item":"https:\/\/www.villaggiosanfrancesco.com\/pl\/"},{"@type":"ListItem","position":2,"name":"Nowo\u015bci","item":"https:\/\/www.villaggiosanfrancesco.com\/pl\/news\/category\/bez-kategorii\/"},{"@type":"ListItem","position":3,"name":"\u015awiatowy Dzie\u0144 Ochrony \u015arodowiska"}]},{"@type":"WebSite","@id":"https:\/\/www.villaggiosanfrancesco.com\/pl\/#website","url":"https:\/\/www.villaggiosanfrancesco.com\/pl\/","name":"Villaggio San Francesco","description":"Caorle, VENEZIA","publisher":{"@id":"https:\/\/www.villaggiosanfrancesco.com\/pl\/#organization"},"potentialAction":[{"@type":"SearchAction","target":{"@type":"EntryPoint","urlTemplate":"https:\/\/www.villaggiosanfrancesco.com\/pl\/?s={search_term_string}"},"query-input":{"@type":"PropertyValueSpecification","valueRequired":true,"valueName":"search_term_string"}}],"inLanguage":"pl-PL"},{"@type":"Organization","@id":"https:\/\/www.villaggiosanfrancesco.com\/pl\/#organization","name":"Villaggio San Francesco","url":"https:\/\/www.villaggiosanfrancesco.com\/pl\/","logo":{"@type":"ImageObject","inLanguage":"pl-PL","@id":"https:\/\/www.villaggiosanfrancesco.com\/pl\/#\/schema\/logo\/image\/","url":"https:\/\/www.villaggiosanfrancesco.com\/wp-content\/uploads\/2023\/03\/Logo-Villaggio-San-Francesco-Caorle-1.png","contentUrl":"https:\/\/www.villaggiosanfrancesco.com\/wp-content\/uploads\/2023\/03\/Logo-Villaggio-San-Francesco-Caorle-1.png","width":1206,"height":356,"caption":"Villaggio San Francesco"},"image":{"@id":"https:\/\/www.villaggiosanfrancesco.com\/pl\/#\/schema\/logo\/image\/"},"sameAs":["https:\/\/www.facebook.com\/VillaggioSanFrancesco\/","https:\/\/www.instagram.com\/villaggiosanfrancesco\/","https:\/\/www.youtube.com\/channel\/UClXJoJulrb1UANfZodeHn-g","https:\/\/www.tiktok.com\/@sanfrancescoresort"]},{"@type":"Person","@id":"https:\/\/www.villaggiosanfrancesco.com\/pl\/#\/schema\/person\/843a17529217e331813a8c3ca5e32d59","name":"admin"}]}},"author_meta":{"display_name":"admin","author_link":"https:\/\/www.villaggiosanfrancesco.com\/pl\/news\/author\/admin\/"},"featured_img":"https:\/\/www.villaggiosanfrancesco.com\/wp-content\/uploads\/2022\/08\/Giornata_ambiente_Villaggio_San_Francesco_Caorle-300x87.jpg","coauthors":[],"tax_additional":{"categories":{"linked":["<a href=\"https:\/\/www.villaggiosanfrancesco.com\/pl\/news\/category\/bez-kategorii\/\" class=\"advgb-post-tax-term\">Nowo\u015bci<\/a>"],"unlinked":["<span class=\"advgb-post-tax-term\">Nowo\u015bci<\/span>"]}},"comment_count":"0","relative_dates":{"created":"Posted 2 lata ago","modified":"Updated 2 lata ago"},"absolute_dates":{"created":"Posted on 25 stycznia, 2024","modified":"Updated on 20 lutego, 2024"},"absolute_dates_time":{"created":"Posted on 25 stycznia, 2024 10:53 am","modified":"Updated on 20 lutego, 2024 9:41 pm"},"featured_img_caption":"","series_order":"","_links":{"self":[{"href":"https:\/\/www.villaggiosanfrancesco.com\/pl\/wp-json\/wp\/v2\/posts\/21406","targetHints":{"allow":["GET"]}}],"collection":[{"href":"https:\/\/www.villaggiosanfrancesco.com\/pl\/wp-json\/wp\/v2\/posts"}],"about":[{"href":"https:\/\/www.villaggiosanfrancesco.com\/pl\/wp-json\/wp\/v2\/types\/post"}],"author":[{"embeddable":true,"href":"https:\/\/www.villaggiosanfrancesco.com\/pl\/wp-json\/wp\/v2\/users\/1"}],"replies":[{"embeddable":true,"href":"https:\/\/www.villaggiosanfrancesco.com\/pl\/wp-json\/wp\/v2\/comments?post=21406"}],"version-history":[{"count":0,"href":"https:\/\/www.villaggiosanfrancesco.com\/pl\/wp-json\/wp\/v2\/posts\/21406\/revisions"}],"wp:featuredmedia":[{"embeddable":true,"href":"https:\/\/www.villaggiosanfrancesco.com\/pl\/wp-json\/wp\/v2\/media\/21407"}],"wp:attachment":[{"href":"https:\/\/www.villaggiosanfrancesco.com\/pl\/wp-json\/wp\/v2\/media?parent=21406"}],"wp:term":[{"taxonomy":"category","embeddable":true,"href":"https:\/\/www.villaggiosanfrancesco.com\/pl\/wp-json\/wp\/v2\/categories?post=21406"},{"taxonomy":"post_tag","embeddable":true,"href":"https:\/\/www.villaggiosanfrancesco.com\/pl\/wp-json\/wp\/v2\/tags?post=21406"}],"curies":[{"name":"wp","href":"https:\/\/api.w.org\/{rel}","templated":true}]}}