{"id":21324,"date":"2024-01-25T10:52:52","date_gmt":"2024-01-25T09:52:52","guid":{"rendered":"https:\/\/www.villaggiosanfrancesco.com\/news\/bez-kategorii\/7th-note-gospel-night\/"},"modified":"2024-02-14T23:00:08","modified_gmt":"2024-02-14T22:00:08","slug":"7th-note-gospel-night","status":"publish","type":"post","link":"https:\/\/www.villaggiosanfrancesco.com\/pl\/news\/wydarzenia\/7th-note-gospel-night\/","title":{"rendered":"7th Note Gospel Night"},"content":{"rendered":"<div  class=\"grids-section grids-is-advanced alignwide\" style=\"--_gs-gap-desktop:0px 0px;--_gs-m-desktop:0 0 0 0;--_gs-p-desktop:0 0 0 0;--_gs-bg-desktop:transparent none;--_gs-bg-xp-desktop:0px;--_gs-zi-desktop:auto;--_gs-d-desktop:block;--_gs-mw-desktop:calc(100% - 0 - 0);--_gs-gap-tablet:0px 0px;--_gs-m-tablet:0 0 0 0;--_gs-p-tablet:0 0 0 0;--_gs-bg-tablet:transparent none;--_gs-bg-xp-tablet:0px;--_gs-zi-tablet:auto;--_gs-d-tablet:block;--_gs-mw-tablet:calc(100% - 0 - 0);--_gs-gap-mobile:0px 0px;--_gs-m-mobile:0 0 0 0;--_gs-p-mobile:0 25px 0 25px;--_gs-bg-mobile:transparent none;--_gs-bg-xp-mobile:0px;--_gs-zi-mobile:auto;--_gs-d-mobile:block;--_gs-mw-mobile:calc(100% - 0 - 0);--_gs-columns:12;--_gs-rows:6\"><div class=\"grids-s-w_i\">\n<div class=\"grids-area\" style=\"--_ga-column:2\/12;--_ga-row:2\/4;--_ga-m-desktop:0 0 0 0;--_ga-p-desktop:0 0 0 0;--_ga-bg-desktop:transparent none;--_ga-zi-desktop:auto;--_ga-d-desktop:flex;--_ga-mw-desktop:calc(100% - 0 - 0);--_ga-m-tablet:0 0 0 0;--_ga-p-tablet:0 0 0 0;--_ga-bg-tablet:transparent none;--_ga-zi-tablet:auto;--_ga-d-tablet:flex;--_ga-mw-tablet:calc(100% - 0 - 0);--_ga-m-mobile:0 0 0 0;--_ga-p-mobile:0 0 0 0;--_ga-bg-mobile:transparent none;--_ga-zi-mobile:auto;--_ga-d-mobile:flex;--_ga-mw-mobile:calc(100% - 0 - 0)\">\n\n<p class=\"has-text-align-center\">3 wieczory pe\u0142ne emocji przy muzyce &#8211; 12 lipca, 22 sierpnia i 6 wrze\u015bnia<\/p>\n\n<\/div>\n<\/div><\/div>\t<div id=\"boxTextSlider_2\" class=\"box-text-slider-container-wrapper no-background \" style=\"--box-text-bck-color: #f3f3f3;--box-text-color: #000000;\">\n\n\t\t<div class=\"box-text-slider_content\">\n\t\t\t<h2>Koncert otwarty dla go\u015bci i os\u00f3b odwiedzaj\u0105cych kurort.<\/h2>\n<p>Je\u015bli jeste\u015b ju\u017c go\u015bciem naszego o\u015brodka, masz zagwarantowany wst\u0119p na koncert.<\/p>\n<p>Od tego roku, ze wzgl\u0119du na du\u017ce zainteresowanie, wieczorne koncerty b\u0119d\u0105 r\u00f3wnie\u017c otwarte dla go\u015bci dziennych!<\/p>\n<h4>Wst\u0119p od 19:00 &#8211; 3 \u20ac za osob\u0119<\/h4>\n\t\t<\/div>\n\n\t\t\t\t\t<div class=\"box-text-slider_slider\">\n\t\t\t\t<div class=\"swiper-wrapper\">\n\t\t\t\t\t\t\t\t\t\t\t\t\t\t\t\t\t<div class=\"box-text-slider_slider_slide swiper-slide\">\n\n\t\t\t\t\t\t\t\t\t\t\t\t\t\t\t<figure class=\"full-width\" style=\"background-color: #5f5d6d;\">\n\t\t\t\t\t\t\t\t\t<img decoding=\"async\" src=\"https:\/\/www.villaggiosanfrancesco.com\/wp-content\/uploads\/2023\/02\/serata-gospel-villaggio-san-francesco-caorle-01.jpg\" alt=\"\" title=\"serata-gospel-villaggio-san-francesco-caorle-01\" \/>\n\t\t\t\t\t\t\t\t<\/figure>\n\t\t\t\t\t\t\t\n\t\t\t\t\t\t\t\n\t\t\t\t\t\t\t\t\t\t\t\t\t\t\t\t\t<div class=\"box-text-slider_slider_slide_title\">\n\t\t\t\t\t\t\t\t\t\t3 wieczory, kt\u00f3rych nie mo\u017cna przegapi\u0107\t\t\t\t\t\t\t\t\t\t\t\t\t\t\t\t\n\t\t\t\t\t\t\t\t<\/div>\n\t\t\t\t\t\t\t\t\t\t\t\t\t<\/div>\n\t\t\t\t\t\t\n\t\t\t\t\t\t\t\t\t<\/div>\n\t\t\t\t\n\t\t\t\t\t\t\t<\/div>\n\t\t\t<\/div>\n\n\t\n\n<div  class=\"grids-section grids-is-advanced\" style=\"--_gs-gap-desktop:0px 0px;--_gs-m-desktop:0 0 0 0;--_gs-p-desktop:35px 0 35px 0;--_gs-bg-desktop:transparent none;--_gs-bg-xp-desktop:0px;--_gs-zi-desktop:auto;--_gs-d-desktop:block;--_gs-mw-desktop:calc(100% - 0 - 0);--_gs-gap-tablet:0px 0px;--_gs-m-tablet:0 0 0 0;--_gs-p-tablet:35px 0 35px 0;--_gs-bg-tablet:transparent none;--_gs-bg-xp-tablet:0px;--_gs-zi-tablet:auto;--_gs-d-tablet:block;--_gs-mw-tablet:calc(100% - 0 - 0);--_gs-gap-mobile:0px 0px;--_gs-m-mobile:0 0 0 0;--_gs-p-mobile:0px 25px 0px 25px;--_gs-bg-mobile:transparent none;--_gs-bg-xp-mobile:0px;--_gs-zi-mobile:auto;--_gs-d-mobile:block;--_gs-mw-mobile:calc(100% - 0 - 0);--_gs-columns:12;--_gs-rows:6\"><div class=\"grids-s-w_i\">\n<div class=\"grids-area\" style=\"--_ga-column:2\/12;--_ga-row:2\/7;--_ga-m-desktop:0 0 0 0;--_ga-p-desktop:0 0 0 0;--_ga-bg-desktop:transparent none;--_ga-zi-desktop:auto;--_ga-d-desktop:flex;--_ga-mw-desktop:calc(100% - 0 - 0);--_ga-m-tablet:0 0 0 0;--_ga-p-tablet:0 0 0 0;--_ga-bg-tablet:transparent none;--_ga-zi-tablet:auto;--_ga-d-tablet:flex;--_ga-mw-tablet:calc(100% - 0 - 0);--_ga-m-mobile:0 0 0 0;--_ga-p-mobile:0 0 0 0;--_ga-bg-mobile:transparent none;--_ga-zi-mobile:auto;--_ga-d-mobile:flex;--_ga-mw-mobile:calc(100% - 0 - 0)\">\n\n<p>To b\u0119dzie wydarzenie, kt\u00f3rego nie mo\u017cna przegapi\u0107: czekamy na Ciebie w Villaggio San Francesco, aby do\u015bwiadczy\u0107 magii <strong>muzyki na \u017cywo w atmosferze nocy<\/strong>!<\/p>\n\n<\/div>\n<\/div><\/div>\n    <div class=\"custom-gallery-wrapper custom-gallery-wrapper-column-4 custom-gallery-grid\" style=\"--gallery-columns: 4;\">\n        \n        \n                                        <figure class=\"full-width gallery-wrapper-image gallery-wrapper-image-0\" onclick=\"showHideFotorama('custom-gallery_1', 0);\" style=\"background-color:#5f4831;\">\n                                <img decoding=\"async\" class=\"gallery-wrapper-image-small\" src=\"https:\/\/www.villaggiosanfrancesco.com\/wp-content\/uploads\/2023\/02\/serata-gospel-villaggio-san-francesco-caorle-08.jpg\" alt=\"\" title=\"serata-gospel-villaggio-san-francesco-caorle-08\" \/>\n            <\/figure>\n                                            <figure class=\"full-width gallery-wrapper-image gallery-wrapper-image-1\" onclick=\"showHideFotorama('custom-gallery_1', 1);\" style=\"background-color:#6a5c62;\">\n                                <img decoding=\"async\" class=\"gallery-wrapper-image-small\" src=\"https:\/\/www.villaggiosanfrancesco.com\/wp-content\/uploads\/2023\/02\/serata-gospel-villaggio-san-francesco-caorle-07.jpg\" alt=\"\" title=\"serata-gospel-villaggio-san-francesco-caorle-07\" \/>\n            <\/figure>\n                                            <figure class=\"full-width gallery-wrapper-image gallery-wrapper-image-2\" onclick=\"showHideFotorama('custom-gallery_1', 2);\" style=\"background-color:#653f55;\">\n                                <img decoding=\"async\" class=\"gallery-wrapper-image-small\" src=\"https:\/\/www.villaggiosanfrancesco.com\/wp-content\/uploads\/2023\/02\/serata-gospel-villaggio-san-francesco-caorle-06.jpg\" alt=\"\" title=\"serata-gospel-villaggio-san-francesco-caorle-06\" \/>\n            <\/figure>\n                                            <figure class=\"full-width gallery-wrapper-image gallery-wrapper-image-3\" onclick=\"showHideFotorama('custom-gallery_1', 3);\" style=\"background-color:#3d291d;\">\n                                <img decoding=\"async\" class=\"gallery-wrapper-image-small\" src=\"https:\/\/www.villaggiosanfrancesco.com\/wp-content\/uploads\/2022\/07\/Gospel03_Villaggio_San_Francesco_Caorle.jpg\" alt=\"\" title=\"Gospel03_Villaggio_San_Francesco_Caorle\" \/>\n            <\/figure>\n                    \n    <\/div>\n\n    <div style=\"width:1px;height:1px;position:absolute;\" name=\"fotorama\" id=\"custom-gallery_1\" class=\"fotorama\" data-width=\"100%\"  data-nav=\"thumbs\"  data-allowfullscreen=\"true\" >\n                            <img decoding=\"async\" src=\"https:\/\/www.villaggiosanfrancesco.com\/wp-content\/uploads\/2023\/02\/serata-gospel-villaggio-san-francesco-caorle-08.jpg\" class=\"attachment-full skip-lazy\" data-caption=\"1\" \/>\n                                <img decoding=\"async\" src=\"https:\/\/www.villaggiosanfrancesco.com\/wp-content\/uploads\/2023\/02\/serata-gospel-villaggio-san-francesco-caorle-07.jpg\" class=\"attachment-full skip-lazy\" data-caption=\"2\" \/>\n                                <img decoding=\"async\" src=\"https:\/\/www.villaggiosanfrancesco.com\/wp-content\/uploads\/2023\/02\/serata-gospel-villaggio-san-francesco-caorle-06.jpg\" class=\"attachment-full skip-lazy\" data-caption=\"3\" \/>\n                                <img decoding=\"async\" src=\"https:\/\/www.villaggiosanfrancesco.com\/wp-content\/uploads\/2022\/07\/Gospel03_Villaggio_San_Francesco_Caorle.jpg\" class=\"attachment-full skip-lazy\" data-caption=\"4\" \/>\n                    <\/div>\n\n\n","protected":false},"excerpt":{"rendered":"<p>3 wieczory, kt\u00f3rych nie mo\u017cna przegapi\u0107<\/p>\n","protected":false},"author":11,"featured_media":21325,"comment_status":"closed","ping_status":"open","sticky":false,"template":"","format":"standard","meta":{"_acf_changed":false,"advgb_blocks_editor_width":"","advgb_blocks_columns_visual_guide":"","footnotes":""},"categories":[85],"tags":[],"class_list":["post-21324","post","type-post","status-publish","format-standard","has-post-thumbnail","hentry","category-wydarzenia","entry"],"acf":[],"yoast_head":"<!-- This site is optimized with the Yoast SEO plugin v26.0 - https:\/\/yoast.com\/wordpress\/plugins\/seo\/ -->\n<title>7th Note Gospel Night - Villaggio San Francesco<\/title>\n<meta name=\"description\" content=\"Koncert zespo\u0142u 7th Note Gospel na \u017cywo w Villaggio San Francesco, Caorle! Tylko w dniach 12 lipca, 22 sierpnia i 6 wrze\u015bnia 2023 r. Dowiedz si\u0119, jak wzi\u0105\u0107 udzia\u0142.\" \/>\n<meta name=\"robots\" content=\"index, follow, max-snippet:-1, max-image-preview:large, max-video-preview:-1\" \/>\n<link rel=\"canonical\" href=\"https:\/\/www.villaggiosanfrancesco.com\/pl\/news\/wydarzenia\/7th-note-gospel-night\/\" \/>\n<meta property=\"og:locale\" content=\"pl_PL\" \/>\n<meta property=\"og:type\" content=\"article\" \/>\n<meta property=\"og:title\" content=\"7th Note Gospel Night - Villaggio San Francesco\" \/>\n<meta property=\"og:description\" content=\"Koncert zespo\u0142u 7th Note Gospel na \u017cywo w Villaggio San Francesco, Caorle! Tylko w dniach 12 lipca, 22 sierpnia i 6 wrze\u015bnia 2023 r. Dowiedz si\u0119, jak wzi\u0105\u0107 udzia\u0142.\" \/>\n<meta property=\"og:url\" content=\"https:\/\/www.villaggiosanfrancesco.com\/pl\/news\/wydarzenia\/7th-note-gospel-night\/\" \/>\n<meta property=\"og:site_name\" content=\"Villaggio San Francesco\" \/>\n<meta property=\"article:publisher\" content=\"https:\/\/www.facebook.com\/VillaggioSanFrancesco\/\" \/>\n<meta property=\"article:published_time\" content=\"2024-01-25T09:52:52+00:00\" \/>\n<meta property=\"article:modified_time\" content=\"2024-02-14T22:00:08+00:00\" \/>\n<meta property=\"og:image\" content=\"https:\/\/www.villaggiosanfrancesco.com\/wp-content\/uploads\/2023\/07\/concerto-gospel-villaggio-san-francesco-caorle-banner.jpg\" \/>\n\t<meta property=\"og:image:width\" content=\"2000\" \/>\n\t<meta property=\"og:image:height\" content=\"1000\" \/>\n\t<meta property=\"og:image:type\" content=\"image\/jpeg\" \/>\n<meta name=\"author\" content=\"federica.cattelan\" \/>\n<meta name=\"twitter:card\" content=\"summary_large_image\" \/>\n<meta name=\"twitter:label1\" content=\"Napisane przez\" \/>\n\t<meta name=\"twitter:data1\" content=\"federica.cattelan\" \/>\n<script type=\"application\/ld+json\" class=\"yoast-schema-graph\">{\"@context\":\"https:\/\/schema.org\",\"@graph\":[{\"@type\":\"Article\",\"@id\":\"https:\/\/www.villaggiosanfrancesco.com\/pl\/news\/wydarzenia\/7th-note-gospel-night\/#article\",\"isPartOf\":{\"@id\":\"https:\/\/www.villaggiosanfrancesco.com\/pl\/news\/wydarzenia\/7th-note-gospel-night\/\"},\"author\":{\"name\":\"federica.cattelan\",\"@id\":\"https:\/\/www.villaggiosanfrancesco.com\/pl\/#\/schema\/person\/42d2a3617fc01b4bca89f6da4be96550\"},\"headline\":\"7th Note Gospel Night\",\"datePublished\":\"2024-01-25T09:52:52+00:00\",\"dateModified\":\"2024-02-14T22:00:08+00:00\",\"mainEntityOfPage\":{\"@id\":\"https:\/\/www.villaggiosanfrancesco.com\/pl\/news\/wydarzenia\/7th-note-gospel-night\/\"},\"wordCount\":55,\"publisher\":{\"@id\":\"https:\/\/www.villaggiosanfrancesco.com\/pl\/#organization\"},\"image\":{\"@id\":\"https:\/\/www.villaggiosanfrancesco.com\/pl\/news\/wydarzenia\/7th-note-gospel-night\/#primaryimage\"},\"thumbnailUrl\":\"https:\/\/www.villaggiosanfrancesco.com\/wp-content\/uploads\/2023\/07\/concerto-gospel-villaggio-san-francesco-caorle-banner.jpg\",\"articleSection\":[\"Wydarzenia\"],\"inLanguage\":\"pl-PL\"},{\"@type\":\"WebPage\",\"@id\":\"https:\/\/www.villaggiosanfrancesco.com\/pl\/news\/wydarzenia\/7th-note-gospel-night\/\",\"url\":\"https:\/\/www.villaggiosanfrancesco.com\/pl\/news\/wydarzenia\/7th-note-gospel-night\/\",\"name\":\"7th Note Gospel Night - Villaggio San Francesco\",\"isPartOf\":{\"@id\":\"https:\/\/www.villaggiosanfrancesco.com\/pl\/#website\"},\"primaryImageOfPage\":{\"@id\":\"https:\/\/www.villaggiosanfrancesco.com\/pl\/news\/wydarzenia\/7th-note-gospel-night\/#primaryimage\"},\"image\":{\"@id\":\"https:\/\/www.villaggiosanfrancesco.com\/pl\/news\/wydarzenia\/7th-note-gospel-night\/#primaryimage\"},\"thumbnailUrl\":\"https:\/\/www.villaggiosanfrancesco.com\/wp-content\/uploads\/2023\/07\/concerto-gospel-villaggio-san-francesco-caorle-banner.jpg\",\"datePublished\":\"2024-01-25T09:52:52+00:00\",\"dateModified\":\"2024-02-14T22:00:08+00:00\",\"description\":\"Koncert zespo\u0142u 7th Note Gospel na \u017cywo w Villaggio San Francesco, Caorle! Tylko w dniach 12 lipca, 22 sierpnia i 6 wrze\u015bnia 2023 r. Dowiedz si\u0119, jak wzi\u0105\u0107 udzia\u0142.\",\"breadcrumb\":{\"@id\":\"https:\/\/www.villaggiosanfrancesco.com\/pl\/news\/wydarzenia\/7th-note-gospel-night\/#breadcrumb\"},\"inLanguage\":\"pl-PL\",\"potentialAction\":[{\"@type\":\"ReadAction\",\"target\":[\"https:\/\/www.villaggiosanfrancesco.com\/pl\/news\/wydarzenia\/7th-note-gospel-night\/\"]}]},{\"@type\":\"ImageObject\",\"inLanguage\":\"pl-PL\",\"@id\":\"https:\/\/www.villaggiosanfrancesco.com\/pl\/news\/wydarzenia\/7th-note-gospel-night\/#primaryimage\",\"url\":\"https:\/\/www.villaggiosanfrancesco.com\/wp-content\/uploads\/2023\/07\/concerto-gospel-villaggio-san-francesco-caorle-banner.jpg\",\"contentUrl\":\"https:\/\/www.villaggiosanfrancesco.com\/wp-content\/uploads\/2023\/07\/concerto-gospel-villaggio-san-francesco-caorle-banner.jpg\",\"width\":2000,\"height\":1000},{\"@type\":\"BreadcrumbList\",\"@id\":\"https:\/\/www.villaggiosanfrancesco.com\/pl\/news\/wydarzenia\/7th-note-gospel-night\/#breadcrumb\",\"itemListElement\":[{\"@type\":\"ListItem\",\"position\":1,\"name\":\"Home\",\"item\":\"https:\/\/www.villaggiosanfrancesco.com\/pl\/\"},{\"@type\":\"ListItem\",\"position\":2,\"name\":\"Wydarzenia\",\"item\":\"https:\/\/www.villaggiosanfrancesco.com\/pl\/news\/category\/wydarzenia\/\"},{\"@type\":\"ListItem\",\"position\":3,\"name\":\"7th Note Gospel Night\"}]},{\"@type\":\"WebSite\",\"@id\":\"https:\/\/www.villaggiosanfrancesco.com\/pl\/#website\",\"url\":\"https:\/\/www.villaggiosanfrancesco.com\/pl\/\",\"name\":\"Villaggio San Francesco\",\"description\":\"Caorle, VENEZIA\",\"publisher\":{\"@id\":\"https:\/\/www.villaggiosanfrancesco.com\/pl\/#organization\"},\"potentialAction\":[{\"@type\":\"SearchAction\",\"target\":{\"@type\":\"EntryPoint\",\"urlTemplate\":\"https:\/\/www.villaggiosanfrancesco.com\/pl\/?s={search_term_string}\"},\"query-input\":{\"@type\":\"PropertyValueSpecification\",\"valueRequired\":true,\"valueName\":\"search_term_string\"}}],\"inLanguage\":\"pl-PL\"},{\"@type\":\"Organization\",\"@id\":\"https:\/\/www.villaggiosanfrancesco.com\/pl\/#organization\",\"name\":\"Villaggio San Francesco\",\"url\":\"https:\/\/www.villaggiosanfrancesco.com\/pl\/\",\"logo\":{\"@type\":\"ImageObject\",\"inLanguage\":\"pl-PL\",\"@id\":\"https:\/\/www.villaggiosanfrancesco.com\/pl\/#\/schema\/logo\/image\/\",\"url\":\"https:\/\/www.villaggiosanfrancesco.com\/wp-content\/uploads\/2023\/03\/Logo-Villaggio-San-Francesco-Caorle-1.png\",\"contentUrl\":\"https:\/\/www.villaggiosanfrancesco.com\/wp-content\/uploads\/2023\/03\/Logo-Villaggio-San-Francesco-Caorle-1.png\",\"width\":1206,\"height\":356,\"caption\":\"Villaggio San Francesco\"},\"image\":{\"@id\":\"https:\/\/www.villaggiosanfrancesco.com\/pl\/#\/schema\/logo\/image\/\"},\"sameAs\":[\"https:\/\/www.facebook.com\/VillaggioSanFrancesco\/\",\"https:\/\/www.instagram.com\/villaggiosanfrancesco\/\",\"https:\/\/www.youtube.com\/channel\/UClXJoJulrb1UANfZodeHn-g\",\"https:\/\/www.tiktok.com\/@sanfrancescoresort\"]},{\"@type\":\"Person\",\"@id\":\"https:\/\/www.villaggiosanfrancesco.com\/pl\/#\/schema\/person\/42d2a3617fc01b4bca89f6da4be96550\",\"name\":\"federica.cattelan\"}]}<\/script>\n<!-- \/ Yoast SEO plugin. -->","yoast_head_json":{"title":"7th Note Gospel Night - Villaggio San Francesco","description":"Koncert zespo\u0142u 7th Note Gospel na \u017cywo w Villaggio San Francesco, Caorle! Tylko w dniach 12 lipca, 22 sierpnia i 6 wrze\u015bnia 2023 r. Dowiedz si\u0119, jak wzi\u0105\u0107 udzia\u0142.","robots":{"index":"index","follow":"follow","max-snippet":"max-snippet:-1","max-image-preview":"max-image-preview:large","max-video-preview":"max-video-preview:-1"},"canonical":"https:\/\/www.villaggiosanfrancesco.com\/pl\/news\/wydarzenia\/7th-note-gospel-night\/","og_locale":"pl_PL","og_type":"article","og_title":"7th Note Gospel Night - Villaggio San Francesco","og_description":"Koncert zespo\u0142u 7th Note Gospel na \u017cywo w Villaggio San Francesco, Caorle! Tylko w dniach 12 lipca, 22 sierpnia i 6 wrze\u015bnia 2023 r. Dowiedz si\u0119, jak wzi\u0105\u0107 udzia\u0142.","og_url":"https:\/\/www.villaggiosanfrancesco.com\/pl\/news\/wydarzenia\/7th-note-gospel-night\/","og_site_name":"Villaggio San Francesco","article_publisher":"https:\/\/www.facebook.com\/VillaggioSanFrancesco\/","article_published_time":"2024-01-25T09:52:52+00:00","article_modified_time":"2024-02-14T22:00:08+00:00","og_image":[{"width":2000,"height":1000,"url":"https:\/\/www.villaggiosanfrancesco.com\/wp-content\/uploads\/2023\/07\/concerto-gospel-villaggio-san-francesco-caorle-banner.jpg","type":"image\/jpeg"}],"author":"federica.cattelan","twitter_card":"summary_large_image","twitter_misc":{"Napisane przez":"federica.cattelan"},"schema":{"@context":"https:\/\/schema.org","@graph":[{"@type":"Article","@id":"https:\/\/www.villaggiosanfrancesco.com\/pl\/news\/wydarzenia\/7th-note-gospel-night\/#article","isPartOf":{"@id":"https:\/\/www.villaggiosanfrancesco.com\/pl\/news\/wydarzenia\/7th-note-gospel-night\/"},"author":{"name":"federica.cattelan","@id":"https:\/\/www.villaggiosanfrancesco.com\/pl\/#\/schema\/person\/42d2a3617fc01b4bca89f6da4be96550"},"headline":"7th Note Gospel Night","datePublished":"2024-01-25T09:52:52+00:00","dateModified":"2024-02-14T22:00:08+00:00","mainEntityOfPage":{"@id":"https:\/\/www.villaggiosanfrancesco.com\/pl\/news\/wydarzenia\/7th-note-gospel-night\/"},"wordCount":55,"publisher":{"@id":"https:\/\/www.villaggiosanfrancesco.com\/pl\/#organization"},"image":{"@id":"https:\/\/www.villaggiosanfrancesco.com\/pl\/news\/wydarzenia\/7th-note-gospel-night\/#primaryimage"},"thumbnailUrl":"https:\/\/www.villaggiosanfrancesco.com\/wp-content\/uploads\/2023\/07\/concerto-gospel-villaggio-san-francesco-caorle-banner.jpg","articleSection":["Wydarzenia"],"inLanguage":"pl-PL"},{"@type":"WebPage","@id":"https:\/\/www.villaggiosanfrancesco.com\/pl\/news\/wydarzenia\/7th-note-gospel-night\/","url":"https:\/\/www.villaggiosanfrancesco.com\/pl\/news\/wydarzenia\/7th-note-gospel-night\/","name":"7th Note Gospel Night - Villaggio San Francesco","isPartOf":{"@id":"https:\/\/www.villaggiosanfrancesco.com\/pl\/#website"},"primaryImageOfPage":{"@id":"https:\/\/www.villaggiosanfrancesco.com\/pl\/news\/wydarzenia\/7th-note-gospel-night\/#primaryimage"},"image":{"@id":"https:\/\/www.villaggiosanfrancesco.com\/pl\/news\/wydarzenia\/7th-note-gospel-night\/#primaryimage"},"thumbnailUrl":"https:\/\/www.villaggiosanfrancesco.com\/wp-content\/uploads\/2023\/07\/concerto-gospel-villaggio-san-francesco-caorle-banner.jpg","datePublished":"2024-01-25T09:52:52+00:00","dateModified":"2024-02-14T22:00:08+00:00","description":"Koncert zespo\u0142u 7th Note Gospel na \u017cywo w Villaggio San Francesco, Caorle! Tylko w dniach 12 lipca, 22 sierpnia i 6 wrze\u015bnia 2023 r. Dowiedz si\u0119, jak wzi\u0105\u0107 udzia\u0142.","breadcrumb":{"@id":"https:\/\/www.villaggiosanfrancesco.com\/pl\/news\/wydarzenia\/7th-note-gospel-night\/#breadcrumb"},"inLanguage":"pl-PL","potentialAction":[{"@type":"ReadAction","target":["https:\/\/www.villaggiosanfrancesco.com\/pl\/news\/wydarzenia\/7th-note-gospel-night\/"]}]},{"@type":"ImageObject","inLanguage":"pl-PL","@id":"https:\/\/www.villaggiosanfrancesco.com\/pl\/news\/wydarzenia\/7th-note-gospel-night\/#primaryimage","url":"https:\/\/www.villaggiosanfrancesco.com\/wp-content\/uploads\/2023\/07\/concerto-gospel-villaggio-san-francesco-caorle-banner.jpg","contentUrl":"https:\/\/www.villaggiosanfrancesco.com\/wp-content\/uploads\/2023\/07\/concerto-gospel-villaggio-san-francesco-caorle-banner.jpg","width":2000,"height":1000},{"@type":"BreadcrumbList","@id":"https:\/\/www.villaggiosanfrancesco.com\/pl\/news\/wydarzenia\/7th-note-gospel-night\/#breadcrumb","itemListElement":[{"@type":"ListItem","position":1,"name":"Home","item":"https:\/\/www.villaggiosanfrancesco.com\/pl\/"},{"@type":"ListItem","position":2,"name":"Wydarzenia","item":"https:\/\/www.villaggiosanfrancesco.com\/pl\/news\/category\/wydarzenia\/"},{"@type":"ListItem","position":3,"name":"7th Note Gospel Night"}]},{"@type":"WebSite","@id":"https:\/\/www.villaggiosanfrancesco.com\/pl\/#website","url":"https:\/\/www.villaggiosanfrancesco.com\/pl\/","name":"Villaggio San Francesco","description":"Caorle, VENEZIA","publisher":{"@id":"https:\/\/www.villaggiosanfrancesco.com\/pl\/#organization"},"potentialAction":[{"@type":"SearchAction","target":{"@type":"EntryPoint","urlTemplate":"https:\/\/www.villaggiosanfrancesco.com\/pl\/?s={search_term_string}"},"query-input":{"@type":"PropertyValueSpecification","valueRequired":true,"valueName":"search_term_string"}}],"inLanguage":"pl-PL"},{"@type":"Organization","@id":"https:\/\/www.villaggiosanfrancesco.com\/pl\/#organization","name":"Villaggio San Francesco","url":"https:\/\/www.villaggiosanfrancesco.com\/pl\/","logo":{"@type":"ImageObject","inLanguage":"pl-PL","@id":"https:\/\/www.villaggiosanfrancesco.com\/pl\/#\/schema\/logo\/image\/","url":"https:\/\/www.villaggiosanfrancesco.com\/wp-content\/uploads\/2023\/03\/Logo-Villaggio-San-Francesco-Caorle-1.png","contentUrl":"https:\/\/www.villaggiosanfrancesco.com\/wp-content\/uploads\/2023\/03\/Logo-Villaggio-San-Francesco-Caorle-1.png","width":1206,"height":356,"caption":"Villaggio San Francesco"},"image":{"@id":"https:\/\/www.villaggiosanfrancesco.com\/pl\/#\/schema\/logo\/image\/"},"sameAs":["https:\/\/www.facebook.com\/VillaggioSanFrancesco\/","https:\/\/www.instagram.com\/villaggiosanfrancesco\/","https:\/\/www.youtube.com\/channel\/UClXJoJulrb1UANfZodeHn-g","https:\/\/www.tiktok.com\/@sanfrancescoresort"]},{"@type":"Person","@id":"https:\/\/www.villaggiosanfrancesco.com\/pl\/#\/schema\/person\/42d2a3617fc01b4bca89f6da4be96550","name":"federica.cattelan"}]}},"author_meta":{"display_name":"federica.cattelan","author_link":"https:\/\/www.villaggiosanfrancesco.com\/pl\/news\/author\/federica-cattelan\/"},"featured_img":"https:\/\/www.villaggiosanfrancesco.com\/wp-content\/uploads\/2023\/07\/concerto-gospel-villaggio-san-francesco-caorle-banner-300x150.jpg","coauthors":[],"tax_additional":{"categories":{"linked":["<a href=\"https:\/\/www.villaggiosanfrancesco.com\/pl\/news\/category\/wydarzenia\/\" class=\"advgb-post-tax-term\">Wydarzenia<\/a>"],"unlinked":["<span class=\"advgb-post-tax-term\">Wydarzenia<\/span>"]}},"comment_count":"0","relative_dates":{"created":"Posted 2 lata ago","modified":"Updated 2 lata ago"},"absolute_dates":{"created":"Posted on 25 stycznia, 2024","modified":"Updated on 14 lutego, 2024"},"absolute_dates_time":{"created":"Posted on 25 stycznia, 2024 10:52 am","modified":"Updated on 14 lutego, 2024 11:00 pm"},"featured_img_caption":"","series_order":"","_links":{"self":[{"href":"https:\/\/www.villaggiosanfrancesco.com\/pl\/wp-json\/wp\/v2\/posts\/21324","targetHints":{"allow":["GET"]}}],"collection":[{"href":"https:\/\/www.villaggiosanfrancesco.com\/pl\/wp-json\/wp\/v2\/posts"}],"about":[{"href":"https:\/\/www.villaggiosanfrancesco.com\/pl\/wp-json\/wp\/v2\/types\/post"}],"author":[{"embeddable":true,"href":"https:\/\/www.villaggiosanfrancesco.com\/pl\/wp-json\/wp\/v2\/users\/11"}],"replies":[{"embeddable":true,"href":"https:\/\/www.villaggiosanfrancesco.com\/pl\/wp-json\/wp\/v2\/comments?post=21324"}],"version-history":[{"count":0,"href":"https:\/\/www.villaggiosanfrancesco.com\/pl\/wp-json\/wp\/v2\/posts\/21324\/revisions"}],"wp:featuredmedia":[{"embeddable":true,"href":"https:\/\/www.villaggiosanfrancesco.com\/pl\/wp-json\/wp\/v2\/media\/21325"}],"wp:attachment":[{"href":"https:\/\/www.villaggiosanfrancesco.com\/pl\/wp-json\/wp\/v2\/media?parent=21324"}],"wp:term":[{"taxonomy":"category","embeddable":true,"href":"https:\/\/www.villaggiosanfrancesco.com\/pl\/wp-json\/wp\/v2\/categories?post=21324"},{"taxonomy":"post_tag","embeddable":true,"href":"https:\/\/www.villaggiosanfrancesco.com\/pl\/wp-json\/wp\/v2\/tags?post=21324"}],"curies":[{"name":"wp","href":"https:\/\/api.w.org\/{rel}","templated":true}]}}