{"id":13154,"date":"2023-02-08T17:43:32","date_gmt":"2023-02-08T16:43:32","guid":{"rendered":"https:\/\/www.villaggiosanfrancesco.com\/?p=13154"},"modified":"2023-02-08T17:44:24","modified_gmt":"2023-02-08T16:44:24","slug":"welttag-des-radios","status":"publish","type":"post","link":"https:\/\/www.villaggiosanfrancesco.com\/nl\/news\/nieuws\/welttag-des-radios\/","title":{"rendered":"Welttag des Radios"},"content":{"rendered":"\n<div class=\"wp-block-columns is-layout-flex wp-container-core-columns-is-layout-9d6595d7 wp-block-columns-is-layout-flex\">\n<div class=\"wp-block-column is-layout-flow wp-block-column-is-layout-flow\" style=\"flex-basis:100%\"><\/div>\n<\/div>\n\n\n\n<div class=\"wp-block-columns is-layout-flex wp-container-core-columns-is-layout-9d6595d7 wp-block-columns-is-layout-flex\">\n<div class=\"wp-block-column is-layout-flow wp-block-column-is-layout-flow\" style=\"flex-basis:100%\"><div  class=\"grids-section grids-is-stretch\" style=\"--_gs-gap-desktop:0px 0px;--_gs-m-desktop:0 0 0 0;--_gs-p-desktop:50px 0 50px 0;--_gs-bg-desktop:transparent url(https:\/\/www.villaggiosanfrancesco.com\/wp-content\/uploads\/2023\/02\/giornata-mondiale-radio.jpg) no-repeat 50% 50%;--_gs-bg-xp-desktop:0px;--_gs-zi-desktop:auto;--_gs-d-desktop:block;--_gs-mw-desktop:calc(100% - 0 - 0);--_gs-gap-tablet:0px 0px;--_gs-m-tablet:0 0 0 0;--_gs-p-tablet:50px 0 50px 0;--_gs-bg-tablet:transparent url(https:\/\/www.villaggiosanfrancesco.com\/wp-content\/uploads\/2023\/02\/giornata-mondiale-radio.jpg) no-repeat 50% 50%;--_gs-bg-xp-tablet:0px;--_gs-zi-tablet:auto;--_gs-d-tablet:block;--_gs-mw-tablet:calc(100% - 0 - 0);--_gs-gap-mobile:0px 0px;--_gs-m-mobile:0 0 0 0;--_gs-p-mobile:50px 0 50px 0;--_gs-bg-mobile:transparent url(https:\/\/www.villaggiosanfrancesco.com\/wp-content\/uploads\/2023\/02\/giornata-mondiale-radio.jpg) no-repeat 50% 50%;--_gs-bg-xp-mobile:0px;--_gs-zi-mobile:auto;--_gs-d-mobile:block;--_gs-mw-mobile:calc(100% - 0 - 0);--_gs-columns:4;--_gs-rows:1\"><div class=\"grids-s-w_i\">\n<div class=\"grids-area\" style=\"--_ga-column:1\/2;--_ga-row:1\/2;--_ga-m-desktop:0 0 0 0;--_ga-p-desktop:0 0 0 0;--_ga-bg-desktop:transparent none;--_ga-zi-desktop:auto;--_ga-d-desktop:flex;--_ga-mw-desktop:calc(100% - 0 - 0);--_ga-m-tablet:0 0 0 0;--_ga-p-tablet:0 0 0 0;--_ga-bg-tablet:transparent none;--_ga-zi-tablet:auto;--_ga-d-tablet:flex;--_ga-mw-tablet:calc(100% - 0 - 0);--_ga-m-mobile:0 0 0 0;--_ga-p-mobile:0 0 0 0;--_ga-bg-mobile:transparent none;--_ga-zi-mobile:auto;--_ga-d-mobile:flex;--_ga-mw-mobile:calc(100% - 0 - 0)\"><\/div>\n\n<div class=\"grids-area\" style=\"--_ga-column:2\/4;--_ga-row:1\/2;--_ga-m-desktop:0 0 0 0;--_ga-p-desktop:0 0 0 0;--_ga-bg-desktop:transparent none;--_ga-zi-desktop:auto;--_ga-d-desktop:flex;--_ga-mw-desktop:calc(100% - 0 - 0);--_ga-m-tablet:0 0 0 0;--_ga-p-tablet:0 0 0 0;--_ga-bg-tablet:transparent none;--_ga-zi-tablet:auto;--_ga-d-tablet:flex;--_ga-mw-tablet:calc(100% - 0 - 0);--_ga-m-mobile:0 0 0 0;--_ga-p-mobile:0 0 0 0;--_ga-bg-mobile:transparent none;--_ga-zi-mobile:auto;--_ga-d-mobile:flex;--_ga-mw-mobile:calc(100% - 0 - 0)\">\n\n<p class=\"has-text-align-center has-black-color has-text-color has-background has-small-font-size\" style=\"background-color:#ffffffbf;padding-top:var(--wp--preset--spacing--60);padding-right:var(--wp--preset--spacing--60);padding-bottom:var(--wp--preset--spacing--60);padding-left:var(--wp--preset--spacing--60);font-style:normal;font-weight:400;line-height:1.8\"><em><em><em>\u201eUri (Unione Radiofonica Italiana), Italienischer Rundfunkverband. 1-RO: R\u00f6mische Funkstation. Funkwelle 425 Meter. Wir begr\u00fc\u00dfen alle Zuh\u00f6rer und w\u00fcnschen Ihnen einen sch\u00f6nen Abend. Es passierte am 6. Oktober 1924, um 21:00 Uhr. Wir strahlen das Er\u00f6ffnungskonzert des ersten italienischen Rundfunksenders aus. Das Quartett, bestehend aus Ines Viviani Donarelli, die zu Ihnen spricht, Alberto Magalotti, Amedeo Fortunati und Alessandro Cicognani, wird Haydn aus dem Opus 7 Streichquartett, I und II H\u00e4lfte, auff\u00fchren\u201c.<\/em><\/em><\/em><\/p>\n\n<\/div>\n\n<div class=\"grids-area\" style=\"--_ga-column:4\/5;--_ga-row:1\/2;--_ga-m-desktop:0 0 0 0;--_ga-p-desktop:0 0 0 0;--_ga-bg-desktop:transparent none;--_ga-zi-desktop:auto;--_ga-d-desktop:flex;--_ga-mw-desktop:calc(100% - 0 - 0);--_ga-m-tablet:0 0 0 0;--_ga-p-tablet:0 0 0 0;--_ga-bg-tablet:transparent none;--_ga-zi-tablet:auto;--_ga-d-tablet:flex;--_ga-mw-tablet:calc(100% - 0 - 0);--_ga-m-mobile:0 0 0 0;--_ga-p-mobile:0 0 0 0;--_ga-bg-mobile:transparent none;--_ga-zi-mobile:auto;--_ga-d-mobile:flex;--_ga-mw-mobile:calc(100% - 0 - 0)\"><\/div>\n<\/div><\/div><\/div>\n<\/div>\n\n\n\n<div class=\"wp-block-columns is-layout-flex wp-container-core-columns-is-layout-9d6595d7 wp-block-columns-is-layout-flex\">\n<div class=\"wp-block-column is-layout-flow wp-block-column-is-layout-flow\" style=\"flex-basis:100%\"><div  class=\"grids-section grids-is-stretch\" style=\"--_gs-gap-desktop:0px 0px;--_gs-m-desktop:0 50px 0 50px;--_gs-p-desktop:0 0 0 0;--_gs-bg-desktop:transparent none;--_gs-bg-xp-desktop:0px;--_gs-zi-desktop:auto;--_gs-d-desktop:block;--_gs-mw-desktop:calc(100% - 50px - 50px);--_gs-gap-tablet:0px 0px;--_gs-m-tablet:0 50px 0 50px;--_gs-p-tablet:0 0 0 0;--_gs-bg-tablet:transparent none;--_gs-bg-xp-tablet:0px;--_gs-zi-tablet:auto;--_gs-d-tablet:block;--_gs-mw-tablet:calc(100% - 50px - 50px);--_gs-gap-mobile:0px 0px;--_gs-m-mobile:0 50px 0 50px;--_gs-p-mobile:0 0 0 0;--_gs-bg-mobile:transparent none;--_gs-bg-xp-mobile:0px;--_gs-zi-mobile:auto;--_gs-d-mobile:block;--_gs-mw-mobile:calc(100% - 50px - 50px);--_gs-columns:1;--_gs-rows:1\"><div class=\"grids-s-w_i\">\n<div class=\"grids-area\" style=\"--_ga-column:1\/2;--_ga-row:1\/2;--_ga-m-desktop:0 0 0 0;--_ga-p-desktop:0 0 0 0;--_ga-bg-desktop:transparent none;--_ga-zi-desktop:auto;--_ga-d-desktop:flex;--_ga-mw-desktop:calc(100% - 0 - 0);--_ga-m-tablet:0 0 0 0;--_ga-p-tablet:0 0 0 0;--_ga-bg-tablet:transparent none;--_ga-zi-tablet:auto;--_ga-d-tablet:flex;--_ga-mw-tablet:calc(100% - 0 - 0);--_ga-m-mobile:0 0 0 0;--_ga-p-mobile:0 0 0 0;--_ga-bg-mobile:transparent none;--_ga-zi-mobile:auto;--_ga-d-mobile:flex;--_ga-mw-mobile:calc(100% - 0 - 0)\">\n\n<p><strong><strong><strong>So begann im Jahr 1924 die Geschichte des italienischen Rundfunks<\/strong>, <\/strong><\/strong>mit der allerersten Ansage. Ein epochaler Moment, ein Wendepunkt und ein Wandel, der die Wurzeln des Radios, wie wir es heute kennen, darstellt.<\/p>\n\n\n\n<h2 class=\"wp-block-heading\">Ein Instrument zur Vermittlung von Werten und zur F\u00f6rderung der Vielfalt<\/h2>\n\n\n\n<p>Der Rundfunk hat sich schnell zum beliebtesten Kommunikationsmittel entwickelt und bietet eine&nbsp;<strong>Vielzahl von Inhalten, die die Vielfalt der H\u00f6rer widerspiegeln<\/strong>.<\/p>\n\n\n\n<p>Heute ist der Rundfunk das Massenmedium, das die meisten Menschen auf der Welt erreicht, selbst in den abgelegensten Gemeinden.&nbsp;<strong>Es ist ein Teil des Alltags<\/strong>, der die Momente der Lebensgeschichte eines jeden Menschen begleitet und ihnen als&nbsp;<strong>Soundtrack<\/strong>&nbsp;dient.<\/p>\n\n\n\n<p>Ein Werkzeug, das&nbsp;<strong>die Zeiten \u00fcberdauert hat<\/strong>&nbsp;und dem Aufkommen des Internets und der Smartphones widerstanden hat, ja, es hat sie sogar ausgenutzt! Tats\u00e4chlich wurden die ersten&nbsp;<strong>Webradios<\/strong>&nbsp;bereits 1998 entwickelt und man konnte sie mit jedem internetf\u00e4higen Ger\u00e4t aufrufen.<\/p>\n\n<\/div>\n<\/div><\/div><\/div>\n<\/div>\n\n\n<div  class=\"grids-section grids-is-stretch\" style=\"--_gs-gap-desktop:0px 0px;--_gs-m-desktop:0 0 0 0;--_gs-p-desktop:0 0 0 0;--_gs-bg-desktop:transparent none;--_gs-bg-xp-desktop:0px;--_gs-zi-desktop:auto;--_gs-d-desktop:block;--_gs-mw-desktop:calc(100% - 0 - 0);--_gs-gap-tablet:0px 0px;--_gs-m-tablet:0 0 0 0;--_gs-p-tablet:0 0 0 0;--_gs-bg-tablet:transparent none;--_gs-bg-xp-tablet:0px;--_gs-zi-tablet:auto;--_gs-d-tablet:block;--_gs-mw-tablet:calc(100% - 0 - 0);--_gs-gap-mobile:0px 0px;--_gs-m-mobile:0 0 0 0;--_gs-p-mobile:0 0 0 0;--_gs-bg-mobile:transparent none;--_gs-bg-xp-mobile:0px;--_gs-zi-mobile:auto;--_gs-d-mobile:block;--_gs-mw-mobile:calc(100% - 0 - 0);--_gs-columns:1;--_gs-rows:1\"><div class=\"grids-s-w_i\">\n<div class=\"grids-area\" style=\"--_ga-column:1\/2;--_ga-row:1\/2;--_ga-m-desktop:0 0 0 0;--_ga-p-desktop:0 0 0 0;--_ga-bg-desktop:transparent none;--_ga-zi-desktop:auto;--_ga-d-desktop:flex;--_ga-mw-desktop:calc(100% - 0 - 0);--_ga-m-tablet:0 0 0 0;--_ga-p-tablet:0 0 0 0;--_ga-bg-tablet:transparent none;--_ga-zi-tablet:auto;--_ga-d-tablet:flex;--_ga-mw-tablet:calc(100% - 0 - 0);--_ga-m-mobile:0 0 0 0;--_ga-p-mobile:0 0 0 0;--_ga-bg-mobile:transparent none;--_ga-zi-mobile:auto;--_ga-d-mobile:flex;--_ga-mw-mobile:calc(100% - 0 - 0)\">\n\t<div id=\"boxTextSlider_2\" class=\"box-text-slider-container-wrapper no-background box-text-slider-left\" style=\"--box-text-bck-color: #f3f3f3;--box-text-color: #000000;\">\n\n\t\t<div class=\"box-text-slider_content\">\n\t\t\t<h2>Musik als verbindlicher Faktor<\/h2>\n<p>K\u00f6nnen Sie sich einen Tag ohne Musik vorstellen?<\/p>\n<p>Der Rundfunk und die Musik sind wesentliche Bestandteile unseres Alltags. Gemeinsam<strong>\u00a0f\u00f6rdern sie die Sozialisierung und die Bildung von Gruppen<\/strong>\u00a0durch Hingabe und Unterhaltung.<\/p>\n<p>Live-Musik hat eine noch gr\u00f6\u00dfere Wirkung: deshalb lieben wir es, jeden Sommer das 7th NOTE GOSPEL LAB zu veranstalten, das das Feriendorf mit seinem Zauber und dem Rhythmus der Gospelmusik erf\u00fcllt!<\/p>\n\t\t<\/div>\n\n\t\t\t\t\t<div class=\"box-text-slider_slider\">\n\t\t\t\t<div class=\"swiper-wrapper\">\n\t\t\t\t\t\t\t\t\t\t\t\t\t\t\t\t\t<div class=\"box-text-slider_slider_slide swiper-slide\">\n\n\t\t\t\t\t\t\t\t\t\t\t\t\t\t\t<figure class=\"full-width\" style=\"background-color: #6a5c62;\">\n\t\t\t\t\t\t\t\t\t<img decoding=\"async\" src=\"https:\/\/www.villaggiosanfrancesco.com\/wp-content\/uploads\/2023\/02\/serata-gospel-villaggio-san-francesco-caorle-07.jpg\" alt=\"\" title=\"serata-gospel-villaggio-san-francesco-caorle-07\" \/>\n\t\t\t\t\t\t\t\t<\/figure>\n\t\t\t\t\t\t\t\n\t\t\t\t\t\t\t\n\t\t\t\t\t\t\t\t\t\t\t\t\t\t\t\t\t<div class=\"box-text-slider_slider_slide_title\">\n\t\t\t\t\t\t\t\t\t\t \t\t\t\t\t\t\t\t\t\t\t\t\t\t\t\t\n\t\t\t\t\t\t\t\t<\/div>\n\t\t\t\t\t\t\t\t\t\t\t\t\t<\/div>\n\t\t\t\t\t\t\n\t\t\t\t\t\t\t\t\t\t\t\t\t\t\t\t\t<div class=\"box-text-slider_slider_slide swiper-slide\">\n\n\t\t\t\t\t\t\t\t\t\t\t\t\t\t\t<figure class=\"full-width\" style=\"background-color: #5f4831;\">\n\t\t\t\t\t\t\t\t\t<img decoding=\"async\" src=\"https:\/\/www.villaggiosanfrancesco.com\/wp-content\/uploads\/2023\/02\/serata-gospel-villaggio-san-francesco-caorle-08.jpg\" alt=\"\" title=\"serata-gospel-villaggio-san-francesco-caorle-08\" \/>\n\t\t\t\t\t\t\t\t<\/figure>\n\t\t\t\t\t\t\t\n\t\t\t\t\t\t\t\n\t\t\t\t\t\t\t\t\t\t\t\t\t\t\t\t\t<div class=\"box-text-slider_slider_slide_title\">\n\t\t\t\t\t\t\t\t\t\t \t\t\t\t\t\t\t\t\t\t\t\t\t\t\t\t\n\t\t\t\t\t\t\t\t<\/div>\n\t\t\t\t\t\t\t\t\t\t\t\t\t<\/div>\n\t\t\t\t\t\t\n\t\t\t\t\t\t\t\t\t\t\t\t\t\t\t\t\t<div class=\"box-text-slider_slider_slide swiper-slide\">\n\n\t\t\t\t\t\t\t\t\t\t\t\t\t\t\t<figure class=\"full-width\" style=\"background-color: #5f5d6d;\">\n\t\t\t\t\t\t\t\t\t<img decoding=\"async\" src=\"https:\/\/www.villaggiosanfrancesco.com\/wp-content\/uploads\/2023\/02\/serata-gospel-villaggio-san-francesco-caorle-01.jpg\" alt=\"\" title=\"serata-gospel-villaggio-san-francesco-caorle-01\" \/>\n\t\t\t\t\t\t\t\t<\/figure>\n\t\t\t\t\t\t\t\n\t\t\t\t\t\t\t\n\t\t\t\t\t\t\t\t\t\t\t\t\t\t\t\t\t<div class=\"box-text-slider_slider_slide_title\">\n\t\t\t\t\t\t\t\t\t\t \t\t\t\t\t\t\t\t\t\t\t\t\t\t\t\t\n\t\t\t\t\t\t\t\t<\/div>\n\t\t\t\t\t\t\t\t\t\t\t\t\t<\/div>\n\t\t\t\t\t\t\n\t\t\t\t\t\t\t\t\t\t\t\t\t\t\t\t\t<div class=\"box-text-slider_slider_slide swiper-slide\">\n\n\t\t\t\t\t\t\t\t\t\t\t\t\t\t\t<figure class=\"full-width\" style=\"background-color: #2f2116;\">\n\t\t\t\t\t\t\t\t\t<img decoding=\"async\" src=\"https:\/\/www.villaggiosanfrancesco.com\/wp-content\/uploads\/2023\/02\/serata-gospel-villaggio-san-francesco-caorle-05.jpg\" alt=\"\" title=\"serata-gospel-villaggio-san-francesco-caorle-05\" \/>\n\t\t\t\t\t\t\t\t<\/figure>\n\t\t\t\t\t\t\t\n\t\t\t\t\t\t\t\n\t\t\t\t\t\t\t\t\t\t\t\t\t\t\t\t\t<div class=\"box-text-slider_slider_slide_title\">\n\t\t\t\t\t\t\t\t\t\t \t\t\t\t\t\t\t\t\t\t\t\t\t\t\t\t\n\t\t\t\t\t\t\t\t<\/div>\n\t\t\t\t\t\t\t\t\t\t\t\t\t<\/div>\n\t\t\t\t\t\t\n\t\t\t\t\t\t\t\t\t\t\t\t\t\t\t\t\t<div class=\"box-text-slider_slider_slide swiper-slide\">\n\n\t\t\t\t\t\t\t\t\t\t\t\t\t\t\t<figure class=\"full-width\" style=\"background-color: #653f55;\">\n\t\t\t\t\t\t\t\t\t<img decoding=\"async\" src=\"https:\/\/www.villaggiosanfrancesco.com\/wp-content\/uploads\/2023\/02\/serata-gospel-villaggio-san-francesco-caorle-06.jpg\" alt=\"\" title=\"serata-gospel-villaggio-san-francesco-caorle-06\" \/>\n\t\t\t\t\t\t\t\t<\/figure>\n\t\t\t\t\t\t\t\n\t\t\t\t\t\t\t\n\t\t\t\t\t\t\t\t\t\t\t\t\t\t\t\t\t<div class=\"box-text-slider_slider_slide_title\">\n\t\t\t\t\t\t\t\t\t\t \t\t\t\t\t\t\t\t\t\t\t\t\t\t\t\t\n\t\t\t\t\t\t\t\t<\/div>\n\t\t\t\t\t\t\t\t\t\t\t\t\t<\/div>\n\t\t\t\t\t\t\n\t\t\t\t\t\t\t\t\t<\/div>\n\t\t\t\t\n\t\t\t\t\t\t\t\t\t<div class=\"slider-list-navigation\">\n\t\t\t\t\t\t<div class=\"swiper-button-next\"><\/div>\n\t\t\t\t\t\t<div class=\"swiper-button-prev\"><\/div>\n\t\t\t\t\t<\/div>\n\t\t\t\t\t\t\t<\/div>\n\t\t\t<\/div>\n\n\t\t\t<script type=\"text\/javascript\">\n\t\t\tjQuery(document).ready(function () {\n\t\t\t\t\/\/ initialize swiper when document ready\n\t\t\t\tvar boxTextSlider_2 = new Swiper ('#boxTextSlider_2 .box-text-slider_slider', {\n\t\t\t\t\tslidesPerView: 'auto',\n\t\t\t\t\tspaceBetween: 50,\n\t\t\t\t\tobserver: true,\n\t\t\t\t\tobserveParents: true,\n\t\t\t\t\tnavigation: {\n\t\t\t\t\t\tnextEl: '#boxTextSlider_2 .box-text-slider_slider .slider-list-navigation .swiper-button-next',\n\t\t\t\t\t\tprevEl: '#boxTextSlider_2 .box-text-slider_slider .slider-list-navigation .swiper-button-prev',\n\t\t\t\t\t}\n\t\t\t\t});\n\t\t\t});\n\t\t<\/script>\n\t\n\n\n<\/div>\n<\/div><\/div>\n\n<div  class=\"grids-section grids-is-stretch\" style=\"--_gs-gap-desktop:0px 0px;--_gs-m-desktop:0 0 0 0;--_gs-p-desktop:0 0 0 0;--_gs-bg-desktop:transparent none;--_gs-bg-xp-desktop:0px;--_gs-zi-desktop:auto;--_gs-d-desktop:block;--_gs-mw-desktop:calc(100% - 0 - 0);--_gs-gap-tablet:0px 0px;--_gs-m-tablet:0 0 0 0;--_gs-p-tablet:0 0 0 0;--_gs-bg-tablet:transparent none;--_gs-bg-xp-tablet:0px;--_gs-zi-tablet:auto;--_gs-d-tablet:block;--_gs-mw-tablet:calc(100% - 0 - 0);--_gs-gap-mobile:0px 0px;--_gs-m-mobile:0 0 0 0;--_gs-p-mobile:0 0 0 0;--_gs-bg-mobile:transparent none;--_gs-bg-xp-mobile:0px;--_gs-zi-mobile:auto;--_gs-d-mobile:block;--_gs-mw-mobile:calc(100% - 0 - 0);--_gs-columns:1;--_gs-rows:1\"><div class=\"grids-s-w_i\">\n<div class=\"grids-area\" style=\"--_ga-column:1\/2;--_ga-row:1\/2;--_ga-m-desktop:0 50px 0 50px;--_ga-p-desktop:0 0 0 0;--_ga-bg-desktop:transparent none;--_ga-zi-desktop:auto;--_ga-d-desktop:flex;--_ga-mw-desktop:calc(100% - 50px - 50px);--_ga-m-tablet:0 50px 0 50px;--_ga-p-tablet:0 0 0 0;--_ga-bg-tablet:transparent none;--_ga-zi-tablet:auto;--_ga-d-tablet:flex;--_ga-mw-tablet:calc(100% - 50px - 50px);--_ga-m-mobile:0 50px 0 50px;--_ga-p-mobile:0 0 0 0;--_ga-bg-mobile:transparent none;--_ga-zi-mobile:auto;--_ga-d-mobile:flex;--_ga-mw-mobile:calc(100% - 50px - 50px)\">\n\n<h2 class=\"wp-block-heading\">BiHoliday auf Spotify: teilen Sie Ihren Sound<\/h2>\n\n\n\n<p>Jeden Tag&nbsp;<strong>erwachen unsere Feriend\u00f6rfer zum Rhythmus der Musik<\/strong>. Von den Kleinen, die sich zu den Kl\u00e4ngen von Babytanz am\u00fcsieren, bis zum Aperitif am Strand, begleitet von den Kl\u00e4ngen der meistgesungenen und den sch\u00f6nsten Liedern des Sommers.<\/p>\n\n\n\n<p>Wenn wir diese Lieder Monate sp\u00e4ter h\u00f6ren, sind wir wieder&nbsp;<strong>am Strand, beim Sonnenuntergang, beim<\/strong>&nbsp;Fr\u00fchst\u00fcck im Pinienwald, umgeben vom Duft der Natur und vom Rauschen der Wellen.<\/p>\n\n\n\n<p><strong>Musik voller Erinnerungen, Nostalgie und Ungeduld<\/strong>&nbsp;\u2013 Ungeduld, diese Magie noch einmal zu erleben: deshalb stellen wir Ihnen unseren&nbsp;<strong>Spotify-Kanal<\/strong>&nbsp;vor, auf dem Sie schon bald alle Lieder finden werden, die Sie in die sch\u00f6nsten Tage des Sommers zur\u00fcckversetzen werden<\/p>\n\n<\/div>\n<\/div><\/div>\n\n\n<div class=\"wp-block-columns has-background is-layout-flex wp-container-core-columns-is-layout-9d6595d7 wp-block-columns-is-layout-flex\" style=\"background-color:#81b71a\">\n<div class=\"wp-block-column is-layout-flow wp-block-column-is-layout-flow\" style=\"flex-basis:100%\"><div  class=\"grids-section grids-is-stretch\" style=\"--_gs-gap-desktop:0px 0px;--_gs-m-desktop:0 0 0 0;--_gs-p-desktop:0 0 0 0;--_gs-bg-desktop:transparent none;--_gs-bg-xp-desktop:0px;--_gs-zi-desktop:auto;--_gs-d-desktop:block;--_gs-mw-desktop:calc(100% - 0 - 0);--_gs-gap-tablet:0px 0px;--_gs-m-tablet:0 0 0 0;--_gs-p-tablet:0 0 0 0;--_gs-bg-tablet:transparent none;--_gs-bg-xp-tablet:0px;--_gs-zi-tablet:auto;--_gs-d-tablet:block;--_gs-mw-tablet:calc(100% - 0 - 0);--_gs-gap-mobile:0px 0px;--_gs-m-mobile:0 0 0 0;--_gs-p-mobile:0 0 0 0;--_gs-bg-mobile:transparent none;--_gs-bg-xp-mobile:0px;--_gs-zi-mobile:auto;--_gs-d-mobile:block;--_gs-mw-mobile:calc(100% - 0 - 0);--_gs-columns:3;--_gs-rows:1\"><div class=\"grids-s-w_i\">\n<div class=\"grids-area\" style=\"--_ga-column:1\/2;--_ga-row:1\/2;--_ga-m-desktop:0 0 0 0;--_ga-p-desktop:0 0 0 0;--_ga-bg-desktop:transparent none;--_ga-zi-desktop:auto;--_ga-d-desktop:flex;--_ga-mw-desktop:calc(100% - 0 - 0);--_ga-m-tablet:0 0 0 0;--_ga-p-tablet:0 0 0 0;--_ga-bg-tablet:transparent none;--_ga-zi-tablet:auto;--_ga-d-tablet:flex;--_ga-mw-tablet:calc(100% - 0 - 0);--_ga-m-mobile:0 0 0 0;--_ga-p-mobile:0 0 0 0;--_ga-bg-mobile:transparent none;--_ga-zi-mobile:auto;--_ga-d-mobile:flex;--_ga-mw-mobile:calc(100% - 0 - 0)\">\n\n<figure class=\"wp-block-image size-full\"><img decoding=\"async\" width=\"128\" height=\"128\" src=\"https:\/\/www.villaggiosanfrancesco.com\/wp-content\/uploads\/2023\/02\/spotify.png\" alt=\"\" class=\"wp-image-13123\"\/><\/figure>\n\n<\/div>\n\n<div class=\"grids-area\" style=\"--_ga-column:2\/4;--_ga-row:1\/2;--_ga-va:center;--_ga-m-desktop:0 0 0 0;--_ga-p-desktop:0 0 0 0;--_ga-bg-desktop:transparent none;--_ga-zi-desktop:auto;--_ga-d-desktop:flex;--_ga-mw-desktop:calc(100% - 0 - 0);--_ga-m-tablet:0 0 0 0;--_ga-p-tablet:0 0 0 0;--_ga-bg-tablet:transparent none;--_ga-zi-tablet:auto;--_ga-d-tablet:flex;--_ga-mw-tablet:calc(100% - 0 - 0);--_ga-m-mobile:0 0 0 0;--_ga-p-mobile:0 0 0 0;--_ga-bg-mobile:transparent none;--_ga-zi-mobile:auto;--_ga-d-mobile:flex;--_ga-mw-mobile:calc(100% - 0 - 0)\">\n\n<h3 style=\"color: #ffffff; text-align: center;\">FOLGEN SIE UNSEREM KANAL UNTER: <a href=\"https:\/\/open.spotify.com\/user\/31rh6uh64mdlqhwpkhnvakp2fyju\">https:\/\/open.spotify.com\/<\/a><\/h3>\n\n<\/div>\n<\/div><\/div><\/div>\n<\/div>\n\n\n<div  class=\"grids-section grids-is-stretch\" style=\"--_gs-gap-desktop:0px 0px;--_gs-m-desktop:0 0 0 0;--_gs-p-desktop:0 0 0 0;--_gs-bg-desktop:transparent none;--_gs-bg-xp-desktop:0px;--_gs-zi-desktop:auto;--_gs-d-desktop:block;--_gs-mw-desktop:calc(100% - 0 - 0);--_gs-gap-tablet:0px 0px;--_gs-m-tablet:0 0 0 0;--_gs-p-tablet:0 0 0 0;--_gs-bg-tablet:transparent none;--_gs-bg-xp-tablet:0px;--_gs-zi-tablet:auto;--_gs-d-tablet:block;--_gs-mw-tablet:calc(100% - 0 - 0);--_gs-gap-mobile:0px 0px;--_gs-m-mobile:0 0 0 0;--_gs-p-mobile:0 0 0 0;--_gs-bg-mobile:transparent none;--_gs-bg-xp-mobile:0px;--_gs-zi-mobile:auto;--_gs-d-mobile:block;--_gs-mw-mobile:calc(100% - 0 - 0);--_gs-columns:1;--_gs-rows:1\"><div class=\"grids-s-w_i\">\n<div class=\"grids-area\" style=\"--_ga-column:1\/2;--_ga-row:1\/2;--_ga-m-desktop:0 50px 0 50px;--_ga-p-desktop:0 0 0 0;--_ga-bg-desktop:transparent none;--_ga-zi-desktop:auto;--_ga-d-desktop:flex;--_ga-mw-desktop:calc(100% - 50px - 50px);--_ga-m-tablet:0 50px 0 50px;--_ga-p-tablet:0 0 0 0;--_ga-bg-tablet:transparent none;--_ga-zi-tablet:auto;--_ga-d-tablet:flex;--_ga-mw-tablet:calc(100% - 50px - 50px);--_ga-m-mobile:0 50px 0 50px;--_ga-p-mobile:0 0 0 0;--_ga-bg-mobile:transparent none;--_ga-zi-mobile:auto;--_ga-d-mobile:flex;--_ga-mw-mobile:calc(100% - 50px - 50px)\">\n\n<h2 class=\"wp-block-heading\">Schlagen Sie ein Lied f\u00fcr unsere Playlist vor!<\/h2>\n\n\n\n<p><strong>St\u00f6bern Sie in unseren Beitr\u00e4gen auf Instagram<\/strong>: dort finden Sie das Fragefeld, in dem Sie Ihr Lied vorschlagen k\u00f6nnen, sodass es in die&nbsp;<strong>offizielle BiHoliday 2023-Playlist des Sommers<\/strong>&nbsp;aufgenommen wird!<\/p>\n\n<\/div>\n<\/div><\/div>","protected":false},"excerpt":{"rendered":"","protected":false},"author":11,"featured_media":13065,"comment_status":"closed","ping_status":"closed","sticky":false,"template":"","format":"standard","meta":{"_acf_changed":false,"advgb_blocks_editor_width":"","advgb_blocks_columns_visual_guide":"","footnotes":""},"categories":[18],"tags":[],"class_list":["post-13154","post","type-post","status-publish","format-standard","has-post-thumbnail","hentry","category-nieuws","entry"],"acf":[],"yoast_head":"<!-- This site is optimized with the Yoast SEO plugin v26.0 - https:\/\/yoast.com\/wordpress\/plugins\/seo\/ -->\n<title>Welttag des Radios - Villaggio San Francesco<\/title>\n<meta name=\"robots\" content=\"index, follow, max-snippet:-1, max-image-preview:large, max-video-preview:-1\" \/>\n<link rel=\"canonical\" href=\"https:\/\/www.villaggiosanfrancesco.com\/nl\/news\/nieuws\/welttag-des-radios\/\" \/>\n<meta property=\"og:locale\" content=\"nl_NL\" \/>\n<meta property=\"og:type\" content=\"article\" \/>\n<meta property=\"og:title\" content=\"Welttag des Radios - Villaggio San Francesco\" \/>\n<meta property=\"og:url\" content=\"https:\/\/www.villaggiosanfrancesco.com\/nl\/news\/nieuws\/welttag-des-radios\/\" \/>\n<meta property=\"og:site_name\" content=\"Villaggio San Francesco\" \/>\n<meta property=\"article:publisher\" content=\"https:\/\/www.facebook.com\/VillaggioSanFrancesco\/\" \/>\n<meta property=\"article:published_time\" content=\"2023-02-08T16:43:32+00:00\" \/>\n<meta property=\"article:modified_time\" content=\"2023-02-08T16:44:24+00:00\" \/>\n<meta property=\"og:image\" content=\"https:\/\/www.villaggiosanfrancesco.com\/wp-content\/uploads\/2023\/02\/giornata-mondiale-radio.jpg\" \/>\n\t<meta property=\"og:image:width\" content=\"1920\" \/>\n\t<meta property=\"og:image:height\" content=\"1280\" \/>\n\t<meta property=\"og:image:type\" content=\"image\/jpeg\" \/>\n<meta name=\"author\" content=\"federica.cattelan\" \/>\n<meta name=\"twitter:card\" content=\"summary_large_image\" \/>\n<meta name=\"twitter:label1\" content=\"Geschreven door\" \/>\n\t<meta name=\"twitter:data1\" content=\"federica.cattelan\" \/>\n\t<meta name=\"twitter:label2\" content=\"Geschatte leestijd\" \/>\n\t<meta name=\"twitter:data2\" content=\"3 minuten\" \/>\n<script type=\"application\/ld+json\" class=\"yoast-schema-graph\">{\"@context\":\"https:\/\/schema.org\",\"@graph\":[{\"@type\":\"Article\",\"@id\":\"https:\/\/www.villaggiosanfrancesco.com\/nl\/news\/nieuws\/welttag-des-radios\/#article\",\"isPartOf\":{\"@id\":\"https:\/\/www.villaggiosanfrancesco.com\/nl\/news\/nieuws\/welttag-des-radios\/\"},\"author\":{\"name\":\"federica.cattelan\",\"@id\":\"https:\/\/www.villaggiosanfrancesco.com\/nl\/#\/schema\/person\/42d2a3617fc01b4bca89f6da4be96550\"},\"headline\":\"Welttag des Radios\",\"datePublished\":\"2023-02-08T16:43:32+00:00\",\"dateModified\":\"2023-02-08T16:44:24+00:00\",\"mainEntityOfPage\":{\"@id\":\"https:\/\/www.villaggiosanfrancesco.com\/nl\/news\/nieuws\/welttag-des-radios\/\"},\"wordCount\":416,\"publisher\":{\"@id\":\"https:\/\/www.villaggiosanfrancesco.com\/nl\/#organization\"},\"image\":{\"@id\":\"https:\/\/www.villaggiosanfrancesco.com\/nl\/news\/nieuws\/welttag-des-radios\/#primaryimage\"},\"thumbnailUrl\":\"https:\/\/www.villaggiosanfrancesco.com\/wp-content\/uploads\/2023\/02\/giornata-mondiale-radio.jpg\",\"articleSection\":[\"Nieuws\"],\"inLanguage\":\"nl-NL\"},{\"@type\":\"WebPage\",\"@id\":\"https:\/\/www.villaggiosanfrancesco.com\/nl\/news\/nieuws\/welttag-des-radios\/\",\"url\":\"https:\/\/www.villaggiosanfrancesco.com\/nl\/news\/nieuws\/welttag-des-radios\/\",\"name\":\"Welttag des Radios - Villaggio San Francesco\",\"isPartOf\":{\"@id\":\"https:\/\/www.villaggiosanfrancesco.com\/nl\/#website\"},\"primaryImageOfPage\":{\"@id\":\"https:\/\/www.villaggiosanfrancesco.com\/nl\/news\/nieuws\/welttag-des-radios\/#primaryimage\"},\"image\":{\"@id\":\"https:\/\/www.villaggiosanfrancesco.com\/nl\/news\/nieuws\/welttag-des-radios\/#primaryimage\"},\"thumbnailUrl\":\"https:\/\/www.villaggiosanfrancesco.com\/wp-content\/uploads\/2023\/02\/giornata-mondiale-radio.jpg\",\"datePublished\":\"2023-02-08T16:43:32+00:00\",\"dateModified\":\"2023-02-08T16:44:24+00:00\",\"breadcrumb\":{\"@id\":\"https:\/\/www.villaggiosanfrancesco.com\/nl\/news\/nieuws\/welttag-des-radios\/#breadcrumb\"},\"inLanguage\":\"nl-NL\",\"potentialAction\":[{\"@type\":\"ReadAction\",\"target\":[\"https:\/\/www.villaggiosanfrancesco.com\/nl\/news\/nieuws\/welttag-des-radios\/\"]}]},{\"@type\":\"ImageObject\",\"inLanguage\":\"nl-NL\",\"@id\":\"https:\/\/www.villaggiosanfrancesco.com\/nl\/news\/nieuws\/welttag-des-radios\/#primaryimage\",\"url\":\"https:\/\/www.villaggiosanfrancesco.com\/wp-content\/uploads\/2023\/02\/giornata-mondiale-radio.jpg\",\"contentUrl\":\"https:\/\/www.villaggiosanfrancesco.com\/wp-content\/uploads\/2023\/02\/giornata-mondiale-radio.jpg\",\"width\":1920,\"height\":1280},{\"@type\":\"BreadcrumbList\",\"@id\":\"https:\/\/www.villaggiosanfrancesco.com\/nl\/news\/nieuws\/welttag-des-radios\/#breadcrumb\",\"itemListElement\":[{\"@type\":\"ListItem\",\"position\":1,\"name\":\"Home\",\"item\":\"https:\/\/www.villaggiosanfrancesco.com\/nl\/\"},{\"@type\":\"ListItem\",\"position\":2,\"name\":\"Nieuws\",\"item\":\"https:\/\/www.villaggiosanfrancesco.com\/nl\/news\/category\/nieuws\/\"},{\"@type\":\"ListItem\",\"position\":3,\"name\":\"Welttag des Radios\"}]},{\"@type\":\"WebSite\",\"@id\":\"https:\/\/www.villaggiosanfrancesco.com\/nl\/#website\",\"url\":\"https:\/\/www.villaggiosanfrancesco.com\/nl\/\",\"name\":\"Villaggio San Francesco\",\"description\":\"Caorle, VENEZIA\",\"publisher\":{\"@id\":\"https:\/\/www.villaggiosanfrancesco.com\/nl\/#organization\"},\"potentialAction\":[{\"@type\":\"SearchAction\",\"target\":{\"@type\":\"EntryPoint\",\"urlTemplate\":\"https:\/\/www.villaggiosanfrancesco.com\/nl\/?s={search_term_string}\"},\"query-input\":{\"@type\":\"PropertyValueSpecification\",\"valueRequired\":true,\"valueName\":\"search_term_string\"}}],\"inLanguage\":\"nl-NL\"},{\"@type\":\"Organization\",\"@id\":\"https:\/\/www.villaggiosanfrancesco.com\/nl\/#organization\",\"name\":\"Villaggio San Francesco\",\"url\":\"https:\/\/www.villaggiosanfrancesco.com\/nl\/\",\"logo\":{\"@type\":\"ImageObject\",\"inLanguage\":\"nl-NL\",\"@id\":\"https:\/\/www.villaggiosanfrancesco.com\/nl\/#\/schema\/logo\/image\/\",\"url\":\"https:\/\/www.villaggiosanfrancesco.com\/wp-content\/uploads\/2023\/03\/Logo-Villaggio-San-Francesco-Caorle-1.png\",\"contentUrl\":\"https:\/\/www.villaggiosanfrancesco.com\/wp-content\/uploads\/2023\/03\/Logo-Villaggio-San-Francesco-Caorle-1.png\",\"width\":1206,\"height\":356,\"caption\":\"Villaggio San Francesco\"},\"image\":{\"@id\":\"https:\/\/www.villaggiosanfrancesco.com\/nl\/#\/schema\/logo\/image\/\"},\"sameAs\":[\"https:\/\/www.facebook.com\/VillaggioSanFrancesco\/\",\"https:\/\/www.instagram.com\/villaggiosanfrancesco\/\",\"https:\/\/www.youtube.com\/channel\/UClXJoJulrb1UANfZodeHn-g\",\"https:\/\/www.tiktok.com\/@sanfrancescoresort\"]},{\"@type\":\"Person\",\"@id\":\"https:\/\/www.villaggiosanfrancesco.com\/nl\/#\/schema\/person\/42d2a3617fc01b4bca89f6da4be96550\",\"name\":\"federica.cattelan\"}]}<\/script>\n<!-- \/ Yoast SEO plugin. -->","yoast_head_json":{"title":"Welttag des Radios - Villaggio San Francesco","robots":{"index":"index","follow":"follow","max-snippet":"max-snippet:-1","max-image-preview":"max-image-preview:large","max-video-preview":"max-video-preview:-1"},"canonical":"https:\/\/www.villaggiosanfrancesco.com\/nl\/news\/nieuws\/welttag-des-radios\/","og_locale":"nl_NL","og_type":"article","og_title":"Welttag des Radios - Villaggio San Francesco","og_url":"https:\/\/www.villaggiosanfrancesco.com\/nl\/news\/nieuws\/welttag-des-radios\/","og_site_name":"Villaggio San Francesco","article_publisher":"https:\/\/www.facebook.com\/VillaggioSanFrancesco\/","article_published_time":"2023-02-08T16:43:32+00:00","article_modified_time":"2023-02-08T16:44:24+00:00","og_image":[{"width":1920,"height":1280,"url":"https:\/\/www.villaggiosanfrancesco.com\/wp-content\/uploads\/2023\/02\/giornata-mondiale-radio.jpg","type":"image\/jpeg"}],"author":"federica.cattelan","twitter_card":"summary_large_image","twitter_misc":{"Geschreven door":"federica.cattelan","Geschatte leestijd":"3 minuten"},"schema":{"@context":"https:\/\/schema.org","@graph":[{"@type":"Article","@id":"https:\/\/www.villaggiosanfrancesco.com\/nl\/news\/nieuws\/welttag-des-radios\/#article","isPartOf":{"@id":"https:\/\/www.villaggiosanfrancesco.com\/nl\/news\/nieuws\/welttag-des-radios\/"},"author":{"name":"federica.cattelan","@id":"https:\/\/www.villaggiosanfrancesco.com\/nl\/#\/schema\/person\/42d2a3617fc01b4bca89f6da4be96550"},"headline":"Welttag des Radios","datePublished":"2023-02-08T16:43:32+00:00","dateModified":"2023-02-08T16:44:24+00:00","mainEntityOfPage":{"@id":"https:\/\/www.villaggiosanfrancesco.com\/nl\/news\/nieuws\/welttag-des-radios\/"},"wordCount":416,"publisher":{"@id":"https:\/\/www.villaggiosanfrancesco.com\/nl\/#organization"},"image":{"@id":"https:\/\/www.villaggiosanfrancesco.com\/nl\/news\/nieuws\/welttag-des-radios\/#primaryimage"},"thumbnailUrl":"https:\/\/www.villaggiosanfrancesco.com\/wp-content\/uploads\/2023\/02\/giornata-mondiale-radio.jpg","articleSection":["Nieuws"],"inLanguage":"nl-NL"},{"@type":"WebPage","@id":"https:\/\/www.villaggiosanfrancesco.com\/nl\/news\/nieuws\/welttag-des-radios\/","url":"https:\/\/www.villaggiosanfrancesco.com\/nl\/news\/nieuws\/welttag-des-radios\/","name":"Welttag des Radios - Villaggio San Francesco","isPartOf":{"@id":"https:\/\/www.villaggiosanfrancesco.com\/nl\/#website"},"primaryImageOfPage":{"@id":"https:\/\/www.villaggiosanfrancesco.com\/nl\/news\/nieuws\/welttag-des-radios\/#primaryimage"},"image":{"@id":"https:\/\/www.villaggiosanfrancesco.com\/nl\/news\/nieuws\/welttag-des-radios\/#primaryimage"},"thumbnailUrl":"https:\/\/www.villaggiosanfrancesco.com\/wp-content\/uploads\/2023\/02\/giornata-mondiale-radio.jpg","datePublished":"2023-02-08T16:43:32+00:00","dateModified":"2023-02-08T16:44:24+00:00","breadcrumb":{"@id":"https:\/\/www.villaggiosanfrancesco.com\/nl\/news\/nieuws\/welttag-des-radios\/#breadcrumb"},"inLanguage":"nl-NL","potentialAction":[{"@type":"ReadAction","target":["https:\/\/www.villaggiosanfrancesco.com\/nl\/news\/nieuws\/welttag-des-radios\/"]}]},{"@type":"ImageObject","inLanguage":"nl-NL","@id":"https:\/\/www.villaggiosanfrancesco.com\/nl\/news\/nieuws\/welttag-des-radios\/#primaryimage","url":"https:\/\/www.villaggiosanfrancesco.com\/wp-content\/uploads\/2023\/02\/giornata-mondiale-radio.jpg","contentUrl":"https:\/\/www.villaggiosanfrancesco.com\/wp-content\/uploads\/2023\/02\/giornata-mondiale-radio.jpg","width":1920,"height":1280},{"@type":"BreadcrumbList","@id":"https:\/\/www.villaggiosanfrancesco.com\/nl\/news\/nieuws\/welttag-des-radios\/#breadcrumb","itemListElement":[{"@type":"ListItem","position":1,"name":"Home","item":"https:\/\/www.villaggiosanfrancesco.com\/nl\/"},{"@type":"ListItem","position":2,"name":"Nieuws","item":"https:\/\/www.villaggiosanfrancesco.com\/nl\/news\/category\/nieuws\/"},{"@type":"ListItem","position":3,"name":"Welttag des Radios"}]},{"@type":"WebSite","@id":"https:\/\/www.villaggiosanfrancesco.com\/nl\/#website","url":"https:\/\/www.villaggiosanfrancesco.com\/nl\/","name":"Villaggio San Francesco","description":"Caorle, VENEZIA","publisher":{"@id":"https:\/\/www.villaggiosanfrancesco.com\/nl\/#organization"},"potentialAction":[{"@type":"SearchAction","target":{"@type":"EntryPoint","urlTemplate":"https:\/\/www.villaggiosanfrancesco.com\/nl\/?s={search_term_string}"},"query-input":{"@type":"PropertyValueSpecification","valueRequired":true,"valueName":"search_term_string"}}],"inLanguage":"nl-NL"},{"@type":"Organization","@id":"https:\/\/www.villaggiosanfrancesco.com\/nl\/#organization","name":"Villaggio San Francesco","url":"https:\/\/www.villaggiosanfrancesco.com\/nl\/","logo":{"@type":"ImageObject","inLanguage":"nl-NL","@id":"https:\/\/www.villaggiosanfrancesco.com\/nl\/#\/schema\/logo\/image\/","url":"https:\/\/www.villaggiosanfrancesco.com\/wp-content\/uploads\/2023\/03\/Logo-Villaggio-San-Francesco-Caorle-1.png","contentUrl":"https:\/\/www.villaggiosanfrancesco.com\/wp-content\/uploads\/2023\/03\/Logo-Villaggio-San-Francesco-Caorle-1.png","width":1206,"height":356,"caption":"Villaggio San Francesco"},"image":{"@id":"https:\/\/www.villaggiosanfrancesco.com\/nl\/#\/schema\/logo\/image\/"},"sameAs":["https:\/\/www.facebook.com\/VillaggioSanFrancesco\/","https:\/\/www.instagram.com\/villaggiosanfrancesco\/","https:\/\/www.youtube.com\/channel\/UClXJoJulrb1UANfZodeHn-g","https:\/\/www.tiktok.com\/@sanfrancescoresort"]},{"@type":"Person","@id":"https:\/\/www.villaggiosanfrancesco.com\/nl\/#\/schema\/person\/42d2a3617fc01b4bca89f6da4be96550","name":"federica.cattelan"}]}},"author_meta":{"display_name":"federica.cattelan","author_link":"https:\/\/www.villaggiosanfrancesco.com\/nl\/news\/author\/federica-cattelan\/"},"featured_img":"https:\/\/www.villaggiosanfrancesco.com\/wp-content\/uploads\/2023\/02\/giornata-mondiale-radio-300x200.jpg","coauthors":[],"tax_additional":{"categories":{"linked":["<a href=\"https:\/\/www.villaggiosanfrancesco.com\/nl\/news\/category\/nieuws\/\" class=\"advgb-post-tax-term\">Nieuws<\/a>"],"unlinked":["<span class=\"advgb-post-tax-term\">Nieuws<\/span>"]}},"comment_count":"0","relative_dates":{"created":"Posted 3 jaar ago","modified":"Updated 3 jaar ago"},"absolute_dates":{"created":"Posted on februari 8, 2023","modified":"Updated on februari 8, 2023"},"absolute_dates_time":{"created":"Posted on februari 8, 2023 5:43 pm","modified":"Updated on februari 8, 2023 5:44 pm"},"featured_img_caption":"","series_order":"","_links":{"self":[{"href":"https:\/\/www.villaggiosanfrancesco.com\/nl\/wp-json\/wp\/v2\/posts\/13154","targetHints":{"allow":["GET"]}}],"collection":[{"href":"https:\/\/www.villaggiosanfrancesco.com\/nl\/wp-json\/wp\/v2\/posts"}],"about":[{"href":"https:\/\/www.villaggiosanfrancesco.com\/nl\/wp-json\/wp\/v2\/types\/post"}],"author":[{"embeddable":true,"href":"https:\/\/www.villaggiosanfrancesco.com\/nl\/wp-json\/wp\/v2\/users\/11"}],"replies":[{"embeddable":true,"href":"https:\/\/www.villaggiosanfrancesco.com\/nl\/wp-json\/wp\/v2\/comments?post=13154"}],"version-history":[{"count":0,"href":"https:\/\/www.villaggiosanfrancesco.com\/nl\/wp-json\/wp\/v2\/posts\/13154\/revisions"}],"wp:featuredmedia":[{"embeddable":true,"href":"https:\/\/www.villaggiosanfrancesco.com\/nl\/wp-json\/wp\/v2\/media\/13065"}],"wp:attachment":[{"href":"https:\/\/www.villaggiosanfrancesco.com\/nl\/wp-json\/wp\/v2\/media?parent=13154"}],"wp:term":[{"taxonomy":"category","embeddable":true,"href":"https:\/\/www.villaggiosanfrancesco.com\/nl\/wp-json\/wp\/v2\/categories?post=13154"},{"taxonomy":"post_tag","embeddable":true,"href":"https:\/\/www.villaggiosanfrancesco.com\/nl\/wp-json\/wp\/v2\/tags?post=13154"}],"curies":[{"name":"wp","href":"https:\/\/api.w.org\/{rel}","templated":true}]}}