{"id":4353,"date":"2022-07-28T11:25:06","date_gmt":"2022-07-28T09:25:06","guid":{"rendered":"https:\/\/www.villaggiosanfrancesco.com\/?p=4353"},"modified":"2023-01-11T11:46:43","modified_gmt":"2023-01-11T10:46:43","slug":"giornata-internazionale-dello-sviluppo-dello-sport","status":"publish","type":"post","link":"https:\/\/www.villaggiosanfrancesco.com\/it\/news\/novita\/giornata-internazionale-dello-sviluppo-dello-sport\/","title":{"rendered":"Giornata internazionale dello sviluppo dello sport"},"content":{"rendered":"<div  class=\"grids-section grids-is-advanced alignwide\" style=\"--_gs-gap-desktop:0px 0px;--_gs-m-desktop:0 0 0 0;--_gs-p-desktop:0 0 0 0;--_gs-bg-desktop:transparent none;--_gs-bg-xp-desktop:0px;--_gs-zi-desktop:auto;--_gs-d-desktop:block;--_gs-mw-desktop:calc(100% - 0 - 0);--_gs-gap-tablet:0px 0px;--_gs-m-tablet:0 0 0 0;--_gs-p-tablet:0 0 0 0;--_gs-bg-tablet:transparent none;--_gs-bg-xp-tablet:0px;--_gs-zi-tablet:auto;--_gs-d-tablet:block;--_gs-mw-tablet:calc(100% - 0 - 0);--_gs-gap-mobile:0px 0px;--_gs-m-mobile:0 0 0 0;--_gs-p-mobile:0 0 0 0;--_gs-bg-mobile:transparent none;--_gs-bg-xp-mobile:0px;--_gs-zi-mobile:auto;--_gs-d-mobile:block;--_gs-mw-mobile:calc(100% - 0 - 0);--_gs-columns:12;--_gs-rows:6\"><div class=\"grids-s-w_i\">\n<div class=\"grids-area\" style=\"--_ga-column:2\/12;--_ga-row:1\/2;--_ga-m-desktop:0 0 0 0;--_ga-p-desktop:0 0 0 0;--_ga-bg-desktop:transparent none;--_ga-zi-desktop:auto;--_ga-d-desktop:flex;--_ga-mw-desktop:calc(100% - 0 - 0);--_ga-m-tablet:0 0 0 0;--_ga-p-tablet:0 0 0 0;--_ga-bg-tablet:transparent none;--_ga-zi-tablet:auto;--_ga-d-tablet:flex;--_ga-mw-tablet:calc(100% - 0 - 0);--_ga-m-mobile:0 0 0 0;--_ga-p-mobile:0 10% 0 10%;--_ga-bg-mobile:transparent none;--_ga-zi-mobile:auto;--_ga-d-mobile:flex;--_ga-mw-mobile:calc(100% - 0 - 0)\">\n\n<h2 class=\"has-text-align-center wp-block-heading\">Villaggio San Francesco: uno dei migliori camping resort per lo sport<\/h2>\n\n\n\n<p class=\"has-text-align-center\"><strong>\u201cLo sport va a cercare la paura per dominarla, la fatica per trionfarla, la difficolt\u00e0 per vincerla.\u201d<\/strong><\/p>\n\n\n\n<p class=\"has-text-align-center\"><em>Pierre de Coubertin<\/em><\/p>\n\n\n\n<div style=\"height:50px\" aria-hidden=\"true\" class=\"wp-block-spacer\"><\/div>\n\n\n\n<p>Con questa celebre frase di Pierre de Coubertin, fondatore dei Giochi Olimpici Moderni, vogliamo omaggiare la Giornata Mondiale dello Sport per la Pace.<\/p>\n\n\n\n<p>Questa giornata,&nbsp;<strong>introdotta dall\u2019ONU nel 2013<\/strong>, non a caso viene celebrata il&nbsp;<strong>6 Aprile giorno in cui nel 1896 vede la luce la nascita dei Giochi Olimpici dell\u2019Et\u00e0 Moderna<\/strong>&nbsp;grazie al contributo dello stesso Pierre de Coubertin.<\/p>\n\n\n\n<p><strong>Lavoro di squadra, Lealt\u00e0, Disciplina, Rispetto per l\u2019avversario<\/strong>&nbsp;e per le regole sono solo alcuni dei valori in comune dello Sport e della Pace. Infatti, Solo unendo le forze si pu\u00f2 cooperare, organizzare societ\u00e0 pi\u00f9 civili e contribuire alla costruzione di un mondo basato su rispetto e la condivisione di pace.<\/p>\n\n\n\n<p><strong>Bi Holiday da sempre si rispecchia in questi valori<\/strong>&nbsp;e crede fortemente che&nbsp;<strong>lo sport sia<\/strong>&nbsp;non solo un\u2019attivit\u00e0 fisica ma&nbsp;<strong>un vero e proprio veicolo di messaggi di Accessibilit\u00e0, Cooperazione e Pace.<\/strong><\/p>\n\n\n\n<p>Per questo all\u2019interno dei suoi Villaggi a Caorle e Fazana vi sono numerose attivit\u00e0 sportive,&nbsp;accessibili ad ogni et\u00e0 e per ogni possibilit\u00e0.<\/p>\n\n\n\n<p>Non solo. Da oltre dieci anni il Gruppo&nbsp;<strong>Bi Holiday organizza molti eventi sportivi<\/strong>&nbsp;sia all\u2019interno dei suoi villaggi che collaborando attivamente con il Territorio e la amministrazioni locali, riuscendo cos\u00ec a portare avanti i principi di De Coubertin secondo cui lo sport \u00e8 un vero amplificatore di valori come lo spirito di squadra, il rispetto e la pace. Soprattutto per i Giovani.<\/p>\n\n\n\n<p>Soprattutto nel contesto storico che stiamo vivendo.<\/p>\n\n\n\n<div style=\"height:50px\" aria-hidden=\"true\" class=\"wp-block-spacer\"><\/div>\n\n\n\n<h2 class=\"has-text-align-center wp-block-heading\">Lo sport come amplificatore di valori come lo spirito di squadra, il rispetto e la pace<\/h2>\n\n<\/div>\n\n<div class=\"grids-area\" style=\"--_ga-column:3\/5;--_ga-row:2\/4;--_ga-va:center;--_ga-m-desktop:0 0 0 0;--_ga-p-desktop:60px 0 60px 0;--_ga-bg-desktop:#f4e4a4 none;--_ga-zi-desktop:auto;--_ga-d-desktop:flex;--_ga-mw-desktop:calc(100% - 0 - 0);--_ga-m-tablet:0 0 0 0;--_ga-p-tablet:60px 0 60px 0;--_ga-bg-tablet:#f4e4a4 none;--_ga-zi-tablet:auto;--_ga-d-tablet:flex;--_ga-mw-tablet:calc(100% - 0 - 0);--_ga-m-mobile:0 0 0 0;--_ga-p-mobile:60px 0 60px 0;--_ga-bg-mobile:#f4e4a4 none;--_ga-zi-mobile:auto;--_ga-d-mobile:flex;--_ga-mw-mobile:calc(100% - 0 - 0)\">\n\n<figure class=\"wp-block-image size-full is-resized\"><img decoding=\"async\" src=\"https:\/\/www.villaggiosanfrancesco.com\/wp-content\/uploads\/2022\/07\/Premio_koobcamp_Villaggio_San_Francesco.png\" alt=\"Premio_koobcamp_Villaggio_San_Francesco\" class=\"wp-image-4358\" width=\"250\" height=\"250\" srcset=\"https:\/\/www.villaggiosanfrancesco.com\/wp-content\/uploads\/2022\/07\/Premio_koobcamp_Villaggio_San_Francesco.png 500w, https:\/\/www.villaggiosanfrancesco.com\/wp-content\/uploads\/2022\/07\/Premio_koobcamp_Villaggio_San_Francesco-300x300.png 300w, https:\/\/www.villaggiosanfrancesco.com\/wp-content\/uploads\/2022\/07\/Premio_koobcamp_Villaggio_San_Francesco-150x150.png 150w\" sizes=\"(max-width: 250px) 100vw, 250px\" \/><\/figure>\n\n<\/div>\n\n<div class=\"grids-area\" style=\"--_ga-column:5\/11;--_ga-row:2\/4;--_ga-va:center;--_ga-m-desktop:0 0 0 0;--_ga-p-desktop:60px 60px 60px 60px;--_ga-bg-desktop:#f4e4a4 none;--_ga-zi-desktop:auto;--_ga-d-desktop:flex;--_ga-mw-desktop:calc(100% - 0 - 0);--_ga-m-tablet:0 0 0 0;--_ga-p-tablet:60px 60px 60px 60px;--_ga-bg-tablet:#f4e4a4 none;--_ga-zi-tablet:auto;--_ga-d-tablet:flex;--_ga-mw-tablet:calc(100% - 0 - 0);--_ga-m-mobile:0 0 0 0;--_ga-p-mobile:60px 60px 60px 60px;--_ga-bg-mobile:#f4e4a4 none;--_ga-zi-mobile:auto;--_ga-d-mobile:flex;--_ga-mw-mobile:calc(100% - 0 - 0)\">\n\n<p>\u201cCollaboro con il gruppo Bi Holiday da oltre 5 anni nella realizzazione di Eventi Sportivi.<\/p>\n\n\n\n<p>\u00c8 veramente soddisfacente e gratificante poter contare su un Partner che crede fortemente nello Sport non solo come valore ma anche come investimento. Infatti, ogni anno possiamo contare pi\u00f9 di una novit\u00e0 nell\u2019ambito sportivo all\u2019interno dei villaggi sia a livello strutturale che di anticipo delle nuove tendenze.&nbsp;<\/p>\n\n\n\n<p>Non a caso, il Villaggio San Francesco \u00e8 stato premiato nel 2021 da Koob Camp nell\u2019ambito dei certificati di Eccellenza Villaggi Sportivi.\u201d<\/p>\n\n\n\n<p><strong>Michael Brioschi Guinet<\/strong>,&nbsp;<em>Glocal Creator&nbsp;<\/em><\/p>\n\n<\/div>\n\n<div class=\"grids-area\" style=\"--_ga-column:3\/9;--_ga-row:4\/6;--_ga-va:center;--_ga-m-desktop:0 0 0 0;--_ga-p-desktop:0 0 0 0;--_ga-bg-desktop:transparent none;--_ga-zi-desktop:auto;--_ga-d-desktop:flex;--_ga-mw-desktop:calc(100% - 0 - 0);--_ga-m-tablet:0 0 0 0;--_ga-p-tablet:0 0 0 0;--_ga-bg-tablet:transparent none;--_ga-zi-tablet:auto;--_ga-d-tablet:flex;--_ga-mw-tablet:calc(100% - 0 - 0);--_ga-m-mobile:0 0 0 0;--_ga-p-mobile:0 10% 0 10%;--_ga-bg-mobile:transparent none;--_ga-zi-mobile:auto;--_ga-d-mobile:flex;--_ga-mw-mobile:calc(100% - 0 - 0)\">\n\n<div style=\"height:80px\" aria-hidden=\"true\" class=\"wp-block-spacer\"><\/div>\n\n\n\n<p>\u201cIl Rugby \u00e8 uno sport molto familiare. Si basa su aiuto reciproco e collaborazione: ci si aiuta l\u2019un l\u2019altro sia in campo che fuori campo.<\/p>\n\n\n\n<p>Per questo motivo da oltre tre anni organizziamo raduni e ritiri sportivi al Villaggio San Francesco di Caorle. Qui, ritroviamo lo stesso clima che troviamo nella nostra squadra: gentilezza e cordialit\u00e0 dello staff di ogni settore, dall\u2019accoglienza, al backstage, disponibilit\u00e0 e flessibilit\u00e0 nell\u2019avere spazi dedicati.<\/p>\n\n\n\n<p>Organizzare un evento sportivo in un contesto cos\u00ec tranquillo e disponibile aiuta noi e soprattutto i ragazzi a vivere lo sport con serenit\u00e0, benessere, respirando aria di FAMIGLIA.\u201d<\/p>\n\n\n\n<p><strong>Mirko Piccolo<\/strong>&nbsp;\u2013&nbsp;<em>Villorba Rugby<\/em><\/p>\n\n<\/div>\n\n<div class=\"grids-area\" style=\"--_ga-column:9\/12;--_ga-row:4\/6;--_ga-va:center;--_ga-m-desktop:0 0 0 0;--_ga-p-desktop:0 0 0 0;--_ga-bg-desktop:transparent none;--_ga-zi-desktop:auto;--_ga-d-desktop:flex;--_ga-mw-desktop:calc(100% - 0 - 0);--_ga-m-tablet:0 0 0 0;--_ga-p-tablet:0 0 0 0;--_ga-bg-tablet:transparent none;--_ga-zi-tablet:auto;--_ga-d-tablet:flex;--_ga-mw-tablet:calc(100% - 0 - 0);--_ga-m-mobile:0 0 0 0;--_ga-p-mobile:0 0 0 0;--_ga-bg-mobile:transparent none;--_ga-zi-mobile:auto;--_ga-d-mobile:flex;--_ga-mw-mobile:calc(100% - 0 - 0)\">\n\n<div style=\"height:80px\" aria-hidden=\"true\" class=\"wp-block-spacer\"><\/div>\n\n\n\n<figure class=\"wp-block-image size-full is-resized\"><img decoding=\"async\" src=\"https:\/\/www.villaggiosanfrancesco.com\/wp-content\/uploads\/2022\/07\/Sport_Villaggio_San_Francesco_Caorle.png\" alt=\"Sport_Villaggio_San_Francesco_Caorle\" class=\"wp-image-4327\" width=\"300\" height=\"300\" srcset=\"https:\/\/www.villaggiosanfrancesco.com\/wp-content\/uploads\/2022\/07\/Sport_Villaggio_San_Francesco_Caorle.png 600w, https:\/\/www.villaggiosanfrancesco.com\/wp-content\/uploads\/2022\/07\/Sport_Villaggio_San_Francesco_Caorle-300x300.png 300w, https:\/\/www.villaggiosanfrancesco.com\/wp-content\/uploads\/2022\/07\/Sport_Villaggio_San_Francesco_Caorle-150x150.png 150w\" sizes=\"(max-width: 300px) 100vw, 300px\" \/><\/figure>\n\n<\/div>\n\n<div class=\"grids-area\" style=\"--_ga-column:2\/12;--_ga-row:6\/7;--_ga-m-desktop:0 0 0 0;--_ga-p-desktop:0 0 0 0;--_ga-bg-desktop:transparent none;--_ga-zi-desktop:auto;--_ga-d-desktop:flex;--_ga-mw-desktop:calc(100% - 0 - 0);--_ga-m-tablet:0 0 0 0;--_ga-p-tablet:0 0 0 0;--_ga-bg-tablet:transparent none;--_ga-zi-tablet:auto;--_ga-d-tablet:flex;--_ga-mw-tablet:calc(100% - 0 - 0);--_ga-m-mobile:0 0 0 0;--_ga-p-mobile:0 0 0 0;--_ga-bg-mobile:transparent none;--_ga-zi-mobile:auto;--_ga-d-mobile:flex;--_ga-mw-mobile:calc(100% - 0 - 0)\">\n\n<div style=\"height:50px\" aria-hidden=\"true\" class=\"wp-block-spacer\"><\/div>\n\n\n\n<h2 class=\"has-text-align-center wp-block-heading\">Villaggio San Francesco: uno dei migliori camping resort per lo sport<\/h2>\n\n\n\n<p class=\"has-text-align-center\">Scopri tutti gli sport che puoi fare al Villaggio San Francesco a Caorle<\/p>\n\n\n\n<div class=\"wp-block-buttons is-content-justification-center is-layout-flex wp-container-core-buttons-is-layout-16018d1d wp-block-buttons-is-layout-flex\">\n<div class=\"wp-block-button is-style-outline is-style-outline--2 advgb-dyn-01da8c9b\"><a class=\"wp-block-button__link has-text-color wp-element-button\" style=\"color:#00a8bb\">SCOPRI TUTTI GLI SPORT<\/a><\/div>\n<\/div>\n\n<\/div>\n<\/div><\/div>","protected":false},"excerpt":{"rendered":"","protected":false},"author":1,"featured_media":4354,"comment_status":"closed","ping_status":"open","sticky":false,"template":"","format":"standard","meta":{"_acf_changed":false,"advgb_blocks_editor_width":"","advgb_blocks_columns_visual_guide":"","footnotes":""},"categories":[1],"tags":[],"class_list":["post-4353","post","type-post","status-publish","format-standard","has-post-thumbnail","hentry","category-novita","entry"],"acf":[],"yoast_head":"<!-- This site is optimized with the Yoast SEO plugin v26.0 - https:\/\/yoast.com\/wordpress\/plugins\/seo\/ -->\n<title>Giornata internazionale dello sviluppo dello sport - Villaggio San Francesco<\/title>\n<meta name=\"robots\" content=\"index, follow, max-snippet:-1, max-image-preview:large, max-video-preview:-1\" \/>\n<link rel=\"canonical\" href=\"https:\/\/www.villaggiosanfrancesco.com\/it\/news\/novita\/giornata-internazionale-dello-sviluppo-dello-sport\/\" \/>\n<meta property=\"og:locale\" content=\"it_IT\" \/>\n<meta property=\"og:type\" content=\"article\" \/>\n<meta property=\"og:title\" content=\"Giornata internazionale dello sviluppo dello sport - Villaggio San Francesco\" \/>\n<meta property=\"og:url\" content=\"https:\/\/www.villaggiosanfrancesco.com\/it\/news\/novita\/giornata-internazionale-dello-sviluppo-dello-sport\/\" \/>\n<meta property=\"og:site_name\" content=\"Villaggio San Francesco\" \/>\n<meta property=\"article:publisher\" content=\"https:\/\/www.facebook.com\/VillaggioSanFrancesco\/\" \/>\n<meta property=\"article:published_time\" content=\"2022-07-28T09:25:06+00:00\" \/>\n<meta property=\"article:modified_time\" content=\"2023-01-11T10:46:43+00:00\" \/>\n<meta property=\"og:image\" content=\"https:\/\/www.villaggiosanfrancesco.com\/wp-content\/uploads\/2022\/07\/Banner_giornata_internazionale__sviluppo_sport.jpg\" \/>\n\t<meta property=\"og:image:width\" content=\"1900\" \/>\n\t<meta property=\"og:image:height\" content=\"550\" \/>\n\t<meta property=\"og:image:type\" content=\"image\/jpeg\" \/>\n<meta name=\"author\" content=\"admin\" \/>\n<meta name=\"twitter:card\" content=\"summary_large_image\" \/>\n<meta name=\"twitter:label1\" content=\"Scritto da\" \/>\n\t<meta name=\"twitter:data1\" content=\"admin\" \/>\n\t<meta name=\"twitter:label2\" content=\"Tempo di lettura stimato\" \/>\n\t<meta name=\"twitter:data2\" content=\"4 minuti\" \/>\n<script type=\"application\/ld+json\" class=\"yoast-schema-graph\">{\"@context\":\"https:\/\/schema.org\",\"@graph\":[{\"@type\":\"Article\",\"@id\":\"https:\/\/www.villaggiosanfrancesco.com\/it\/news\/novita\/giornata-internazionale-dello-sviluppo-dello-sport\/#article\",\"isPartOf\":{\"@id\":\"https:\/\/www.villaggiosanfrancesco.com\/it\/news\/novita\/giornata-internazionale-dello-sviluppo-dello-sport\/\"},\"author\":{\"name\":\"admin\",\"@id\":\"https:\/\/www.villaggiosanfrancesco.com\/it\/#\/schema\/person\/843a17529217e331813a8c3ca5e32d59\"},\"headline\":\"Giornata internazionale dello sviluppo dello sport\",\"datePublished\":\"2022-07-28T09:25:06+00:00\",\"dateModified\":\"2023-01-11T10:46:43+00:00\",\"mainEntityOfPage\":{\"@id\":\"https:\/\/www.villaggiosanfrancesco.com\/it\/news\/novita\/giornata-internazionale-dello-sviluppo-dello-sport\/\"},\"wordCount\":529,\"publisher\":{\"@id\":\"https:\/\/www.villaggiosanfrancesco.com\/it\/#organization\"},\"image\":{\"@id\":\"https:\/\/www.villaggiosanfrancesco.com\/it\/news\/novita\/giornata-internazionale-dello-sviluppo-dello-sport\/#primaryimage\"},\"thumbnailUrl\":\"https:\/\/www.villaggiosanfrancesco.com\/wp-content\/uploads\/2022\/07\/Banner_giornata_internazionale__sviluppo_sport.jpg\",\"articleSection\":[\"Novit\u00e0\"],\"inLanguage\":\"it-IT\"},{\"@type\":\"WebPage\",\"@id\":\"https:\/\/www.villaggiosanfrancesco.com\/it\/news\/novita\/giornata-internazionale-dello-sviluppo-dello-sport\/\",\"url\":\"https:\/\/www.villaggiosanfrancesco.com\/it\/news\/novita\/giornata-internazionale-dello-sviluppo-dello-sport\/\",\"name\":\"Giornata internazionale dello sviluppo dello sport - Villaggio San Francesco\",\"isPartOf\":{\"@id\":\"https:\/\/www.villaggiosanfrancesco.com\/it\/#website\"},\"primaryImageOfPage\":{\"@id\":\"https:\/\/www.villaggiosanfrancesco.com\/it\/news\/novita\/giornata-internazionale-dello-sviluppo-dello-sport\/#primaryimage\"},\"image\":{\"@id\":\"https:\/\/www.villaggiosanfrancesco.com\/it\/news\/novita\/giornata-internazionale-dello-sviluppo-dello-sport\/#primaryimage\"},\"thumbnailUrl\":\"https:\/\/www.villaggiosanfrancesco.com\/wp-content\/uploads\/2022\/07\/Banner_giornata_internazionale__sviluppo_sport.jpg\",\"datePublished\":\"2022-07-28T09:25:06+00:00\",\"dateModified\":\"2023-01-11T10:46:43+00:00\",\"breadcrumb\":{\"@id\":\"https:\/\/www.villaggiosanfrancesco.com\/it\/news\/novita\/giornata-internazionale-dello-sviluppo-dello-sport\/#breadcrumb\"},\"inLanguage\":\"it-IT\",\"potentialAction\":[{\"@type\":\"ReadAction\",\"target\":[\"https:\/\/www.villaggiosanfrancesco.com\/it\/news\/novita\/giornata-internazionale-dello-sviluppo-dello-sport\/\"]}]},{\"@type\":\"ImageObject\",\"inLanguage\":\"it-IT\",\"@id\":\"https:\/\/www.villaggiosanfrancesco.com\/it\/news\/novita\/giornata-internazionale-dello-sviluppo-dello-sport\/#primaryimage\",\"url\":\"https:\/\/www.villaggiosanfrancesco.com\/wp-content\/uploads\/2022\/07\/Banner_giornata_internazionale__sviluppo_sport.jpg\",\"contentUrl\":\"https:\/\/www.villaggiosanfrancesco.com\/wp-content\/uploads\/2022\/07\/Banner_giornata_internazionale__sviluppo_sport.jpg\",\"width\":1900,\"height\":550,\"caption\":\"Banner_giornata_internazionale__sviluppo_sport\"},{\"@type\":\"BreadcrumbList\",\"@id\":\"https:\/\/www.villaggiosanfrancesco.com\/it\/news\/novita\/giornata-internazionale-dello-sviluppo-dello-sport\/#breadcrumb\",\"itemListElement\":[{\"@type\":\"ListItem\",\"position\":1,\"name\":\"Home\",\"item\":\"https:\/\/www.villaggiosanfrancesco.com\/it\/\"},{\"@type\":\"ListItem\",\"position\":2,\"name\":\"Novit\u00e0\",\"item\":\"https:\/\/www.villaggiosanfrancesco.com\/it\/news\/category\/novita\/\"},{\"@type\":\"ListItem\",\"position\":3,\"name\":\"Giornata internazionale dello sviluppo dello sport\"}]},{\"@type\":\"WebSite\",\"@id\":\"https:\/\/www.villaggiosanfrancesco.com\/it\/#website\",\"url\":\"https:\/\/www.villaggiosanfrancesco.com\/it\/\",\"name\":\"Villaggio San Francesco\",\"description\":\"Caorle, VENEZIA\",\"publisher\":{\"@id\":\"https:\/\/www.villaggiosanfrancesco.com\/it\/#organization\"},\"potentialAction\":[{\"@type\":\"SearchAction\",\"target\":{\"@type\":\"EntryPoint\",\"urlTemplate\":\"https:\/\/www.villaggiosanfrancesco.com\/it\/?s={search_term_string}\"},\"query-input\":{\"@type\":\"PropertyValueSpecification\",\"valueRequired\":true,\"valueName\":\"search_term_string\"}}],\"inLanguage\":\"it-IT\"},{\"@type\":\"Organization\",\"@id\":\"https:\/\/www.villaggiosanfrancesco.com\/it\/#organization\",\"name\":\"Villaggio San Francesco\",\"url\":\"https:\/\/www.villaggiosanfrancesco.com\/it\/\",\"logo\":{\"@type\":\"ImageObject\",\"inLanguage\":\"it-IT\",\"@id\":\"https:\/\/www.villaggiosanfrancesco.com\/it\/#\/schema\/logo\/image\/\",\"url\":\"https:\/\/www.villaggiosanfrancesco.com\/wp-content\/uploads\/2023\/03\/Logo-Villaggio-San-Francesco-Caorle-1.png\",\"contentUrl\":\"https:\/\/www.villaggiosanfrancesco.com\/wp-content\/uploads\/2023\/03\/Logo-Villaggio-San-Francesco-Caorle-1.png\",\"width\":1206,\"height\":356,\"caption\":\"Villaggio San Francesco\"},\"image\":{\"@id\":\"https:\/\/www.villaggiosanfrancesco.com\/it\/#\/schema\/logo\/image\/\"},\"sameAs\":[\"https:\/\/www.facebook.com\/VillaggioSanFrancesco\/\",\"https:\/\/www.instagram.com\/villaggiosanfrancesco\/\",\"https:\/\/www.youtube.com\/channel\/UClXJoJulrb1UANfZodeHn-g\",\"https:\/\/www.tiktok.com\/@sanfrancescoresort\"]},{\"@type\":\"Person\",\"@id\":\"https:\/\/www.villaggiosanfrancesco.com\/it\/#\/schema\/person\/843a17529217e331813a8c3ca5e32d59\",\"name\":\"admin\"}]}<\/script>\n<!-- \/ Yoast SEO plugin. -->","yoast_head_json":{"title":"Giornata internazionale dello sviluppo dello sport - Villaggio San Francesco","robots":{"index":"index","follow":"follow","max-snippet":"max-snippet:-1","max-image-preview":"max-image-preview:large","max-video-preview":"max-video-preview:-1"},"canonical":"https:\/\/www.villaggiosanfrancesco.com\/it\/news\/novita\/giornata-internazionale-dello-sviluppo-dello-sport\/","og_locale":"it_IT","og_type":"article","og_title":"Giornata internazionale dello sviluppo dello sport - Villaggio San Francesco","og_url":"https:\/\/www.villaggiosanfrancesco.com\/it\/news\/novita\/giornata-internazionale-dello-sviluppo-dello-sport\/","og_site_name":"Villaggio San Francesco","article_publisher":"https:\/\/www.facebook.com\/VillaggioSanFrancesco\/","article_published_time":"2022-07-28T09:25:06+00:00","article_modified_time":"2023-01-11T10:46:43+00:00","og_image":[{"width":1900,"height":550,"url":"https:\/\/www.villaggiosanfrancesco.com\/wp-content\/uploads\/2022\/07\/Banner_giornata_internazionale__sviluppo_sport.jpg","type":"image\/jpeg"}],"author":"admin","twitter_card":"summary_large_image","twitter_misc":{"Scritto da":"admin","Tempo di lettura stimato":"4 minuti"},"schema":{"@context":"https:\/\/schema.org","@graph":[{"@type":"Article","@id":"https:\/\/www.villaggiosanfrancesco.com\/it\/news\/novita\/giornata-internazionale-dello-sviluppo-dello-sport\/#article","isPartOf":{"@id":"https:\/\/www.villaggiosanfrancesco.com\/it\/news\/novita\/giornata-internazionale-dello-sviluppo-dello-sport\/"},"author":{"name":"admin","@id":"https:\/\/www.villaggiosanfrancesco.com\/it\/#\/schema\/person\/843a17529217e331813a8c3ca5e32d59"},"headline":"Giornata internazionale dello sviluppo dello sport","datePublished":"2022-07-28T09:25:06+00:00","dateModified":"2023-01-11T10:46:43+00:00","mainEntityOfPage":{"@id":"https:\/\/www.villaggiosanfrancesco.com\/it\/news\/novita\/giornata-internazionale-dello-sviluppo-dello-sport\/"},"wordCount":529,"publisher":{"@id":"https:\/\/www.villaggiosanfrancesco.com\/it\/#organization"},"image":{"@id":"https:\/\/www.villaggiosanfrancesco.com\/it\/news\/novita\/giornata-internazionale-dello-sviluppo-dello-sport\/#primaryimage"},"thumbnailUrl":"https:\/\/www.villaggiosanfrancesco.com\/wp-content\/uploads\/2022\/07\/Banner_giornata_internazionale__sviluppo_sport.jpg","articleSection":["Novit\u00e0"],"inLanguage":"it-IT"},{"@type":"WebPage","@id":"https:\/\/www.villaggiosanfrancesco.com\/it\/news\/novita\/giornata-internazionale-dello-sviluppo-dello-sport\/","url":"https:\/\/www.villaggiosanfrancesco.com\/it\/news\/novita\/giornata-internazionale-dello-sviluppo-dello-sport\/","name":"Giornata internazionale dello sviluppo dello sport - Villaggio San Francesco","isPartOf":{"@id":"https:\/\/www.villaggiosanfrancesco.com\/it\/#website"},"primaryImageOfPage":{"@id":"https:\/\/www.villaggiosanfrancesco.com\/it\/news\/novita\/giornata-internazionale-dello-sviluppo-dello-sport\/#primaryimage"},"image":{"@id":"https:\/\/www.villaggiosanfrancesco.com\/it\/news\/novita\/giornata-internazionale-dello-sviluppo-dello-sport\/#primaryimage"},"thumbnailUrl":"https:\/\/www.villaggiosanfrancesco.com\/wp-content\/uploads\/2022\/07\/Banner_giornata_internazionale__sviluppo_sport.jpg","datePublished":"2022-07-28T09:25:06+00:00","dateModified":"2023-01-11T10:46:43+00:00","breadcrumb":{"@id":"https:\/\/www.villaggiosanfrancesco.com\/it\/news\/novita\/giornata-internazionale-dello-sviluppo-dello-sport\/#breadcrumb"},"inLanguage":"it-IT","potentialAction":[{"@type":"ReadAction","target":["https:\/\/www.villaggiosanfrancesco.com\/it\/news\/novita\/giornata-internazionale-dello-sviluppo-dello-sport\/"]}]},{"@type":"ImageObject","inLanguage":"it-IT","@id":"https:\/\/www.villaggiosanfrancesco.com\/it\/news\/novita\/giornata-internazionale-dello-sviluppo-dello-sport\/#primaryimage","url":"https:\/\/www.villaggiosanfrancesco.com\/wp-content\/uploads\/2022\/07\/Banner_giornata_internazionale__sviluppo_sport.jpg","contentUrl":"https:\/\/www.villaggiosanfrancesco.com\/wp-content\/uploads\/2022\/07\/Banner_giornata_internazionale__sviluppo_sport.jpg","width":1900,"height":550,"caption":"Banner_giornata_internazionale__sviluppo_sport"},{"@type":"BreadcrumbList","@id":"https:\/\/www.villaggiosanfrancesco.com\/it\/news\/novita\/giornata-internazionale-dello-sviluppo-dello-sport\/#breadcrumb","itemListElement":[{"@type":"ListItem","position":1,"name":"Home","item":"https:\/\/www.villaggiosanfrancesco.com\/it\/"},{"@type":"ListItem","position":2,"name":"Novit\u00e0","item":"https:\/\/www.villaggiosanfrancesco.com\/it\/news\/category\/novita\/"},{"@type":"ListItem","position":3,"name":"Giornata internazionale dello sviluppo dello sport"}]},{"@type":"WebSite","@id":"https:\/\/www.villaggiosanfrancesco.com\/it\/#website","url":"https:\/\/www.villaggiosanfrancesco.com\/it\/","name":"Villaggio San Francesco","description":"Caorle, VENEZIA","publisher":{"@id":"https:\/\/www.villaggiosanfrancesco.com\/it\/#organization"},"potentialAction":[{"@type":"SearchAction","target":{"@type":"EntryPoint","urlTemplate":"https:\/\/www.villaggiosanfrancesco.com\/it\/?s={search_term_string}"},"query-input":{"@type":"PropertyValueSpecification","valueRequired":true,"valueName":"search_term_string"}}],"inLanguage":"it-IT"},{"@type":"Organization","@id":"https:\/\/www.villaggiosanfrancesco.com\/it\/#organization","name":"Villaggio San Francesco","url":"https:\/\/www.villaggiosanfrancesco.com\/it\/","logo":{"@type":"ImageObject","inLanguage":"it-IT","@id":"https:\/\/www.villaggiosanfrancesco.com\/it\/#\/schema\/logo\/image\/","url":"https:\/\/www.villaggiosanfrancesco.com\/wp-content\/uploads\/2023\/03\/Logo-Villaggio-San-Francesco-Caorle-1.png","contentUrl":"https:\/\/www.villaggiosanfrancesco.com\/wp-content\/uploads\/2023\/03\/Logo-Villaggio-San-Francesco-Caorle-1.png","width":1206,"height":356,"caption":"Villaggio San Francesco"},"image":{"@id":"https:\/\/www.villaggiosanfrancesco.com\/it\/#\/schema\/logo\/image\/"},"sameAs":["https:\/\/www.facebook.com\/VillaggioSanFrancesco\/","https:\/\/www.instagram.com\/villaggiosanfrancesco\/","https:\/\/www.youtube.com\/channel\/UClXJoJulrb1UANfZodeHn-g","https:\/\/www.tiktok.com\/@sanfrancescoresort"]},{"@type":"Person","@id":"https:\/\/www.villaggiosanfrancesco.com\/it\/#\/schema\/person\/843a17529217e331813a8c3ca5e32d59","name":"admin"}]}},"author_meta":{"display_name":"admin","author_link":"https:\/\/www.villaggiosanfrancesco.com\/it\/news\/author\/admin\/"},"featured_img":"https:\/\/www.villaggiosanfrancesco.com\/wp-content\/uploads\/2022\/07\/Banner_giornata_internazionale__sviluppo_sport-300x87.jpg","coauthors":[],"tax_additional":{"categories":{"linked":["<a href=\"https:\/\/www.villaggiosanfrancesco.com\/it\/news\/category\/novita\/\" class=\"advgb-post-tax-term\">Novit\u00e0<\/a>"],"unlinked":["<span class=\"advgb-post-tax-term\">Novit\u00e0<\/span>"]}},"comment_count":"0","relative_dates":{"created":"Pubblicato 4 anni fa","modified":"Aggiornato 3 anni fa"},"absolute_dates":{"created":"Pubblicato il Luglio 28, 2022","modified":"Aggiornato il Gennaio 11, 2023"},"absolute_dates_time":{"created":"Pubblicato il Luglio 28, 2022 11:25 am","modified":"Aggiornato il Gennaio 11, 2023 11:46 am"},"featured_img_caption":"","series_order":"","_links":{"self":[{"href":"https:\/\/www.villaggiosanfrancesco.com\/it\/wp-json\/wp\/v2\/posts\/4353","targetHints":{"allow":["GET"]}}],"collection":[{"href":"https:\/\/www.villaggiosanfrancesco.com\/it\/wp-json\/wp\/v2\/posts"}],"about":[{"href":"https:\/\/www.villaggiosanfrancesco.com\/it\/wp-json\/wp\/v2\/types\/post"}],"author":[{"embeddable":true,"href":"https:\/\/www.villaggiosanfrancesco.com\/it\/wp-json\/wp\/v2\/users\/1"}],"replies":[{"embeddable":true,"href":"https:\/\/www.villaggiosanfrancesco.com\/it\/wp-json\/wp\/v2\/comments?post=4353"}],"version-history":[{"count":0,"href":"https:\/\/www.villaggiosanfrancesco.com\/it\/wp-json\/wp\/v2\/posts\/4353\/revisions"}],"wp:featuredmedia":[{"embeddable":true,"href":"https:\/\/www.villaggiosanfrancesco.com\/it\/wp-json\/wp\/v2\/media\/4354"}],"wp:attachment":[{"href":"https:\/\/www.villaggiosanfrancesco.com\/it\/wp-json\/wp\/v2\/media?parent=4353"}],"wp:term":[{"taxonomy":"category","embeddable":true,"href":"https:\/\/www.villaggiosanfrancesco.com\/it\/wp-json\/wp\/v2\/categories?post=4353"},{"taxonomy":"post_tag","embeddable":true,"href":"https:\/\/www.villaggiosanfrancesco.com\/it\/wp-json\/wp\/v2\/tags?post=4353"}],"curies":[{"name":"wp","href":"https:\/\/api.w.org\/{rel}","templated":true}]}}