{"id":37380,"date":"2025-08-25T13:01:03","date_gmt":"2025-08-25T11:01:03","guid":{"rendered":"https:\/\/www.villaggiosanfrancesco.com\/?p=37380"},"modified":"2025-08-25T13:01:04","modified_gmt":"2025-08-25T11:01:04","slug":"caorle-2025-magico-festival-pianistico","status":"publish","type":"post","link":"https:\/\/www.villaggiosanfrancesco.com\/it\/news\/musica\/caorle-2025-magico-festival-pianistico\/","title":{"rendered":"&#8220;Caorle 2025: Magico Festival Pianistico&#8221;"},"content":{"rendered":"<h3>Vivi la Magia del &#8220;Caorle Street Piano Festival 2025&#8221; dal Villaggio San Francesco<\/h3>\n<p>Immagina una vacanza che stimola tutti i tuoi sensi: il suono delle onde che si mescola alle note del pianoforte, il profumo dei pini secolari e l&#8217;arte che prende vita tra le strade pittoresche di Caorle. Dal <strong>27 al 31 agosto 2025<\/strong>, il <strong>Caorle Street Piano Festival<\/strong> trasforma questa affascinante cittadina in un palcoscenico a cielo aperto, dove la musica \u00e8 protagonista indiscussa.<\/p>\n<p>Il <strong>Villaggio San Francesco<\/strong> \u00e8 la base ideale per vivere quest\u2019esperienza indimenticabile. Situato a soli 8 km dal centro storico di Caorle, il nostro resort ti offre non solo un rifugio di relax e benessere tra mare e natura, ma anche la comodit\u00e0 di raggiungere facilmente tutti i luoghi del festival. Con il trenino panoramico che collega il villaggio, potrai muoverti senza stress e goderti ogni attimo della tua vacanza musicale.<\/p>\n<ul>\n<li><strong>27 agosto 2025:<\/strong> Inizia l&#8217;avventura con Dario Carnovale alla Spiaggia di Levante alle 18:00 e la serata in Piazza Vescovado con Luca Bortoluzzi e Leonardo Verona.<\/li>\n<li><strong>28 agosto 2025:<\/strong> Emozionati con il &#8220;Clash of Keys&#8221; alle 19:00 in Piazza Vescovado, e poi scopri il Beatles Piano Solo di Fabrizio Grecchi a Porto Santa Margherita.<\/li>\n<li><strong>29 agosto 2025:<\/strong> Lasciati travolgere dall&#8217;energia di Paolo Jannacci &#038; Band in Piazza Vescovado.<\/li>\n<li><strong>30 agosto 2025:<\/strong> Sogna con le melodie di Enrico Pieranunzi nello scenario storico della piazza.<\/li>\n<li><strong>31 agosto 2025:<\/strong> Concludi in bellezza con il concerto di Antonia Miller.<\/li>\n<\/ul>\n<p>Durante il giorno, esplora Caorle in bicicletta o partecipa alle escursioni organizzate dal villaggio. Respirare l&#8217;aria marina mentre pedali lungo le strade storiche \u00e8 un&#8217;esperienza che riempie il cuore di gioia. Nel pomeriggio, regalati il piacere di un concerto improvvisato o cimentati al pianoforte: ci saranno otto strumenti a disposizione per tutti coloro che vogliono mettersi in gioco.<\/p>\n<p>Non perdere l\u2019occasione di unire musica, cultura e relax in una delle cornici pi\u00f9 suggestive d\u2019Italia. Prenota ora il tuo soggiorno al Villaggio San Francesco e prepara i bagagli per un viaggio che ispirer\u00e0 la tua anima e accender\u00e0 la tua creativit\u00e0.<\/p>\n<p>Contenuti originali da Veneto Around Me. Link alla pagina evento: <a href='https:\/\/venetoaroundme.regione.veneto.it\/it\/eventi\/caorle-street-piano-festival-2025' target='_blank'>https:\/\/venetoaroundme.regione.veneto.it\/it\/eventi\/caorle-street-piano-festival-2025<\/a><\/p>\n","protected":false},"excerpt":{"rendered":"<p>Vivi la Magia del &#8220;Caorle Street Piano Festival 2025&#8221; dal Villaggio San Francesco Immagina una vacanza che stimola tutti i tuoi sensi: il suono delle onde che si mescola alle note del pianoforte, il profumo dei pini secolari e l&#8217;arte che prende vita tra le strade pittoresche di Caorle. Dal 27 al 31 agosto 2025,&hellip; <a class=\"more-link\" href=\"https:\/\/www.villaggiosanfrancesco.com\/it\/news\/musica\/caorle-2025-magico-festival-pianistico\/\">Continua a leggere <span class=\"screen-reader-text\">&#8220;Caorle 2025: Magico Festival Pianistico&#8221;<\/span><\/a><\/p>\n","protected":false},"author":36,"featured_media":37375,"comment_status":"closed","ping_status":"open","sticky":false,"template":"","format":"standard","meta":{"_acf_changed":false,"advgb_blocks_editor_width":"","advgb_blocks_columns_visual_guide":"","footnotes":""},"categories":[110],"tags":[],"class_list":["post-37380","post","type-post","status-publish","format-standard","has-post-thumbnail","hentry","category-musica","entry"],"acf":[],"yoast_head":"<!-- This site is optimized with the Yoast SEO plugin v26.0 - https:\/\/yoast.com\/wordpress\/plugins\/seo\/ -->\n<title>&quot;Caorle 2025: Magico Festival Pianistico&quot; - Villaggio San Francesco<\/title>\n<meta name=\"robots\" content=\"index, follow, max-snippet:-1, max-image-preview:large, max-video-preview:-1\" \/>\n<link rel=\"canonical\" href=\"https:\/\/www.villaggiosanfrancesco.com\/it\/news\/musica\/caorle-2025-magico-festival-pianistico\/\" \/>\n<meta property=\"og:locale\" content=\"it_IT\" \/>\n<meta property=\"og:type\" content=\"article\" \/>\n<meta property=\"og:title\" content=\"&quot;Caorle 2025: Magico Festival Pianistico&quot; - Villaggio San Francesco\" \/>\n<meta property=\"og:description\" content=\"Vivi la Magia del &#8220;Caorle Street Piano Festival 2025&#8221; dal Villaggio San Francesco Immagina una vacanza che stimola tutti i tuoi sensi: il suono delle onde che si mescola alle note del pianoforte, il profumo dei pini secolari e l&#8217;arte che prende vita tra le strade pittoresche di Caorle. Dal 27 al 31 agosto 2025,&hellip; Continua a leggere &#8220;Caorle 2025: Magico Festival Pianistico&#8221;\" \/>\n<meta property=\"og:url\" content=\"https:\/\/www.villaggiosanfrancesco.com\/it\/news\/musica\/caorle-2025-magico-festival-pianistico\/\" \/>\n<meta property=\"og:site_name\" content=\"Villaggio San Francesco\" \/>\n<meta property=\"article:publisher\" content=\"https:\/\/www.facebook.com\/VillaggioSanFrancesco\/\" \/>\n<meta property=\"article:published_time\" content=\"2025-08-25T11:01:03+00:00\" \/>\n<meta property=\"article:modified_time\" content=\"2025-08-25T11:01:04+00:00\" \/>\n<meta property=\"og:image\" content=\"https:\/\/www.villaggiosanfrancesco.com\/wp-content\/uploads\/2025\/08\/Event-image.webp\" \/>\n\t<meta property=\"og:image:width\" content=\"667\" \/>\n\t<meta property=\"og:image:height\" content=\"500\" \/>\n\t<meta property=\"og:image:type\" content=\"image\/webp\" \/>\n<meta name=\"author\" content=\"Openrosetta\" \/>\n<meta name=\"twitter:card\" content=\"summary_large_image\" \/>\n<meta name=\"twitter:label1\" content=\"Scritto da\" \/>\n\t<meta name=\"twitter:data1\" content=\"Openrosetta\" \/>\n\t<meta name=\"twitter:label2\" content=\"Tempo di lettura stimato\" \/>\n\t<meta name=\"twitter:data2\" content=\"3 minuti\" \/>\n<script type=\"application\/ld+json\" class=\"yoast-schema-graph\">{\"@context\":\"https:\/\/schema.org\",\"@graph\":[{\"@type\":\"Article\",\"@id\":\"https:\/\/www.villaggiosanfrancesco.com\/it\/news\/musica\/caorle-2025-magico-festival-pianistico\/#article\",\"isPartOf\":{\"@id\":\"https:\/\/www.villaggiosanfrancesco.com\/it\/news\/musica\/caorle-2025-magico-festival-pianistico\/\"},\"author\":{\"name\":\"Openrosetta\",\"@id\":\"https:\/\/www.villaggiosanfrancesco.com\/it\/#\/schema\/person\/87a3d5dae695a69d4e62630a98ca4161\"},\"headline\":\"&#8220;Caorle 2025: Magico Festival Pianistico&#8221;\",\"datePublished\":\"2025-08-25T11:01:03+00:00\",\"dateModified\":\"2025-08-25T11:01:04+00:00\",\"mainEntityOfPage\":{\"@id\":\"https:\/\/www.villaggiosanfrancesco.com\/it\/news\/musica\/caorle-2025-magico-festival-pianistico\/\"},\"wordCount\":351,\"publisher\":{\"@id\":\"https:\/\/www.villaggiosanfrancesco.com\/it\/#organization\"},\"image\":{\"@id\":\"https:\/\/www.villaggiosanfrancesco.com\/it\/news\/musica\/caorle-2025-magico-festival-pianistico\/#primaryimage\"},\"thumbnailUrl\":\"https:\/\/www.villaggiosanfrancesco.com\/wp-content\/uploads\/2025\/08\/Event-image.webp\",\"articleSection\":[\"Musica\"],\"inLanguage\":\"it-IT\"},{\"@type\":\"WebPage\",\"@id\":\"https:\/\/www.villaggiosanfrancesco.com\/it\/news\/musica\/caorle-2025-magico-festival-pianistico\/\",\"url\":\"https:\/\/www.villaggiosanfrancesco.com\/it\/news\/musica\/caorle-2025-magico-festival-pianistico\/\",\"name\":\"\\\"Caorle 2025: Magico Festival Pianistico\\\" - Villaggio San Francesco\",\"isPartOf\":{\"@id\":\"https:\/\/www.villaggiosanfrancesco.com\/it\/#website\"},\"primaryImageOfPage\":{\"@id\":\"https:\/\/www.villaggiosanfrancesco.com\/it\/news\/musica\/caorle-2025-magico-festival-pianistico\/#primaryimage\"},\"image\":{\"@id\":\"https:\/\/www.villaggiosanfrancesco.com\/it\/news\/musica\/caorle-2025-magico-festival-pianistico\/#primaryimage\"},\"thumbnailUrl\":\"https:\/\/www.villaggiosanfrancesco.com\/wp-content\/uploads\/2025\/08\/Event-image.webp\",\"datePublished\":\"2025-08-25T11:01:03+00:00\",\"dateModified\":\"2025-08-25T11:01:04+00:00\",\"breadcrumb\":{\"@id\":\"https:\/\/www.villaggiosanfrancesco.com\/it\/news\/musica\/caorle-2025-magico-festival-pianistico\/#breadcrumb\"},\"inLanguage\":\"it-IT\",\"potentialAction\":[{\"@type\":\"ReadAction\",\"target\":[\"https:\/\/www.villaggiosanfrancesco.com\/it\/news\/musica\/caorle-2025-magico-festival-pianistico\/\"]}]},{\"@type\":\"ImageObject\",\"inLanguage\":\"it-IT\",\"@id\":\"https:\/\/www.villaggiosanfrancesco.com\/it\/news\/musica\/caorle-2025-magico-festival-pianistico\/#primaryimage\",\"url\":\"https:\/\/www.villaggiosanfrancesco.com\/wp-content\/uploads\/2025\/08\/Event-image.webp\",\"contentUrl\":\"https:\/\/www.villaggiosanfrancesco.com\/wp-content\/uploads\/2025\/08\/Event-image.webp\",\"width\":667,\"height\":500,\"caption\":\"Image of the event\"},{\"@type\":\"BreadcrumbList\",\"@id\":\"https:\/\/www.villaggiosanfrancesco.com\/it\/news\/musica\/caorle-2025-magico-festival-pianistico\/#breadcrumb\",\"itemListElement\":[{\"@type\":\"ListItem\",\"position\":1,\"name\":\"Home\",\"item\":\"https:\/\/www.villaggiosanfrancesco.com\/it\/\"},{\"@type\":\"ListItem\",\"position\":2,\"name\":\"Musica\",\"item\":\"https:\/\/www.villaggiosanfrancesco.com\/it\/news\/category\/musica\/\"},{\"@type\":\"ListItem\",\"position\":3,\"name\":\"&#8220;Caorle 2025: Magico Festival Pianistico&#8221;\"}]},{\"@type\":\"WebSite\",\"@id\":\"https:\/\/www.villaggiosanfrancesco.com\/it\/#website\",\"url\":\"https:\/\/www.villaggiosanfrancesco.com\/it\/\",\"name\":\"Villaggio San Francesco\",\"description\":\"Caorle, VENEZIA\",\"publisher\":{\"@id\":\"https:\/\/www.villaggiosanfrancesco.com\/it\/#organization\"},\"potentialAction\":[{\"@type\":\"SearchAction\",\"target\":{\"@type\":\"EntryPoint\",\"urlTemplate\":\"https:\/\/www.villaggiosanfrancesco.com\/it\/?s={search_term_string}\"},\"query-input\":{\"@type\":\"PropertyValueSpecification\",\"valueRequired\":true,\"valueName\":\"search_term_string\"}}],\"inLanguage\":\"it-IT\"},{\"@type\":\"Organization\",\"@id\":\"https:\/\/www.villaggiosanfrancesco.com\/it\/#organization\",\"name\":\"Villaggio San Francesco\",\"url\":\"https:\/\/www.villaggiosanfrancesco.com\/it\/\",\"logo\":{\"@type\":\"ImageObject\",\"inLanguage\":\"it-IT\",\"@id\":\"https:\/\/www.villaggiosanfrancesco.com\/it\/#\/schema\/logo\/image\/\",\"url\":\"https:\/\/www.villaggiosanfrancesco.com\/wp-content\/uploads\/2023\/03\/Logo-Villaggio-San-Francesco-Caorle-1.png\",\"contentUrl\":\"https:\/\/www.villaggiosanfrancesco.com\/wp-content\/uploads\/2023\/03\/Logo-Villaggio-San-Francesco-Caorle-1.png\",\"width\":1206,\"height\":356,\"caption\":\"Villaggio San Francesco\"},\"image\":{\"@id\":\"https:\/\/www.villaggiosanfrancesco.com\/it\/#\/schema\/logo\/image\/\"},\"sameAs\":[\"https:\/\/www.facebook.com\/VillaggioSanFrancesco\/\",\"https:\/\/www.instagram.com\/villaggiosanfrancesco\/\",\"https:\/\/www.youtube.com\/channel\/UClXJoJulrb1UANfZodeHn-g\",\"https:\/\/www.tiktok.com\/@sanfrancescoresort\"]},{\"@type\":\"Person\",\"@id\":\"https:\/\/www.villaggiosanfrancesco.com\/it\/#\/schema\/person\/87a3d5dae695a69d4e62630a98ca4161\",\"name\":\"Openrosetta\"}]}<\/script>\n<!-- \/ Yoast SEO plugin. -->","yoast_head_json":{"title":"\"Caorle 2025: Magico Festival Pianistico\" - Villaggio San Francesco","robots":{"index":"index","follow":"follow","max-snippet":"max-snippet:-1","max-image-preview":"max-image-preview:large","max-video-preview":"max-video-preview:-1"},"canonical":"https:\/\/www.villaggiosanfrancesco.com\/it\/news\/musica\/caorle-2025-magico-festival-pianistico\/","og_locale":"it_IT","og_type":"article","og_title":"\"Caorle 2025: Magico Festival Pianistico\" - Villaggio San Francesco","og_description":"Vivi la Magia del &#8220;Caorle Street Piano Festival 2025&#8221; dal Villaggio San Francesco Immagina una vacanza che stimola tutti i tuoi sensi: il suono delle onde che si mescola alle note del pianoforte, il profumo dei pini secolari e l&#8217;arte che prende vita tra le strade pittoresche di Caorle. Dal 27 al 31 agosto 2025,&hellip; Continua a leggere &#8220;Caorle 2025: Magico Festival Pianistico&#8221;","og_url":"https:\/\/www.villaggiosanfrancesco.com\/it\/news\/musica\/caorle-2025-magico-festival-pianistico\/","og_site_name":"Villaggio San Francesco","article_publisher":"https:\/\/www.facebook.com\/VillaggioSanFrancesco\/","article_published_time":"2025-08-25T11:01:03+00:00","article_modified_time":"2025-08-25T11:01:04+00:00","og_image":[{"width":667,"height":500,"url":"https:\/\/www.villaggiosanfrancesco.com\/wp-content\/uploads\/2025\/08\/Event-image.webp","type":"image\/webp"}],"author":"Openrosetta","twitter_card":"summary_large_image","twitter_misc":{"Scritto da":"Openrosetta","Tempo di lettura stimato":"3 minuti"},"schema":{"@context":"https:\/\/schema.org","@graph":[{"@type":"Article","@id":"https:\/\/www.villaggiosanfrancesco.com\/it\/news\/musica\/caorle-2025-magico-festival-pianistico\/#article","isPartOf":{"@id":"https:\/\/www.villaggiosanfrancesco.com\/it\/news\/musica\/caorle-2025-magico-festival-pianistico\/"},"author":{"name":"Openrosetta","@id":"https:\/\/www.villaggiosanfrancesco.com\/it\/#\/schema\/person\/87a3d5dae695a69d4e62630a98ca4161"},"headline":"&#8220;Caorle 2025: Magico Festival Pianistico&#8221;","datePublished":"2025-08-25T11:01:03+00:00","dateModified":"2025-08-25T11:01:04+00:00","mainEntityOfPage":{"@id":"https:\/\/www.villaggiosanfrancesco.com\/it\/news\/musica\/caorle-2025-magico-festival-pianistico\/"},"wordCount":351,"publisher":{"@id":"https:\/\/www.villaggiosanfrancesco.com\/it\/#organization"},"image":{"@id":"https:\/\/www.villaggiosanfrancesco.com\/it\/news\/musica\/caorle-2025-magico-festival-pianistico\/#primaryimage"},"thumbnailUrl":"https:\/\/www.villaggiosanfrancesco.com\/wp-content\/uploads\/2025\/08\/Event-image.webp","articleSection":["Musica"],"inLanguage":"it-IT"},{"@type":"WebPage","@id":"https:\/\/www.villaggiosanfrancesco.com\/it\/news\/musica\/caorle-2025-magico-festival-pianistico\/","url":"https:\/\/www.villaggiosanfrancesco.com\/it\/news\/musica\/caorle-2025-magico-festival-pianistico\/","name":"\"Caorle 2025: Magico Festival Pianistico\" - Villaggio San Francesco","isPartOf":{"@id":"https:\/\/www.villaggiosanfrancesco.com\/it\/#website"},"primaryImageOfPage":{"@id":"https:\/\/www.villaggiosanfrancesco.com\/it\/news\/musica\/caorle-2025-magico-festival-pianistico\/#primaryimage"},"image":{"@id":"https:\/\/www.villaggiosanfrancesco.com\/it\/news\/musica\/caorle-2025-magico-festival-pianistico\/#primaryimage"},"thumbnailUrl":"https:\/\/www.villaggiosanfrancesco.com\/wp-content\/uploads\/2025\/08\/Event-image.webp","datePublished":"2025-08-25T11:01:03+00:00","dateModified":"2025-08-25T11:01:04+00:00","breadcrumb":{"@id":"https:\/\/www.villaggiosanfrancesco.com\/it\/news\/musica\/caorle-2025-magico-festival-pianistico\/#breadcrumb"},"inLanguage":"it-IT","potentialAction":[{"@type":"ReadAction","target":["https:\/\/www.villaggiosanfrancesco.com\/it\/news\/musica\/caorle-2025-magico-festival-pianistico\/"]}]},{"@type":"ImageObject","inLanguage":"it-IT","@id":"https:\/\/www.villaggiosanfrancesco.com\/it\/news\/musica\/caorle-2025-magico-festival-pianistico\/#primaryimage","url":"https:\/\/www.villaggiosanfrancesco.com\/wp-content\/uploads\/2025\/08\/Event-image.webp","contentUrl":"https:\/\/www.villaggiosanfrancesco.com\/wp-content\/uploads\/2025\/08\/Event-image.webp","width":667,"height":500,"caption":"Image of the event"},{"@type":"BreadcrumbList","@id":"https:\/\/www.villaggiosanfrancesco.com\/it\/news\/musica\/caorle-2025-magico-festival-pianistico\/#breadcrumb","itemListElement":[{"@type":"ListItem","position":1,"name":"Home","item":"https:\/\/www.villaggiosanfrancesco.com\/it\/"},{"@type":"ListItem","position":2,"name":"Musica","item":"https:\/\/www.villaggiosanfrancesco.com\/it\/news\/category\/musica\/"},{"@type":"ListItem","position":3,"name":"&#8220;Caorle 2025: Magico Festival Pianistico&#8221;"}]},{"@type":"WebSite","@id":"https:\/\/www.villaggiosanfrancesco.com\/it\/#website","url":"https:\/\/www.villaggiosanfrancesco.com\/it\/","name":"Villaggio San Francesco","description":"Caorle, VENEZIA","publisher":{"@id":"https:\/\/www.villaggiosanfrancesco.com\/it\/#organization"},"potentialAction":[{"@type":"SearchAction","target":{"@type":"EntryPoint","urlTemplate":"https:\/\/www.villaggiosanfrancesco.com\/it\/?s={search_term_string}"},"query-input":{"@type":"PropertyValueSpecification","valueRequired":true,"valueName":"search_term_string"}}],"inLanguage":"it-IT"},{"@type":"Organization","@id":"https:\/\/www.villaggiosanfrancesco.com\/it\/#organization","name":"Villaggio San Francesco","url":"https:\/\/www.villaggiosanfrancesco.com\/it\/","logo":{"@type":"ImageObject","inLanguage":"it-IT","@id":"https:\/\/www.villaggiosanfrancesco.com\/it\/#\/schema\/logo\/image\/","url":"https:\/\/www.villaggiosanfrancesco.com\/wp-content\/uploads\/2023\/03\/Logo-Villaggio-San-Francesco-Caorle-1.png","contentUrl":"https:\/\/www.villaggiosanfrancesco.com\/wp-content\/uploads\/2023\/03\/Logo-Villaggio-San-Francesco-Caorle-1.png","width":1206,"height":356,"caption":"Villaggio San Francesco"},"image":{"@id":"https:\/\/www.villaggiosanfrancesco.com\/it\/#\/schema\/logo\/image\/"},"sameAs":["https:\/\/www.facebook.com\/VillaggioSanFrancesco\/","https:\/\/www.instagram.com\/villaggiosanfrancesco\/","https:\/\/www.youtube.com\/channel\/UClXJoJulrb1UANfZodeHn-g","https:\/\/www.tiktok.com\/@sanfrancescoresort"]},{"@type":"Person","@id":"https:\/\/www.villaggiosanfrancesco.com\/it\/#\/schema\/person\/87a3d5dae695a69d4e62630a98ca4161","name":"Openrosetta"}]}},"author_meta":{"display_name":"Openrosetta","author_link":"https:\/\/www.villaggiosanfrancesco.com\/it\/news\/author\/openrosetta\/"},"featured_img":"https:\/\/www.villaggiosanfrancesco.com\/wp-content\/uploads\/2025\/08\/Event-image-300x225.webp","coauthors":[],"tax_additional":{"categories":{"linked":["<a href=\"https:\/\/www.villaggiosanfrancesco.com\/it\/news\/category\/musica\/\" class=\"advgb-post-tax-term\">Musica<\/a>"],"unlinked":["<span class=\"advgb-post-tax-term\">Musica<\/span>"]}},"comment_count":"0","relative_dates":{"created":"Pubblicato 8 mesi fa","modified":"Aggiornato 8 mesi fa"},"absolute_dates":{"created":"Pubblicato il Agosto 25, 2025","modified":"Aggiornato il Agosto 25, 2025"},"absolute_dates_time":{"created":"Pubblicato il Agosto 25, 2025 1:01 pm","modified":"Aggiornato il Agosto 25, 2025 1:01 pm"},"featured_img_caption":"Image of the event","series_order":"","_links":{"self":[{"href":"https:\/\/www.villaggiosanfrancesco.com\/it\/wp-json\/wp\/v2\/posts\/37380","targetHints":{"allow":["GET"]}}],"collection":[{"href":"https:\/\/www.villaggiosanfrancesco.com\/it\/wp-json\/wp\/v2\/posts"}],"about":[{"href":"https:\/\/www.villaggiosanfrancesco.com\/it\/wp-json\/wp\/v2\/types\/post"}],"author":[{"embeddable":true,"href":"https:\/\/www.villaggiosanfrancesco.com\/it\/wp-json\/wp\/v2\/users\/36"}],"replies":[{"embeddable":true,"href":"https:\/\/www.villaggiosanfrancesco.com\/it\/wp-json\/wp\/v2\/comments?post=37380"}],"version-history":[{"count":0,"href":"https:\/\/www.villaggiosanfrancesco.com\/it\/wp-json\/wp\/v2\/posts\/37380\/revisions"}],"wp:featuredmedia":[{"embeddable":true,"href":"https:\/\/www.villaggiosanfrancesco.com\/it\/wp-json\/wp\/v2\/media\/37375"}],"wp:attachment":[{"href":"https:\/\/www.villaggiosanfrancesco.com\/it\/wp-json\/wp\/v2\/media?parent=37380"}],"wp:term":[{"taxonomy":"category","embeddable":true,"href":"https:\/\/www.villaggiosanfrancesco.com\/it\/wp-json\/wp\/v2\/categories?post=37380"},{"taxonomy":"post_tag","embeddable":true,"href":"https:\/\/www.villaggiosanfrancesco.com\/it\/wp-json\/wp\/v2\/tags?post=37380"}],"curies":[{"name":"wp","href":"https:\/\/api.w.org\/{rel}","templated":true}]}}