{"id":36471,"date":"2025-07-15T10:02:44","date_gmt":"2025-07-15T08:02:44","guid":{"rendered":"https:\/\/www.villaggiosanfrancesco.com\/?p=36471"},"modified":"2025-07-15T10:04:12","modified_gmt":"2025-07-15T08:04:12","slug":"fiera-olistica-caorle-2025-imperdibile","status":"publish","type":"post","link":"https:\/\/www.villaggiosanfrancesco.com\/it\/news\/salute\/fiera-olistica-caorle-2025-imperdibile\/","title":{"rendered":"&#8220;Fiera Olistica Caorle 2025: Imperdibile!&#8221;"},"content":{"rendered":"<h3>Scopri la &#8216;Fiera A-Mare Olistica Caorle 2025&#8217;: Un&#8217;Esperienza da Non Perdere!<\/h3>\n<p>Questa estate, vivi un&#8217;avventura unica al <strong>Villaggio San Francesco<\/strong>, il tuo rifugio ideale per esplorare la straordinaria <em>&#8216;Fiera A-Mare Olistica Caorle 2025&#8217;<\/em>. Inserisci questa imperdibile opportunit\u00e0 nella tua vacanza in uno dei pi\u00f9 prestigiosi resort di Caorle, a pochi passi dal Parco del Pescatore, dove si terr\u00e0 questo dinamico evento.<\/p>\n<h3>Un Week-end Dedicato al Benessere<\/h3>\n<p>Il weekend del 26-27 luglio 2025, preparati a immergerti in una celebrazione del benessere e della connessione con la natura. La fiera offre un&#8217;atmosfera carica di energia positiva, proponendo esperienze olistiche che coinvolgono corpo, mente e spirito, incorniciate dalla bellezza del Parco del Pescatore.<\/p>\n<ul>\n<li><strong>26 luglio 2025 (sabato)<\/strong> &#8211; Yoga sull\u2019alba, dalle 06:00 alle 09:00, seguito dall&#8217;apertura ufficiale della fiera alle 16:00 fino alle 22:00.<\/li>\n<li><strong>27 luglio 2025 (domenica)<\/strong> &#8211; Un&#8217;intera giornata dedicata alle discipline olistiche, aperta dalle 08:00 alle 22:00.<\/li>\n<\/ul>\n<h3>Perch\u00e9 Scegliere il Villaggio San Francesco?<\/h3>\n<p>La <strong>posizione strategica<\/strong> del Villaggio San Francesco, a soli pochi chilometri dalla fiera, ti permetter\u00e0 di partecipare senza stress alla manifestazione e di tornare in una <strong>oasi di relax<\/strong> immersa nel verde della pineta e arricchita da una splendida spiaggia privata.<\/p>\n<h3>Un&#8217;Esperienza Completa<\/h3>\n<p>Al Villaggio, la tua esperienza di scoperta non si ferma alla fiera. Approfitta dei numerosi servizi disponibili:<\/p>\n<ul>\n<li>Divertiti con la famiglia al <strong>Spray Park<\/strong>, un parco acquatico gratuito pieno di giochi e scivoli.<\/li>\n<li>Rilassati in una delle tre piscine, ognuna progettata per soddisfare ogni esigenza.<\/li>\n<li>Esplora nuove attivit\u00e0 sportive, dal tennis al windsurf, ogni giorno \u00e8 un&#8217;opportunit\u00e0 di scoperta.<\/li>\n<\/ul>\n<h3>Prenota Ora e Vivi l&#8217;Esperienza!<\/h3>\n<p>Non lasciare che questa occasione scivoli via. Prenota ora il tuo soggiorno al Villaggio San Francesco per vivere una vacanza che combina <strong>relax e avventura<\/strong>, il tutto arricchito da un pizzico di scoperta e curiosit\u00e0 con la <em>Fiera A-Mare Olistica Caorle 2025<\/em>. Contatta il Villaggio per maggiori informazioni e assicurati l&#8217;ingresso a un evento che promette di essere tanto <strong>divertente quanto stimolante<\/strong>.<\/p>\n<p>Per ulteriori dettagli sull&#8217;evento, contatta l&#8217;organizzazione della fiera tramite email a <a href=\"mailto:liberamentecaorleaps@gmail.com\">liberamentecaorleaps@gmail.com<\/a> o chiama il numero <strong>+39 349 732 3866<\/strong>.<\/p>\n<p>Contenuti originali da Veneto Around Me. Link alla pagina evento: <a href=\"https:\/\/venetoaroundme.regione.veneto.it\/it\/eventi\/fiera-mare-olistica-caorle-2025\" target=\"_blank\" rel=\"noopener\">https:\/\/venetoaroundme.regione.veneto.it\/it\/eventi\/fiera-mare-olistica-caorle-2025<\/a><\/p>\n","protected":false},"excerpt":{"rendered":"<p>Scopri la &#8216;Fiera A-Mare Olistica Caorle 2025&#8217;: Un&#8217;Esperienza da Non Perdere! Questa estate, vivi un&#8217;avventura unica al Villaggio San Francesco, il tuo rifugio ideale per esplorare la straordinaria &#8216;Fiera A-Mare Olistica Caorle 2025&#8217;. Inserisci questa imperdibile opportunit\u00e0 nella tua vacanza in uno dei pi\u00f9 prestigiosi resort di Caorle, a pochi passi dal Parco del Pescatore,&hellip; <a class=\"more-link\" href=\"https:\/\/www.villaggiosanfrancesco.com\/it\/news\/salute\/fiera-olistica-caorle-2025-imperdibile\/\">Continua a leggere <span class=\"screen-reader-text\">&#8220;Fiera Olistica Caorle 2025: Imperdibile!&#8221;<\/span><\/a><\/p>\n","protected":false},"author":36,"featured_media":36466,"comment_status":"closed","ping_status":"open","sticky":false,"template":"","format":"standard","meta":{"_acf_changed":false,"advgb_blocks_editor_width":"","advgb_blocks_columns_visual_guide":"","footnotes":""},"categories":[111],"tags":[],"class_list":["post-36471","post","type-post","status-publish","format-standard","has-post-thumbnail","hentry","category-salute","entry"],"acf":[],"yoast_head":"<!-- This site is optimized with the Yoast SEO plugin v26.0 - https:\/\/yoast.com\/wordpress\/plugins\/seo\/ -->\n<title>&quot;Fiera Olistica Caorle 2025: Imperdibile!&quot; - Villaggio San Francesco<\/title>\n<meta name=\"robots\" content=\"index, follow, max-snippet:-1, max-image-preview:large, max-video-preview:-1\" \/>\n<link rel=\"canonical\" href=\"https:\/\/www.villaggiosanfrancesco.com\/it\/news\/salute\/fiera-olistica-caorle-2025-imperdibile\/\" \/>\n<meta property=\"og:locale\" content=\"it_IT\" \/>\n<meta property=\"og:type\" content=\"article\" \/>\n<meta property=\"og:title\" content=\"&quot;Fiera Olistica Caorle 2025: Imperdibile!&quot; - Villaggio San Francesco\" \/>\n<meta property=\"og:description\" content=\"Scopri la &#8216;Fiera A-Mare Olistica Caorle 2025&#8217;: Un&#8217;Esperienza da Non Perdere! Questa estate, vivi un&#8217;avventura unica al Villaggio San Francesco, il tuo rifugio ideale per esplorare la straordinaria &#8216;Fiera A-Mare Olistica Caorle 2025&#8217;. Inserisci questa imperdibile opportunit\u00e0 nella tua vacanza in uno dei pi\u00f9 prestigiosi resort di Caorle, a pochi passi dal Parco del Pescatore,&hellip; Continua a leggere &#8220;Fiera Olistica Caorle 2025: Imperdibile!&#8221;\" \/>\n<meta property=\"og:url\" content=\"https:\/\/www.villaggiosanfrancesco.com\/it\/news\/salute\/fiera-olistica-caorle-2025-imperdibile\/\" \/>\n<meta property=\"og:site_name\" content=\"Villaggio San Francesco\" \/>\n<meta property=\"article:publisher\" content=\"https:\/\/www.facebook.com\/VillaggioSanFrancesco\/\" \/>\n<meta property=\"article:published_time\" content=\"2025-07-15T08:02:44+00:00\" \/>\n<meta property=\"article:modified_time\" content=\"2025-07-15T08:04:12+00:00\" \/>\n<meta property=\"og:image\" content=\"https:\/\/www.villaggiosanfrancesco.com\/wp-content\/uploads\/2025\/07\/Event-image-21.webp\" \/>\n\t<meta property=\"og:image:width\" content=\"667\" \/>\n\t<meta property=\"og:image:height\" content=\"500\" \/>\n\t<meta property=\"og:image:type\" content=\"image\/webp\" \/>\n<meta name=\"author\" content=\"Openrosetta\" \/>\n<meta name=\"twitter:card\" content=\"summary_large_image\" \/>\n<meta name=\"twitter:label1\" content=\"Scritto da\" \/>\n\t<meta name=\"twitter:data1\" content=\"Openrosetta\" \/>\n\t<meta name=\"twitter:label2\" content=\"Tempo di lettura stimato\" \/>\n\t<meta name=\"twitter:data2\" content=\"3 minuti\" \/>\n<script type=\"application\/ld+json\" class=\"yoast-schema-graph\">{\"@context\":\"https:\/\/schema.org\",\"@graph\":[{\"@type\":\"Article\",\"@id\":\"https:\/\/www.villaggiosanfrancesco.com\/it\/news\/salute\/fiera-olistica-caorle-2025-imperdibile\/#article\",\"isPartOf\":{\"@id\":\"https:\/\/www.villaggiosanfrancesco.com\/it\/news\/salute\/fiera-olistica-caorle-2025-imperdibile\/\"},\"author\":{\"name\":\"Openrosetta\",\"@id\":\"https:\/\/www.villaggiosanfrancesco.com\/it\/#\/schema\/person\/87a3d5dae695a69d4e62630a98ca4161\"},\"headline\":\"&#8220;Fiera Olistica Caorle 2025: Imperdibile!&#8221;\",\"datePublished\":\"2025-07-15T08:02:44+00:00\",\"dateModified\":\"2025-07-15T08:04:12+00:00\",\"mainEntityOfPage\":{\"@id\":\"https:\/\/www.villaggiosanfrancesco.com\/it\/news\/salute\/fiera-olistica-caorle-2025-imperdibile\/\"},\"wordCount\":359,\"publisher\":{\"@id\":\"https:\/\/www.villaggiosanfrancesco.com\/it\/#organization\"},\"image\":{\"@id\":\"https:\/\/www.villaggiosanfrancesco.com\/it\/news\/salute\/fiera-olistica-caorle-2025-imperdibile\/#primaryimage\"},\"thumbnailUrl\":\"https:\/\/www.villaggiosanfrancesco.com\/wp-content\/uploads\/2025\/07\/Event-image-21.webp\",\"articleSection\":[\"Salute\"],\"inLanguage\":\"it-IT\"},{\"@type\":\"WebPage\",\"@id\":\"https:\/\/www.villaggiosanfrancesco.com\/it\/news\/salute\/fiera-olistica-caorle-2025-imperdibile\/\",\"url\":\"https:\/\/www.villaggiosanfrancesco.com\/it\/news\/salute\/fiera-olistica-caorle-2025-imperdibile\/\",\"name\":\"\\\"Fiera Olistica Caorle 2025: Imperdibile!\\\" - Villaggio San Francesco\",\"isPartOf\":{\"@id\":\"https:\/\/www.villaggiosanfrancesco.com\/it\/#website\"},\"primaryImageOfPage\":{\"@id\":\"https:\/\/www.villaggiosanfrancesco.com\/it\/news\/salute\/fiera-olistica-caorle-2025-imperdibile\/#primaryimage\"},\"image\":{\"@id\":\"https:\/\/www.villaggiosanfrancesco.com\/it\/news\/salute\/fiera-olistica-caorle-2025-imperdibile\/#primaryimage\"},\"thumbnailUrl\":\"https:\/\/www.villaggiosanfrancesco.com\/wp-content\/uploads\/2025\/07\/Event-image-21.webp\",\"datePublished\":\"2025-07-15T08:02:44+00:00\",\"dateModified\":\"2025-07-15T08:04:12+00:00\",\"breadcrumb\":{\"@id\":\"https:\/\/www.villaggiosanfrancesco.com\/it\/news\/salute\/fiera-olistica-caorle-2025-imperdibile\/#breadcrumb\"},\"inLanguage\":\"it-IT\",\"potentialAction\":[{\"@type\":\"ReadAction\",\"target\":[\"https:\/\/www.villaggiosanfrancesco.com\/it\/news\/salute\/fiera-olistica-caorle-2025-imperdibile\/\"]}]},{\"@type\":\"ImageObject\",\"inLanguage\":\"it-IT\",\"@id\":\"https:\/\/www.villaggiosanfrancesco.com\/it\/news\/salute\/fiera-olistica-caorle-2025-imperdibile\/#primaryimage\",\"url\":\"https:\/\/www.villaggiosanfrancesco.com\/wp-content\/uploads\/2025\/07\/Event-image-21.webp\",\"contentUrl\":\"https:\/\/www.villaggiosanfrancesco.com\/wp-content\/uploads\/2025\/07\/Event-image-21.webp\",\"width\":667,\"height\":500,\"caption\":\"Image of the event\"},{\"@type\":\"BreadcrumbList\",\"@id\":\"https:\/\/www.villaggiosanfrancesco.com\/it\/news\/salute\/fiera-olistica-caorle-2025-imperdibile\/#breadcrumb\",\"itemListElement\":[{\"@type\":\"ListItem\",\"position\":1,\"name\":\"Home\",\"item\":\"https:\/\/www.villaggiosanfrancesco.com\/it\/\"},{\"@type\":\"ListItem\",\"position\":2,\"name\":\"Salute\",\"item\":\"https:\/\/www.villaggiosanfrancesco.com\/it\/news\/category\/salute\/\"},{\"@type\":\"ListItem\",\"position\":3,\"name\":\"&#8220;Fiera Olistica Caorle 2025: Imperdibile!&#8221;\"}]},{\"@type\":\"WebSite\",\"@id\":\"https:\/\/www.villaggiosanfrancesco.com\/it\/#website\",\"url\":\"https:\/\/www.villaggiosanfrancesco.com\/it\/\",\"name\":\"Villaggio San Francesco\",\"description\":\"Caorle, VENEZIA\",\"publisher\":{\"@id\":\"https:\/\/www.villaggiosanfrancesco.com\/it\/#organization\"},\"potentialAction\":[{\"@type\":\"SearchAction\",\"target\":{\"@type\":\"EntryPoint\",\"urlTemplate\":\"https:\/\/www.villaggiosanfrancesco.com\/it\/?s={search_term_string}\"},\"query-input\":{\"@type\":\"PropertyValueSpecification\",\"valueRequired\":true,\"valueName\":\"search_term_string\"}}],\"inLanguage\":\"it-IT\"},{\"@type\":\"Organization\",\"@id\":\"https:\/\/www.villaggiosanfrancesco.com\/it\/#organization\",\"name\":\"Villaggio San Francesco\",\"url\":\"https:\/\/www.villaggiosanfrancesco.com\/it\/\",\"logo\":{\"@type\":\"ImageObject\",\"inLanguage\":\"it-IT\",\"@id\":\"https:\/\/www.villaggiosanfrancesco.com\/it\/#\/schema\/logo\/image\/\",\"url\":\"https:\/\/www.villaggiosanfrancesco.com\/wp-content\/uploads\/2023\/03\/Logo-Villaggio-San-Francesco-Caorle-1.png\",\"contentUrl\":\"https:\/\/www.villaggiosanfrancesco.com\/wp-content\/uploads\/2023\/03\/Logo-Villaggio-San-Francesco-Caorle-1.png\",\"width\":1206,\"height\":356,\"caption\":\"Villaggio San Francesco\"},\"image\":{\"@id\":\"https:\/\/www.villaggiosanfrancesco.com\/it\/#\/schema\/logo\/image\/\"},\"sameAs\":[\"https:\/\/www.facebook.com\/VillaggioSanFrancesco\/\",\"https:\/\/www.instagram.com\/villaggiosanfrancesco\/\",\"https:\/\/www.youtube.com\/channel\/UClXJoJulrb1UANfZodeHn-g\",\"https:\/\/www.tiktok.com\/@sanfrancescoresort\"]},{\"@type\":\"Person\",\"@id\":\"https:\/\/www.villaggiosanfrancesco.com\/it\/#\/schema\/person\/87a3d5dae695a69d4e62630a98ca4161\",\"name\":\"Openrosetta\"}]}<\/script>\n<!-- \/ Yoast SEO plugin. -->","yoast_head_json":{"title":"\"Fiera Olistica Caorle 2025: Imperdibile!\" - Villaggio San Francesco","robots":{"index":"index","follow":"follow","max-snippet":"max-snippet:-1","max-image-preview":"max-image-preview:large","max-video-preview":"max-video-preview:-1"},"canonical":"https:\/\/www.villaggiosanfrancesco.com\/it\/news\/salute\/fiera-olistica-caorle-2025-imperdibile\/","og_locale":"it_IT","og_type":"article","og_title":"\"Fiera Olistica Caorle 2025: Imperdibile!\" - Villaggio San Francesco","og_description":"Scopri la &#8216;Fiera A-Mare Olistica Caorle 2025&#8217;: Un&#8217;Esperienza da Non Perdere! Questa estate, vivi un&#8217;avventura unica al Villaggio San Francesco, il tuo rifugio ideale per esplorare la straordinaria &#8216;Fiera A-Mare Olistica Caorle 2025&#8217;. Inserisci questa imperdibile opportunit\u00e0 nella tua vacanza in uno dei pi\u00f9 prestigiosi resort di Caorle, a pochi passi dal Parco del Pescatore,&hellip; Continua a leggere &#8220;Fiera Olistica Caorle 2025: Imperdibile!&#8221;","og_url":"https:\/\/www.villaggiosanfrancesco.com\/it\/news\/salute\/fiera-olistica-caorle-2025-imperdibile\/","og_site_name":"Villaggio San Francesco","article_publisher":"https:\/\/www.facebook.com\/VillaggioSanFrancesco\/","article_published_time":"2025-07-15T08:02:44+00:00","article_modified_time":"2025-07-15T08:04:12+00:00","og_image":[{"width":667,"height":500,"url":"https:\/\/www.villaggiosanfrancesco.com\/wp-content\/uploads\/2025\/07\/Event-image-21.webp","type":"image\/webp"}],"author":"Openrosetta","twitter_card":"summary_large_image","twitter_misc":{"Scritto da":"Openrosetta","Tempo di lettura stimato":"3 minuti"},"schema":{"@context":"https:\/\/schema.org","@graph":[{"@type":"Article","@id":"https:\/\/www.villaggiosanfrancesco.com\/it\/news\/salute\/fiera-olistica-caorle-2025-imperdibile\/#article","isPartOf":{"@id":"https:\/\/www.villaggiosanfrancesco.com\/it\/news\/salute\/fiera-olistica-caorle-2025-imperdibile\/"},"author":{"name":"Openrosetta","@id":"https:\/\/www.villaggiosanfrancesco.com\/it\/#\/schema\/person\/87a3d5dae695a69d4e62630a98ca4161"},"headline":"&#8220;Fiera Olistica Caorle 2025: Imperdibile!&#8221;","datePublished":"2025-07-15T08:02:44+00:00","dateModified":"2025-07-15T08:04:12+00:00","mainEntityOfPage":{"@id":"https:\/\/www.villaggiosanfrancesco.com\/it\/news\/salute\/fiera-olistica-caorle-2025-imperdibile\/"},"wordCount":359,"publisher":{"@id":"https:\/\/www.villaggiosanfrancesco.com\/it\/#organization"},"image":{"@id":"https:\/\/www.villaggiosanfrancesco.com\/it\/news\/salute\/fiera-olistica-caorle-2025-imperdibile\/#primaryimage"},"thumbnailUrl":"https:\/\/www.villaggiosanfrancesco.com\/wp-content\/uploads\/2025\/07\/Event-image-21.webp","articleSection":["Salute"],"inLanguage":"it-IT"},{"@type":"WebPage","@id":"https:\/\/www.villaggiosanfrancesco.com\/it\/news\/salute\/fiera-olistica-caorle-2025-imperdibile\/","url":"https:\/\/www.villaggiosanfrancesco.com\/it\/news\/salute\/fiera-olistica-caorle-2025-imperdibile\/","name":"\"Fiera Olistica Caorle 2025: Imperdibile!\" - Villaggio San Francesco","isPartOf":{"@id":"https:\/\/www.villaggiosanfrancesco.com\/it\/#website"},"primaryImageOfPage":{"@id":"https:\/\/www.villaggiosanfrancesco.com\/it\/news\/salute\/fiera-olistica-caorle-2025-imperdibile\/#primaryimage"},"image":{"@id":"https:\/\/www.villaggiosanfrancesco.com\/it\/news\/salute\/fiera-olistica-caorle-2025-imperdibile\/#primaryimage"},"thumbnailUrl":"https:\/\/www.villaggiosanfrancesco.com\/wp-content\/uploads\/2025\/07\/Event-image-21.webp","datePublished":"2025-07-15T08:02:44+00:00","dateModified":"2025-07-15T08:04:12+00:00","breadcrumb":{"@id":"https:\/\/www.villaggiosanfrancesco.com\/it\/news\/salute\/fiera-olistica-caorle-2025-imperdibile\/#breadcrumb"},"inLanguage":"it-IT","potentialAction":[{"@type":"ReadAction","target":["https:\/\/www.villaggiosanfrancesco.com\/it\/news\/salute\/fiera-olistica-caorle-2025-imperdibile\/"]}]},{"@type":"ImageObject","inLanguage":"it-IT","@id":"https:\/\/www.villaggiosanfrancesco.com\/it\/news\/salute\/fiera-olistica-caorle-2025-imperdibile\/#primaryimage","url":"https:\/\/www.villaggiosanfrancesco.com\/wp-content\/uploads\/2025\/07\/Event-image-21.webp","contentUrl":"https:\/\/www.villaggiosanfrancesco.com\/wp-content\/uploads\/2025\/07\/Event-image-21.webp","width":667,"height":500,"caption":"Image of the event"},{"@type":"BreadcrumbList","@id":"https:\/\/www.villaggiosanfrancesco.com\/it\/news\/salute\/fiera-olistica-caorle-2025-imperdibile\/#breadcrumb","itemListElement":[{"@type":"ListItem","position":1,"name":"Home","item":"https:\/\/www.villaggiosanfrancesco.com\/it\/"},{"@type":"ListItem","position":2,"name":"Salute","item":"https:\/\/www.villaggiosanfrancesco.com\/it\/news\/category\/salute\/"},{"@type":"ListItem","position":3,"name":"&#8220;Fiera Olistica Caorle 2025: Imperdibile!&#8221;"}]},{"@type":"WebSite","@id":"https:\/\/www.villaggiosanfrancesco.com\/it\/#website","url":"https:\/\/www.villaggiosanfrancesco.com\/it\/","name":"Villaggio San Francesco","description":"Caorle, VENEZIA","publisher":{"@id":"https:\/\/www.villaggiosanfrancesco.com\/it\/#organization"},"potentialAction":[{"@type":"SearchAction","target":{"@type":"EntryPoint","urlTemplate":"https:\/\/www.villaggiosanfrancesco.com\/it\/?s={search_term_string}"},"query-input":{"@type":"PropertyValueSpecification","valueRequired":true,"valueName":"search_term_string"}}],"inLanguage":"it-IT"},{"@type":"Organization","@id":"https:\/\/www.villaggiosanfrancesco.com\/it\/#organization","name":"Villaggio San Francesco","url":"https:\/\/www.villaggiosanfrancesco.com\/it\/","logo":{"@type":"ImageObject","inLanguage":"it-IT","@id":"https:\/\/www.villaggiosanfrancesco.com\/it\/#\/schema\/logo\/image\/","url":"https:\/\/www.villaggiosanfrancesco.com\/wp-content\/uploads\/2023\/03\/Logo-Villaggio-San-Francesco-Caorle-1.png","contentUrl":"https:\/\/www.villaggiosanfrancesco.com\/wp-content\/uploads\/2023\/03\/Logo-Villaggio-San-Francesco-Caorle-1.png","width":1206,"height":356,"caption":"Villaggio San Francesco"},"image":{"@id":"https:\/\/www.villaggiosanfrancesco.com\/it\/#\/schema\/logo\/image\/"},"sameAs":["https:\/\/www.facebook.com\/VillaggioSanFrancesco\/","https:\/\/www.instagram.com\/villaggiosanfrancesco\/","https:\/\/www.youtube.com\/channel\/UClXJoJulrb1UANfZodeHn-g","https:\/\/www.tiktok.com\/@sanfrancescoresort"]},{"@type":"Person","@id":"https:\/\/www.villaggiosanfrancesco.com\/it\/#\/schema\/person\/87a3d5dae695a69d4e62630a98ca4161","name":"Openrosetta"}]}},"author_meta":{"display_name":"Openrosetta","author_link":"https:\/\/www.villaggiosanfrancesco.com\/it\/news\/author\/openrosetta\/"},"featured_img":"https:\/\/www.villaggiosanfrancesco.com\/wp-content\/uploads\/2025\/07\/Event-image-21-300x225.webp","coauthors":[],"tax_additional":{"categories":{"linked":["<a href=\"https:\/\/www.villaggiosanfrancesco.com\/it\/news\/category\/salute\/\" class=\"advgb-post-tax-term\">Salute<\/a>"],"unlinked":["<span class=\"advgb-post-tax-term\">Salute<\/span>"]}},"comment_count":"0","relative_dates":{"created":"Pubblicato 10 mesi fa","modified":"Aggiornato 10 mesi fa"},"absolute_dates":{"created":"Pubblicato il Luglio 15, 2025","modified":"Aggiornato il Luglio 15, 2025"},"absolute_dates_time":{"created":"Pubblicato il Luglio 15, 2025 10:02 am","modified":"Aggiornato il Luglio 15, 2025 10:04 am"},"featured_img_caption":"Image of the event","series_order":"","_links":{"self":[{"href":"https:\/\/www.villaggiosanfrancesco.com\/it\/wp-json\/wp\/v2\/posts\/36471","targetHints":{"allow":["GET"]}}],"collection":[{"href":"https:\/\/www.villaggiosanfrancesco.com\/it\/wp-json\/wp\/v2\/posts"}],"about":[{"href":"https:\/\/www.villaggiosanfrancesco.com\/it\/wp-json\/wp\/v2\/types\/post"}],"author":[{"embeddable":true,"href":"https:\/\/www.villaggiosanfrancesco.com\/it\/wp-json\/wp\/v2\/users\/36"}],"replies":[{"embeddable":true,"href":"https:\/\/www.villaggiosanfrancesco.com\/it\/wp-json\/wp\/v2\/comments?post=36471"}],"version-history":[{"count":0,"href":"https:\/\/www.villaggiosanfrancesco.com\/it\/wp-json\/wp\/v2\/posts\/36471\/revisions"}],"wp:featuredmedia":[{"embeddable":true,"href":"https:\/\/www.villaggiosanfrancesco.com\/it\/wp-json\/wp\/v2\/media\/36466"}],"wp:attachment":[{"href":"https:\/\/www.villaggiosanfrancesco.com\/it\/wp-json\/wp\/v2\/media?parent=36471"}],"wp:term":[{"taxonomy":"category","embeddable":true,"href":"https:\/\/www.villaggiosanfrancesco.com\/it\/wp-json\/wp\/v2\/categories?post=36471"},{"taxonomy":"post_tag","embeddable":true,"href":"https:\/\/www.villaggiosanfrancesco.com\/it\/wp-json\/wp\/v2\/tags?post=36471"}],"curies":[{"name":"wp","href":"https:\/\/api.w.org\/{rel}","templated":true}]}}