{"id":36390,"date":"2025-07-14T16:47:21","date_gmt":"2025-07-14T14:47:21","guid":{"rendered":"https:\/\/www.villaggiosanfrancesco.com\/?p=36390"},"modified":"2025-07-14T16:47:25","modified_gmt":"2025-07-14T14:47:25","slug":"arte-e-relax-caorle-da-sogno","status":"publish","type":"post","link":"https:\/\/www.villaggiosanfrancesco.com\/it\/news\/cultura\/arte-e-relax-caorle-da-sogno\/","title":{"rendered":"&#8220;Arte e Relax: Caorle da Sogno&#8221;"},"content":{"rendered":"<h3>Un Soggiorno da Sogno al Villaggio San Francesco<\/h3>\n<p>Immagina di risvegliarti nel cuore di una pineta secolare, a due passi da una splendida spiaggia privata, sapendo che la giornata che ti attende \u00e8 ricca di avventura e cultura. <strong>Il Villaggio San Francesco<\/strong> \u00e8 pi\u00f9 di una semplice destinazione: \u00e8 il perfetto punto di partenza per scoprire l\u2019incanto del Veneto e dei suoi tesori artistici.<\/p>\n<h3>Evento Imperdibile: <em>Surrealismo e Fantastico<\/em><\/h3>\n<p>Dal <strong>1 giugno al 31 agosto 2025<\/strong>, il <strong>Centro Culturale Bafile<\/strong> a Caorle ospita una mostra unica nel suo genere: <strong><em>Surrealismo e Fantastico. The Infinite Madness of Dreams<\/em><\/strong>. Con oltre 60 opere di artisti leggendari come Salvador Dal\u00ec e Joan Mir\u00f2, l\u2019esposizione rappresenta un viaggio attraverso la meraviglia dell&#8217;infanzia e la magia del sogno.<\/p>\n<p>Curata da Matteo Vanzan e allestita dall&#8217;agenzia MV Arte, questa esposizione non racconta solo il percorso storico del Surrealismo. Attraverso un approccio tematico, si addentra nel mondo spirituale fino all\u2019essenza delle emozioni umane, rendendo la visita un\u2019esperienza accattivante e indimenticabile.<\/p>\n<h3>Divertimento e Relax al Villaggio<\/h3>\n<p>Mentre ti immergi nel fascino della cultura surrealista, il Villaggio San Francesco ti promette un soggiorno all\u2019insegna del <strong>relax<\/strong> e del <strong>divertimento<\/strong>. Goditi la spiaggia privata e le meravigliose piscine, assapora un cocktail al tramonto, e partecipa alle numerose attivit\u00e0 organizzate.<\/p>\n<h3>Vivi la Tradizione e l&#8217;Arte<\/h3>\n<p>Lascia che la <strong>bellezza del Veneto<\/strong> ti conquisti. Partecipa all&#8217;evento al Centro Culturale e torna al Villaggio per riposare tra un&#8217;avventura e l&#8217;altra. Grazie alla sua posizione strategica, potrai esplorare facilmente i dintorni in <strong>bicicletta<\/strong> o con escursioni organizzate, alternando <strong>momenti di cultura<\/strong> e piacere al mare.<\/p>\n<h3>Invito Speciale<\/h3>\n<p>Non perdere l\u2019occasione di unire un soggiorno da favola alla scoperta dell\u2019arte surreale. <strong>Prenota ora il tuo soggiorno al Villaggio San Francesco<\/strong> e vivi un\u2019esperienza che combina cultura, benessere e la straordinaria bellezza della natura italiana. Scopri la magia che rende questa regione unica nel suo genere.<\/p>\n<p>Contenuti originali da Veneto Around Me. Link alla pagina evento: <a href=\"https:\/\/venetoaroundme.regione.veneto.it\/it\/eventi\/surrealismo-e-fantastico-infinite-madness-dreams\" target=\"_blank\" rel=\"noopener\">https:\/\/venetoaroundme.regione.veneto.it\/it\/eventi\/surrealismo-e-fantastico-infinite-madness-dreams<\/a><\/p>\n","protected":false},"excerpt":{"rendered":"<p>Un Soggiorno da Sogno al Villaggio San Francesco Immagina di risvegliarti nel cuore di una pineta secolare, a due passi da una splendida spiaggia privata, sapendo che la giornata che ti attende \u00e8 ricca di avventura e cultura. Il Villaggio San Francesco \u00e8 pi\u00f9 di una semplice destinazione: \u00e8 il perfetto punto di partenza per&hellip; <a class=\"more-link\" href=\"https:\/\/www.villaggiosanfrancesco.com\/it\/news\/cultura\/arte-e-relax-caorle-da-sogno\/\">Continua a leggere <span class=\"screen-reader-text\">&#8220;Arte e Relax: Caorle da Sogno&#8221;<\/span><\/a><\/p>\n","protected":false},"author":36,"featured_media":36385,"comment_status":"closed","ping_status":"open","sticky":false,"template":"","format":"standard","meta":{"_acf_changed":false,"advgb_blocks_editor_width":"","advgb_blocks_columns_visual_guide":"","footnotes":""},"categories":[106],"tags":[],"class_list":["post-36390","post","type-post","status-publish","format-standard","has-post-thumbnail","hentry","category-cultura","entry"],"acf":[],"yoast_head":"<!-- This site is optimized with the Yoast SEO plugin v26.0 - https:\/\/yoast.com\/wordpress\/plugins\/seo\/ -->\n<title>&quot;Arte e Relax: Caorle da Sogno&quot; - Villaggio San Francesco<\/title>\n<meta name=\"robots\" content=\"index, follow, max-snippet:-1, max-image-preview:large, max-video-preview:-1\" \/>\n<link rel=\"canonical\" href=\"https:\/\/www.villaggiosanfrancesco.com\/it\/news\/cultura\/arte-e-relax-caorle-da-sogno\/\" \/>\n<meta property=\"og:locale\" content=\"it_IT\" \/>\n<meta property=\"og:type\" content=\"article\" \/>\n<meta property=\"og:title\" content=\"&quot;Arte e Relax: Caorle da Sogno&quot; - Villaggio San Francesco\" \/>\n<meta property=\"og:description\" content=\"Un Soggiorno da Sogno al Villaggio San Francesco Immagina di risvegliarti nel cuore di una pineta secolare, a due passi da una splendida spiaggia privata, sapendo che la giornata che ti attende \u00e8 ricca di avventura e cultura. Il Villaggio San Francesco \u00e8 pi\u00f9 di una semplice destinazione: \u00e8 il perfetto punto di partenza per&hellip; Continua a leggere &#8220;Arte e Relax: Caorle da Sogno&#8221;\" \/>\n<meta property=\"og:url\" content=\"https:\/\/www.villaggiosanfrancesco.com\/it\/news\/cultura\/arte-e-relax-caorle-da-sogno\/\" \/>\n<meta property=\"og:site_name\" content=\"Villaggio San Francesco\" \/>\n<meta property=\"article:publisher\" content=\"https:\/\/www.facebook.com\/VillaggioSanFrancesco\/\" \/>\n<meta property=\"article:published_time\" content=\"2025-07-14T14:47:21+00:00\" \/>\n<meta property=\"article:modified_time\" content=\"2025-07-14T14:47:25+00:00\" \/>\n<meta property=\"og:image\" content=\"https:\/\/www.villaggiosanfrancesco.com\/wp-content\/uploads\/2025\/07\/Event-image-17.webp\" \/>\n\t<meta property=\"og:image:width\" content=\"667\" \/>\n\t<meta property=\"og:image:height\" content=\"500\" \/>\n\t<meta property=\"og:image:type\" content=\"image\/webp\" \/>\n<meta name=\"author\" content=\"Openrosetta\" \/>\n<meta name=\"twitter:card\" content=\"summary_large_image\" \/>\n<meta name=\"twitter:label1\" content=\"Scritto da\" \/>\n\t<meta name=\"twitter:data1\" content=\"Openrosetta\" \/>\n\t<meta name=\"twitter:label2\" content=\"Tempo di lettura stimato\" \/>\n\t<meta name=\"twitter:data2\" content=\"2 minuti\" \/>\n<script type=\"application\/ld+json\" class=\"yoast-schema-graph\">{\"@context\":\"https:\/\/schema.org\",\"@graph\":[{\"@type\":\"Article\",\"@id\":\"https:\/\/www.villaggiosanfrancesco.com\/it\/news\/cultura\/arte-e-relax-caorle-da-sogno\/#article\",\"isPartOf\":{\"@id\":\"https:\/\/www.villaggiosanfrancesco.com\/it\/news\/cultura\/arte-e-relax-caorle-da-sogno\/\"},\"author\":{\"name\":\"Openrosetta\",\"@id\":\"https:\/\/www.villaggiosanfrancesco.com\/it\/#\/schema\/person\/87a3d5dae695a69d4e62630a98ca4161\"},\"headline\":\"&#8220;Arte e Relax: Caorle da Sogno&#8221;\",\"datePublished\":\"2025-07-14T14:47:21+00:00\",\"dateModified\":\"2025-07-14T14:47:25+00:00\",\"mainEntityOfPage\":{\"@id\":\"https:\/\/www.villaggiosanfrancesco.com\/it\/news\/cultura\/arte-e-relax-caorle-da-sogno\/\"},\"wordCount\":341,\"publisher\":{\"@id\":\"https:\/\/www.villaggiosanfrancesco.com\/it\/#organization\"},\"image\":{\"@id\":\"https:\/\/www.villaggiosanfrancesco.com\/it\/news\/cultura\/arte-e-relax-caorle-da-sogno\/#primaryimage\"},\"thumbnailUrl\":\"https:\/\/www.villaggiosanfrancesco.com\/wp-content\/uploads\/2025\/07\/Event-image-17.webp\",\"articleSection\":[\"Cultura\"],\"inLanguage\":\"it-IT\"},{\"@type\":\"WebPage\",\"@id\":\"https:\/\/www.villaggiosanfrancesco.com\/it\/news\/cultura\/arte-e-relax-caorle-da-sogno\/\",\"url\":\"https:\/\/www.villaggiosanfrancesco.com\/it\/news\/cultura\/arte-e-relax-caorle-da-sogno\/\",\"name\":\"\\\"Arte e Relax: Caorle da Sogno\\\" - Villaggio San Francesco\",\"isPartOf\":{\"@id\":\"https:\/\/www.villaggiosanfrancesco.com\/it\/#website\"},\"primaryImageOfPage\":{\"@id\":\"https:\/\/www.villaggiosanfrancesco.com\/it\/news\/cultura\/arte-e-relax-caorle-da-sogno\/#primaryimage\"},\"image\":{\"@id\":\"https:\/\/www.villaggiosanfrancesco.com\/it\/news\/cultura\/arte-e-relax-caorle-da-sogno\/#primaryimage\"},\"thumbnailUrl\":\"https:\/\/www.villaggiosanfrancesco.com\/wp-content\/uploads\/2025\/07\/Event-image-17.webp\",\"datePublished\":\"2025-07-14T14:47:21+00:00\",\"dateModified\":\"2025-07-14T14:47:25+00:00\",\"breadcrumb\":{\"@id\":\"https:\/\/www.villaggiosanfrancesco.com\/it\/news\/cultura\/arte-e-relax-caorle-da-sogno\/#breadcrumb\"},\"inLanguage\":\"it-IT\",\"potentialAction\":[{\"@type\":\"ReadAction\",\"target\":[\"https:\/\/www.villaggiosanfrancesco.com\/it\/news\/cultura\/arte-e-relax-caorle-da-sogno\/\"]}]},{\"@type\":\"ImageObject\",\"inLanguage\":\"it-IT\",\"@id\":\"https:\/\/www.villaggiosanfrancesco.com\/it\/news\/cultura\/arte-e-relax-caorle-da-sogno\/#primaryimage\",\"url\":\"https:\/\/www.villaggiosanfrancesco.com\/wp-content\/uploads\/2025\/07\/Event-image-17.webp\",\"contentUrl\":\"https:\/\/www.villaggiosanfrancesco.com\/wp-content\/uploads\/2025\/07\/Event-image-17.webp\",\"width\":667,\"height\":500,\"caption\":\"Image of the event\"},{\"@type\":\"BreadcrumbList\",\"@id\":\"https:\/\/www.villaggiosanfrancesco.com\/it\/news\/cultura\/arte-e-relax-caorle-da-sogno\/#breadcrumb\",\"itemListElement\":[{\"@type\":\"ListItem\",\"position\":1,\"name\":\"Home\",\"item\":\"https:\/\/www.villaggiosanfrancesco.com\/it\/\"},{\"@type\":\"ListItem\",\"position\":2,\"name\":\"Cultura\",\"item\":\"https:\/\/www.villaggiosanfrancesco.com\/it\/news\/category\/cultura\/\"},{\"@type\":\"ListItem\",\"position\":3,\"name\":\"&#8220;Arte e Relax: Caorle da Sogno&#8221;\"}]},{\"@type\":\"WebSite\",\"@id\":\"https:\/\/www.villaggiosanfrancesco.com\/it\/#website\",\"url\":\"https:\/\/www.villaggiosanfrancesco.com\/it\/\",\"name\":\"Villaggio San Francesco\",\"description\":\"Caorle, VENEZIA\",\"publisher\":{\"@id\":\"https:\/\/www.villaggiosanfrancesco.com\/it\/#organization\"},\"potentialAction\":[{\"@type\":\"SearchAction\",\"target\":{\"@type\":\"EntryPoint\",\"urlTemplate\":\"https:\/\/www.villaggiosanfrancesco.com\/it\/?s={search_term_string}\"},\"query-input\":{\"@type\":\"PropertyValueSpecification\",\"valueRequired\":true,\"valueName\":\"search_term_string\"}}],\"inLanguage\":\"it-IT\"},{\"@type\":\"Organization\",\"@id\":\"https:\/\/www.villaggiosanfrancesco.com\/it\/#organization\",\"name\":\"Villaggio San Francesco\",\"url\":\"https:\/\/www.villaggiosanfrancesco.com\/it\/\",\"logo\":{\"@type\":\"ImageObject\",\"inLanguage\":\"it-IT\",\"@id\":\"https:\/\/www.villaggiosanfrancesco.com\/it\/#\/schema\/logo\/image\/\",\"url\":\"https:\/\/www.villaggiosanfrancesco.com\/wp-content\/uploads\/2023\/03\/Logo-Villaggio-San-Francesco-Caorle-1.png\",\"contentUrl\":\"https:\/\/www.villaggiosanfrancesco.com\/wp-content\/uploads\/2023\/03\/Logo-Villaggio-San-Francesco-Caorle-1.png\",\"width\":1206,\"height\":356,\"caption\":\"Villaggio San Francesco\"},\"image\":{\"@id\":\"https:\/\/www.villaggiosanfrancesco.com\/it\/#\/schema\/logo\/image\/\"},\"sameAs\":[\"https:\/\/www.facebook.com\/VillaggioSanFrancesco\/\",\"https:\/\/www.instagram.com\/villaggiosanfrancesco\/\",\"https:\/\/www.youtube.com\/channel\/UClXJoJulrb1UANfZodeHn-g\",\"https:\/\/www.tiktok.com\/@sanfrancescoresort\"]},{\"@type\":\"Person\",\"@id\":\"https:\/\/www.villaggiosanfrancesco.com\/it\/#\/schema\/person\/87a3d5dae695a69d4e62630a98ca4161\",\"name\":\"Openrosetta\"}]}<\/script>\n<!-- \/ Yoast SEO plugin. -->","yoast_head_json":{"title":"\"Arte e Relax: Caorle da Sogno\" - Villaggio San Francesco","robots":{"index":"index","follow":"follow","max-snippet":"max-snippet:-1","max-image-preview":"max-image-preview:large","max-video-preview":"max-video-preview:-1"},"canonical":"https:\/\/www.villaggiosanfrancesco.com\/it\/news\/cultura\/arte-e-relax-caorle-da-sogno\/","og_locale":"it_IT","og_type":"article","og_title":"\"Arte e Relax: Caorle da Sogno\" - Villaggio San Francesco","og_description":"Un Soggiorno da Sogno al Villaggio San Francesco Immagina di risvegliarti nel cuore di una pineta secolare, a due passi da una splendida spiaggia privata, sapendo che la giornata che ti attende \u00e8 ricca di avventura e cultura. Il Villaggio San Francesco \u00e8 pi\u00f9 di una semplice destinazione: \u00e8 il perfetto punto di partenza per&hellip; Continua a leggere &#8220;Arte e Relax: Caorle da Sogno&#8221;","og_url":"https:\/\/www.villaggiosanfrancesco.com\/it\/news\/cultura\/arte-e-relax-caorle-da-sogno\/","og_site_name":"Villaggio San Francesco","article_publisher":"https:\/\/www.facebook.com\/VillaggioSanFrancesco\/","article_published_time":"2025-07-14T14:47:21+00:00","article_modified_time":"2025-07-14T14:47:25+00:00","og_image":[{"width":667,"height":500,"url":"https:\/\/www.villaggiosanfrancesco.com\/wp-content\/uploads\/2025\/07\/Event-image-17.webp","type":"image\/webp"}],"author":"Openrosetta","twitter_card":"summary_large_image","twitter_misc":{"Scritto da":"Openrosetta","Tempo di lettura stimato":"2 minuti"},"schema":{"@context":"https:\/\/schema.org","@graph":[{"@type":"Article","@id":"https:\/\/www.villaggiosanfrancesco.com\/it\/news\/cultura\/arte-e-relax-caorle-da-sogno\/#article","isPartOf":{"@id":"https:\/\/www.villaggiosanfrancesco.com\/it\/news\/cultura\/arte-e-relax-caorle-da-sogno\/"},"author":{"name":"Openrosetta","@id":"https:\/\/www.villaggiosanfrancesco.com\/it\/#\/schema\/person\/87a3d5dae695a69d4e62630a98ca4161"},"headline":"&#8220;Arte e Relax: Caorle da Sogno&#8221;","datePublished":"2025-07-14T14:47:21+00:00","dateModified":"2025-07-14T14:47:25+00:00","mainEntityOfPage":{"@id":"https:\/\/www.villaggiosanfrancesco.com\/it\/news\/cultura\/arte-e-relax-caorle-da-sogno\/"},"wordCount":341,"publisher":{"@id":"https:\/\/www.villaggiosanfrancesco.com\/it\/#organization"},"image":{"@id":"https:\/\/www.villaggiosanfrancesco.com\/it\/news\/cultura\/arte-e-relax-caorle-da-sogno\/#primaryimage"},"thumbnailUrl":"https:\/\/www.villaggiosanfrancesco.com\/wp-content\/uploads\/2025\/07\/Event-image-17.webp","articleSection":["Cultura"],"inLanguage":"it-IT"},{"@type":"WebPage","@id":"https:\/\/www.villaggiosanfrancesco.com\/it\/news\/cultura\/arte-e-relax-caorle-da-sogno\/","url":"https:\/\/www.villaggiosanfrancesco.com\/it\/news\/cultura\/arte-e-relax-caorle-da-sogno\/","name":"\"Arte e Relax: Caorle da Sogno\" - Villaggio San Francesco","isPartOf":{"@id":"https:\/\/www.villaggiosanfrancesco.com\/it\/#website"},"primaryImageOfPage":{"@id":"https:\/\/www.villaggiosanfrancesco.com\/it\/news\/cultura\/arte-e-relax-caorle-da-sogno\/#primaryimage"},"image":{"@id":"https:\/\/www.villaggiosanfrancesco.com\/it\/news\/cultura\/arte-e-relax-caorle-da-sogno\/#primaryimage"},"thumbnailUrl":"https:\/\/www.villaggiosanfrancesco.com\/wp-content\/uploads\/2025\/07\/Event-image-17.webp","datePublished":"2025-07-14T14:47:21+00:00","dateModified":"2025-07-14T14:47:25+00:00","breadcrumb":{"@id":"https:\/\/www.villaggiosanfrancesco.com\/it\/news\/cultura\/arte-e-relax-caorle-da-sogno\/#breadcrumb"},"inLanguage":"it-IT","potentialAction":[{"@type":"ReadAction","target":["https:\/\/www.villaggiosanfrancesco.com\/it\/news\/cultura\/arte-e-relax-caorle-da-sogno\/"]}]},{"@type":"ImageObject","inLanguage":"it-IT","@id":"https:\/\/www.villaggiosanfrancesco.com\/it\/news\/cultura\/arte-e-relax-caorle-da-sogno\/#primaryimage","url":"https:\/\/www.villaggiosanfrancesco.com\/wp-content\/uploads\/2025\/07\/Event-image-17.webp","contentUrl":"https:\/\/www.villaggiosanfrancesco.com\/wp-content\/uploads\/2025\/07\/Event-image-17.webp","width":667,"height":500,"caption":"Image of the event"},{"@type":"BreadcrumbList","@id":"https:\/\/www.villaggiosanfrancesco.com\/it\/news\/cultura\/arte-e-relax-caorle-da-sogno\/#breadcrumb","itemListElement":[{"@type":"ListItem","position":1,"name":"Home","item":"https:\/\/www.villaggiosanfrancesco.com\/it\/"},{"@type":"ListItem","position":2,"name":"Cultura","item":"https:\/\/www.villaggiosanfrancesco.com\/it\/news\/category\/cultura\/"},{"@type":"ListItem","position":3,"name":"&#8220;Arte e Relax: Caorle da Sogno&#8221;"}]},{"@type":"WebSite","@id":"https:\/\/www.villaggiosanfrancesco.com\/it\/#website","url":"https:\/\/www.villaggiosanfrancesco.com\/it\/","name":"Villaggio San Francesco","description":"Caorle, VENEZIA","publisher":{"@id":"https:\/\/www.villaggiosanfrancesco.com\/it\/#organization"},"potentialAction":[{"@type":"SearchAction","target":{"@type":"EntryPoint","urlTemplate":"https:\/\/www.villaggiosanfrancesco.com\/it\/?s={search_term_string}"},"query-input":{"@type":"PropertyValueSpecification","valueRequired":true,"valueName":"search_term_string"}}],"inLanguage":"it-IT"},{"@type":"Organization","@id":"https:\/\/www.villaggiosanfrancesco.com\/it\/#organization","name":"Villaggio San Francesco","url":"https:\/\/www.villaggiosanfrancesco.com\/it\/","logo":{"@type":"ImageObject","inLanguage":"it-IT","@id":"https:\/\/www.villaggiosanfrancesco.com\/it\/#\/schema\/logo\/image\/","url":"https:\/\/www.villaggiosanfrancesco.com\/wp-content\/uploads\/2023\/03\/Logo-Villaggio-San-Francesco-Caorle-1.png","contentUrl":"https:\/\/www.villaggiosanfrancesco.com\/wp-content\/uploads\/2023\/03\/Logo-Villaggio-San-Francesco-Caorle-1.png","width":1206,"height":356,"caption":"Villaggio San Francesco"},"image":{"@id":"https:\/\/www.villaggiosanfrancesco.com\/it\/#\/schema\/logo\/image\/"},"sameAs":["https:\/\/www.facebook.com\/VillaggioSanFrancesco\/","https:\/\/www.instagram.com\/villaggiosanfrancesco\/","https:\/\/www.youtube.com\/channel\/UClXJoJulrb1UANfZodeHn-g","https:\/\/www.tiktok.com\/@sanfrancescoresort"]},{"@type":"Person","@id":"https:\/\/www.villaggiosanfrancesco.com\/it\/#\/schema\/person\/87a3d5dae695a69d4e62630a98ca4161","name":"Openrosetta"}]}},"author_meta":{"display_name":"Openrosetta","author_link":"https:\/\/www.villaggiosanfrancesco.com\/it\/news\/author\/openrosetta\/"},"featured_img":"https:\/\/www.villaggiosanfrancesco.com\/wp-content\/uploads\/2025\/07\/Event-image-17-300x225.webp","coauthors":[],"tax_additional":{"categories":{"linked":["<a href=\"https:\/\/www.villaggiosanfrancesco.com\/it\/news\/category\/cultura\/\" class=\"advgb-post-tax-term\">Cultura<\/a>"],"unlinked":["<span class=\"advgb-post-tax-term\">Cultura<\/span>"]}},"comment_count":"0","relative_dates":{"created":"Pubblicato 10 mesi fa","modified":"Aggiornato 10 mesi fa"},"absolute_dates":{"created":"Pubblicato il Luglio 14, 2025","modified":"Aggiornato il Luglio 14, 2025"},"absolute_dates_time":{"created":"Pubblicato il Luglio 14, 2025 4:47 pm","modified":"Aggiornato il Luglio 14, 2025 4:47 pm"},"featured_img_caption":"Image of the event","series_order":"","_links":{"self":[{"href":"https:\/\/www.villaggiosanfrancesco.com\/it\/wp-json\/wp\/v2\/posts\/36390","targetHints":{"allow":["GET"]}}],"collection":[{"href":"https:\/\/www.villaggiosanfrancesco.com\/it\/wp-json\/wp\/v2\/posts"}],"about":[{"href":"https:\/\/www.villaggiosanfrancesco.com\/it\/wp-json\/wp\/v2\/types\/post"}],"author":[{"embeddable":true,"href":"https:\/\/www.villaggiosanfrancesco.com\/it\/wp-json\/wp\/v2\/users\/36"}],"replies":[{"embeddable":true,"href":"https:\/\/www.villaggiosanfrancesco.com\/it\/wp-json\/wp\/v2\/comments?post=36390"}],"version-history":[{"count":0,"href":"https:\/\/www.villaggiosanfrancesco.com\/it\/wp-json\/wp\/v2\/posts\/36390\/revisions"}],"wp:featuredmedia":[{"embeddable":true,"href":"https:\/\/www.villaggiosanfrancesco.com\/it\/wp-json\/wp\/v2\/media\/36385"}],"wp:attachment":[{"href":"https:\/\/www.villaggiosanfrancesco.com\/it\/wp-json\/wp\/v2\/media?parent=36390"}],"wp:term":[{"taxonomy":"category","embeddable":true,"href":"https:\/\/www.villaggiosanfrancesco.com\/it\/wp-json\/wp\/v2\/categories?post=36390"},{"taxonomy":"post_tag","embeddable":true,"href":"https:\/\/www.villaggiosanfrancesco.com\/it\/wp-json\/wp\/v2\/tags?post=36390"}],"curies":[{"name":"wp","href":"https:\/\/api.w.org\/{rel}","templated":true}]}}