{"id":25944,"date":"2024-04-22T17:05:41","date_gmt":"2024-04-22T15:05:41","guid":{"rendered":"https:\/\/www.villaggiosanfrancesco.com\/?p=25944"},"modified":"2024-05-06T15:10:30","modified_gmt":"2024-05-06T13:10:30","slug":"eurovelo-8","status":"publish","type":"post","link":"https:\/\/www.villaggiosanfrancesco.com\/it\/news\/novita\/eurovelo-8\/","title":{"rendered":"EUROVELO 8"},"content":{"rendered":"\n<h2 class=\"wp-block-heading has-text-align-center\">La rotta del mediterraneo<\/h2>\n\n\n\n<h3 class=\"wp-block-heading has-text-align-center\">Un Viaggio in bicicletta alla scoperta di paesi e tradizioni<\/h3>\n\n\n<div  class=\"grids-section grids-is-advanced\" style=\"--_gs-gap-desktop:0px 0px;--_gs-m-desktop:50px 0 0 0;--_gs-p-desktop:0 0 0 0;--_gs-bg-desktop:transparent none;--_gs-bg-xp-desktop:0px;--_gs-zi-desktop:auto;--_gs-d-desktop:block;--_gs-mw-desktop:calc(100% - 0 - 0);--_gs-gap-tablet:0px 0px;--_gs-m-tablet:50px 0 0 0;--_gs-p-tablet:0 0 0 0;--_gs-bg-tablet:transparent none;--_gs-bg-xp-tablet:0px;--_gs-zi-tablet:auto;--_gs-d-tablet:block;--_gs-mw-tablet:calc(100% - 0 - 0);--_gs-gap-mobile:0px 0px;--_gs-m-mobile:50px 0 0 0;--_gs-p-mobile:0 0 0 0;--_gs-bg-mobile:transparent none;--_gs-bg-xp-mobile:0px;--_gs-zi-mobile:auto;--_gs-d-mobile:block;--_gs-mw-mobile:calc(100% - 0 - 0);--_gs-columns:12;--_gs-rows:6\"><div class=\"grids-s-w_i\">\n<div class=\"grids-area\" style=\"--_ga-column:4\/10;--_ga-row:1\/2;--_ga-m-desktop:0 0 0 0;--_ga-p-desktop:0 0 0 0;--_ga-bg-desktop:transparent none;--_ga-zi-desktop:auto;--_ga-d-desktop:flex;--_ga-mw-desktop:calc(100% - 0 - 0);--_ga-m-tablet:0 0 0 0;--_ga-p-tablet:0 0 0 0;--_ga-bg-tablet:transparent none;--_ga-zi-tablet:auto;--_ga-d-tablet:flex;--_ga-mw-tablet:calc(100% - 0 - 0);--_ga-m-mobile:0 0 0 0;--_ga-p-mobile:0 0 0 0;--_ga-bg-mobile:transparent none;--_ga-zi-mobile:auto;--_ga-d-mobile:flex;--_ga-mw-mobile:calc(100% - 0 - 0)\">\n\n<h3 class=\"wp-block-heading\"><strong>Cicloturismo: un trend in crescita<\/strong><\/h3>\n\n\n\n<p>Riflettendo sull\u2019esperienza del viaggio, Ernest Hemingway diceva che \u201c\u00c8 andando in bicicletta che si imparano meglio i contorni di un Paese\u201d, per sottolineare come essa consenta di vivere i luoghi in modo pi\u00f9 vero e profondo. Negli ultimi anni, il consiglio del celebre autore statunitense sembra esser stato recepito da tantissime persone che hanno scelto le due ruote come mezzo per viaggiare ed esplorare. In particolare, a partire dal 2022<strong> il Cicloturismo ha registrato un&#8217;impennata di successo<\/strong> senza precedenti sia a livello italiano che europeo. Guidato dalla crescente <strong>consapevolezza sull&#8217;importanza del benessere fisico e mentale<\/strong>, oltre che dalla <strong>ricerca di esperienze nuove ed autentiche<\/strong>, sempre pi\u00f9 persone si affidano alla bicicletta per vivere paesaggi mozzafiato, citt\u00e0 storiche e itinerari panoramici.&nbsp;<br>Anche l\u2019attuale crisi climatica e la <strong>maggiore attenzione verso la sostenibilit\u00e0<\/strong> ambientale hanno contribuito alla crescita del cicloturismo, spingendo molte persone e citt\u00e0 ad adottare politiche di mobilit\u00e0 sostenibile, con l\u2019obiettivo di ridurre le emissioni di gas serra e migliorare la qualit\u00e0 dell\u2019aria. In questo contesto, <strong>la bicicletta si \u00e8 affermata come uno dei mezzi di trasporto pi\u00f9 sostenibili<\/strong> e a basso impatto ambientale, offrendo numerosi vantaggi rispetto ad altri mezzi di trasporto.<\/p>\n\n<\/div>\n\n<div class=\"grids-area\" style=\"--_ga-column:4\/10;--_ga-row:2\/3;--_ga-m-desktop:0 0 0 0;--_ga-p-desktop:0 0 0 0;--_ga-bg-desktop:transparent none;--_ga-zi-desktop:auto;--_ga-d-desktop:flex;--_ga-mw-desktop:calc(100% - 0 - 0);--_ga-m-tablet:0 0 0 0;--_ga-p-tablet:0 0 0 0;--_ga-bg-tablet:transparent none;--_ga-zi-tablet:auto;--_ga-d-tablet:flex;--_ga-mw-tablet:calc(100% - 0 - 0);--_ga-m-mobile:0 0 0 0;--_ga-p-mobile:0 0 0 0;--_ga-bg-mobile:transparent none;--_ga-zi-mobile:auto;--_ga-d-mobile:flex;--_ga-mw-mobile:calc(100% - 0 - 0)\">\n\n<figure class=\"wp-block-image size-large\"><img style=\"background-color: #b3a186;\" decoding=\"async\" width=\"1024\" height=\"684\" src=\"https:\/\/www.villaggiosanfrancesco.com\/wp-content\/uploads\/2024\/04\/Cicloturismo-2-1024x684.jpg\" alt=\"\" class=\"wp-image-25934\" srcset=\"https:\/\/www.villaggiosanfrancesco.com\/wp-content\/uploads\/2024\/04\/Cicloturismo-2-1024x684.jpg 1024w, https:\/\/www.villaggiosanfrancesco.com\/wp-content\/uploads\/2024\/04\/Cicloturismo-2-300x200.jpg 300w, https:\/\/www.villaggiosanfrancesco.com\/wp-content\/uploads\/2024\/04\/Cicloturismo-2-768x513.jpg 768w, https:\/\/www.villaggiosanfrancesco.com\/wp-content\/uploads\/2024\/04\/Cicloturismo-2.jpg 1200w\" sizes=\"(max-width: 1024px) 100vw, 1024px\" \/><\/figure>\n\n<\/div>\n\n<div class=\"grids-area\" style=\"--_ga-column:4\/10;--_ga-row:3\/4;--_ga-m-desktop:0 0 0 0;--_ga-p-desktop:0 0 0 0;--_ga-bg-desktop:transparent none;--_ga-zi-desktop:auto;--_ga-d-desktop:flex;--_ga-mw-desktop:calc(100% - 0 - 0);--_ga-m-tablet:0 0 0 0;--_ga-p-tablet:0 0 0 0;--_ga-bg-tablet:transparent none;--_ga-zi-tablet:auto;--_ga-d-tablet:flex;--_ga-mw-tablet:calc(100% - 0 - 0);--_ga-m-mobile:0 0 0 0;--_ga-p-mobile:0 0 0 0;--_ga-bg-mobile:transparent none;--_ga-zi-mobile:auto;--_ga-d-mobile:flex;--_ga-mw-mobile:calc(100% - 0 - 0)\">\n\n<h3 class=\"wp-block-heading\">Alla scoperta di Eurovelo 8<\/h3>\n\n\n\n<p>Non solo le persone, ma anche le citt\u00e0 ed i paesi hanno iniziato ad adottare politiche di mobilit\u00e0 sostenibile, con l\u2019obiettivo di ridurre le emissioni di gas serra, migliorare la qualit\u00e0 dell\u2019aria e promuovere un turismo meno impattante a livello ambientale. Da diverso tempo l\u2019<strong>Unione europea sta lavorando per aumentare i livelli di mobilit\u00e0 ciclistica<\/strong>, promuovendo l\u2019utilizzo della bicicletta per spostarsi anche in vacanza. Oggi parleremo di <strong>EuroVelo, la rete europea di ciclovie di lunga percorrenza<\/strong>, un progetto avviato gi\u00e0 nel 1995 dalla European Cyclists\u2019 Federation (ECF) e che una volta completato raggiunger\u00e0 circa <strong>90.000 chilometri di vie ciclabili<\/strong>. Ad oggi vede in corso di sviluppo ben <strong>17 percorsi<\/strong> che connettono ogni parte del continente, coordinati e gestiti a livello europeo.&nbsp;<\/p>\n\n\n\n<p>Tra questi, uno tra i pi\u00f9 interessanti \u00e8 sicuramente <strong>Eurovelo 8, il percorso dedicato all\u2019esplorazione dell\u2019area settentrionale del mediterraneo<\/strong>. Partendo dallo stretto di Gibilterra infatti si attraversano Spagna, Francia, Italia, Slovenia, Croazia, Montenegro, Albania e Grecia per arrivare infine a Cipro.<br>Uno degli scorci pi\u00f9 affascinanti di questa meravigliosa tratta ciclabile si estende <strong>da Venezia<\/strong>, magico capoluogo della regione del Veneto, fino <strong>a Fazana<\/strong>, un pittoresco villaggio croato vicinissimo alla cittadina di Pola che incanta i visitatori grazie al suo autentico fascino mediterraneo. Un percorso che attraversa mare dalle acque scintillanti, chilometri di sabbia dorata, isole misteriose, cibo eccezionale e antiche citt\u00e0!<\/p>\n\n\n\n<figure class=\"wp-block-image size-large\"><img style=\"background-color: #9eb2c0;\" decoding=\"async\" width=\"1024\" height=\"683\" src=\"https:\/\/www.villaggiosanfrancesco.com\/wp-content\/uploads\/2024\/04\/Cicloturismo-3-1024x683.jpg\" alt=\"\" class=\"wp-image-25929\" srcset=\"https:\/\/www.villaggiosanfrancesco.com\/wp-content\/uploads\/2024\/04\/Cicloturismo-3-1024x683.jpg 1024w, https:\/\/www.villaggiosanfrancesco.com\/wp-content\/uploads\/2024\/04\/Cicloturismo-3-300x200.jpg 300w, https:\/\/www.villaggiosanfrancesco.com\/wp-content\/uploads\/2024\/04\/Cicloturismo-3-768x512.jpg 768w, https:\/\/www.villaggiosanfrancesco.com\/wp-content\/uploads\/2024\/04\/Cicloturismo-3.jpg 1200w\" sizes=\"(max-width: 1024px) 100vw, 1024px\" \/><\/figure>\n\n<\/div>\n<\/div><\/div>\n\n<div  class=\"grids-section grids-is-advanced alignfull\" style=\"--_gs-gap-desktop:0px 0px;--_gs-m-desktop:0 0 0 0;--_gs-p-desktop:0 0 0 0;--_gs-bg-desktop:#00a8bb none;--_gs-bg-xp-desktop:0px;--_gs-zi-desktop:auto;--_gs-d-desktop:block;--_gs-mw-desktop:calc(100% - 0 - 0);--_gs-gap-tablet:0px 0px;--_gs-m-tablet:0 0 0 0;--_gs-p-tablet:0 0 0 0;--_gs-bg-tablet:#00a8bb none;--_gs-bg-xp-tablet:0px;--_gs-zi-tablet:auto;--_gs-d-tablet:block;--_gs-mw-tablet:calc(100% - 0 - 0);--_gs-gap-mobile:0px 0px;--_gs-m-mobile:0 0 0 0;--_gs-p-mobile:0 0 0 0;--_gs-bg-mobile:#00a8bb none;--_gs-bg-xp-mobile:0px;--_gs-zi-mobile:auto;--_gs-d-mobile:block;--_gs-mw-mobile:calc(100% - 0 - 0);--_gs-columns:12;--_gs-rows:6\"><div class=\"grids-s-w_i\">\n<div class=\"grids-area\" style=\"--_ga-column:2\/4;--_ga-row:1\/2;--_ga-va:center;--_ga-m-desktop:0 0 0 0;--_ga-p-desktop:30px 30px 30px 30px;--_ga-bg-desktop:transparent none;--_ga-zi-desktop:auto;--_ga-d-desktop:flex;--_ga-mw-desktop:calc(100% - 0 - 0);--_ga-m-tablet:0 0 0 0;--_ga-p-tablet:30px 30px 30px 30px;--_ga-bg-tablet:transparent none;--_ga-zi-tablet:auto;--_ga-d-tablet:flex;--_ga-mw-tablet:calc(100% - 0 - 0);--_ga-m-mobile:0 0 0 0;--_ga-p-mobile:30px 30px 30px 30px;--_ga-bg-mobile:transparent none;--_ga-zi-mobile:auto;--_ga-d-mobile:flex;--_ga-mw-mobile:calc(100% - 0 - 0)\">\n\n<h2 class=\"wp-block-heading\">Da Venezia a Pola in bicicletta<\/h2>\n\n<\/div>\n\n<div class=\"grids-area\" style=\"--_ga-column:4\/12;--_ga-row:1\/2;--_ga-va:center;--_ga-m-desktop:0 0 0 0;--_ga-p-desktop:30px 30px 30px 30px;--_ga-bg-desktop:transparent none;--_ga-zi-desktop:auto;--_ga-d-desktop:flex;--_ga-mw-desktop:calc(100% - 0 - 0);--_ga-m-tablet:0 0 0 0;--_ga-p-tablet:30px 30px 30px 30px;--_ga-bg-tablet:transparent none;--_ga-zi-tablet:auto;--_ga-d-tablet:flex;--_ga-mw-tablet:calc(100% - 0 - 0);--_ga-m-mobile:0 0 0 0;--_ga-p-mobile:30px 30px 30px 30px;--_ga-bg-mobile:transparent none;--_ga-zi-mobile:auto;--_ga-d-mobile:flex;--_ga-mw-mobile:calc(100% - 0 - 0)\">\n<div class=\"wp-block-image\">\n<figure class=\"alignleft size-full\"><img style=\"background-color: #7ab0b2;\" decoding=\"async\" width=\"1000\" height=\"667\" src=\"https:\/\/www.villaggiosanfrancesco.com\/wp-content\/uploads\/2024\/04\/Venezia.jpg\" alt=\"\" class=\"wp-image-25924\" srcset=\"https:\/\/www.villaggiosanfrancesco.com\/wp-content\/uploads\/2024\/04\/Venezia.jpg 1000w, https:\/\/www.villaggiosanfrancesco.com\/wp-content\/uploads\/2024\/04\/Venezia-300x200.jpg 300w, https:\/\/www.villaggiosanfrancesco.com\/wp-content\/uploads\/2024\/04\/Venezia-768x512.jpg 768w\" sizes=\"(max-width: 1000px) 100vw, 1000px\" \/><\/figure><\/div>\n\n\n\n\n\n\n\n\n\n\n\n\n\n\n<p><strong>Partiamo da Venezia<\/strong>, la citt\u00e0 sulle acque che incanta e affascina con la sua<strong> bellezza senza tempo<\/strong> e la sua <strong>atmosfera unica al mondo<\/strong>. Perdersi tra le sue calli ed i suoi canali \u00e8 come viaggiare indietro nel tempo, tra palazzi maestosi, chiese monumentali e caratteristici ponti che si riflettono sull\u2019acqua a testimoniare la grandezza passata del capoluogo veneto. A pochi chilometri dalla serenissima si trova <strong>Caorle<\/strong>, soprannominata proprio \u201cla piccola Venezia\u201d: una <strong>gemma del litorale veneto, celebre per le sue spiagge dorate, i canali pittoreschi e l&#8217;atmosfera di pace<\/strong>. Le strette stradine acciottolate del borgo antico raccontano storie di pescatori e tradizioni secolari, i colori sgargianti delle case affacciate sul mare creano un quadro indimenticabile, mentre il profumo proveniente dai ristoranti locali invoglia a gustare le prelibatezze della cucina marinara veneta. A Caorle avrete l\u2019imbarazzo della scelta, poich\u00e8 essa \u00e8 il luogo perfetto per ciclisti grandi e piccoli! Non vi rester\u00e0 che decidere se pedalare lungo gli itinerari che conducono alla scoperta della Laguna circostante, se costeggiare il mare, oppure seguire i tanti percorsi cicloturistici dell\u2019entroterra.<\/p>\n\n<\/div>\n<\/div><\/div>\n\n<div  class=\"grids-section grids-is-advanced\" style=\"--_gs-gap-desktop:0px 0px;--_gs-m-desktop:50px 0 0 0;--_gs-p-desktop:0 0 0 0;--_gs-bg-desktop:transparent none;--_gs-bg-xp-desktop:0px;--_gs-zi-desktop:auto;--_gs-d-desktop:block;--_gs-mw-desktop:calc(100% - 0 - 0);--_gs-gap-tablet:0px 0px;--_gs-m-tablet:50px 0 0 0;--_gs-p-tablet:0 0 0 0;--_gs-bg-tablet:transparent none;--_gs-bg-xp-tablet:0px;--_gs-zi-tablet:auto;--_gs-d-tablet:block;--_gs-mw-tablet:calc(100% - 0 - 0);--_gs-gap-mobile:0px 0px;--_gs-m-mobile:50px 0 0 0;--_gs-p-mobile:0 0 0 0;--_gs-bg-mobile:transparent none;--_gs-bg-xp-mobile:0px;--_gs-zi-mobile:auto;--_gs-d-mobile:block;--_gs-mw-mobile:calc(100% - 0 - 0);--_gs-columns:12;--_gs-rows:6\"><div class=\"grids-s-w_i\">\n<div class=\"grids-area\" style=\"--_ga-column:4\/10;--_ga-row:2\/3;--_ga-m-desktop:0 0 0 0;--_ga-p-desktop:0 0 0 0;--_ga-bg-desktop:transparent none;--_ga-zi-desktop:auto;--_ga-d-desktop:flex;--_ga-mw-desktop:calc(100% - 0 - 0);--_ga-m-tablet:0 0 0 0;--_ga-p-tablet:0 0 0 0;--_ga-bg-tablet:transparent none;--_ga-zi-tablet:auto;--_ga-d-tablet:flex;--_ga-mw-tablet:calc(100% - 0 - 0);--_ga-m-mobile:0 0 0 0;--_ga-p-mobile:0 0 0 0;--_ga-bg-mobile:transparent none;--_ga-zi-mobile:auto;--_ga-d-mobile:flex;--_ga-mw-mobile:calc(100% - 0 - 0)\">\n\n<p>Spostandosi <strong>dal Veneto al Friuli<\/strong>, pedalando lungo la costa, si giunge a <strong>Grado, una caratteristica cittadina dell\u2019adriatico affacciata ad una laguna<\/strong> che rivela il suo vero tesoro: un ecosistema unico al mondo, ricco di biodiversit\u00e0 e bellezze naturali protette. Allontanarsi da un panorama simile risulta difficile, ma vale la pena rimettersi in sella e pedalare verso l\u2019entroterra per visitare la poco distante citt\u00e0 di<strong> Aquileia, sito UNESCO dal 1998<\/strong> che conserva un patrimonio ricchissimo come testimonianza tangibile di un luogo che costitu\u00ec una delle pi\u00f9 ricche capitali dell\u2019Impero Romano.<\/p>\n\n\n\n<figure class=\"wp-block-image size-large\"><img style=\"background-color: #989a97;\" decoding=\"async\" width=\"1024\" height=\"680\" src=\"https:\/\/www.villaggiosanfrancesco.com\/wp-content\/uploads\/2024\/04\/Miramare-1024x680.jpg\" alt=\"\" class=\"wp-image-25919\" srcset=\"https:\/\/www.villaggiosanfrancesco.com\/wp-content\/uploads\/2024\/04\/Miramare-1024x680.jpg 1024w, https:\/\/www.villaggiosanfrancesco.com\/wp-content\/uploads\/2024\/04\/Miramare-300x199.jpg 300w, https:\/\/www.villaggiosanfrancesco.com\/wp-content\/uploads\/2024\/04\/Miramare-768x510.jpg 768w, https:\/\/www.villaggiosanfrancesco.com\/wp-content\/uploads\/2024\/04\/Miramare.jpg 1200w\" sizes=\"(max-width: 1024px) 100vw, 1024px\" \/><\/figure>\n\n\n\n<p>Proseguendo il viaggio verso est sar\u00e0 impossibile non innamorarsi di <strong>Trieste, vero e proprio gioiello del Nord-Est italiano<\/strong>, un luogo che incanta con la sua ricca storia, la sua architettura elegante e la sua posizione suggestiva sullo splendido Golfo. Situata al crocevia di culture e tradizioni, questa citt\u00e0 cosmopolita offre un&#8217;esperienza unica che mescola l&#8217;eleganza mitteleuropea con la vivacit\u00e0 del Mediterraneo. D\u2019obbligo la visita al Castello di Miramare, storico edificio situato su una scogliera panoramica a pochi chilometri dal centro citt\u00e0 che&nbsp;rappresenta l&#8217;icona della citt\u00e0 nonch\u00e9 una testimonianza del suo passato aristocratico. La citt\u00e0 inoltre offre tantissimi percorsi da seguire in bici che permettono di scoprire questa incantevole parte del Friuli-Venezia Giulia, adagiata tra il blu del Mare Adriatico e il verde dei boschi del Carso.<br><\/p>\n\n\n\n<p>Una volta tornati in sella, poco <strong>dopo aver oltrepassato il confine con la Slovenia si attraverser\u00e0 Capodistria<\/strong>, una delle citt\u00e0 pi\u00f9 antiche del paese, fondata nell&#8217;antichit\u00e0 come importante centro commerciale e portuale. Vanta un <strong>patrimonio culturale eccezionale<\/strong> che si riflette nei suoi <strong>palazzi imponenti, nelle sue chiese antiche e nelle sue piazze pittoresche e piene di vita<\/strong>. A pochi minuti di bici si trova <strong>Portorose, citt\u00e0 celebre per le sue terme<\/strong> in cui sar\u00e0 possibile rigenerarsi prima di proseguire il viaggio. Sebbene sia famosa come localit\u00e0 per il relax ed il benessere, Portorose \u00e8 anche una destinazione in cui ricercare cultura e divertimento grazie alla vivace scena artistica, ai numerosi eventi culturali e ad una variegata offerta per l\u2019intrattenimento. Inoltre, i suoi ristoranti di classe, i suoi bar alla moda e i suoi casin\u00f2 eleganti aggiungono un tocco di glamour alla sua atmosfera in grado di attrarre anche gli amanti della movida notturna.&nbsp;<\/p>\n\n\n\n<figure class=\"wp-block-image size-large\"><img style=\"background-color: #7e736c;\" decoding=\"async\" width=\"1024\" height=\"683\" src=\"https:\/\/www.villaggiosanfrancesco.com\/wp-content\/uploads\/2024\/04\/Pola-1024x683.jpg\" alt=\"\" class=\"wp-image-25914\" srcset=\"https:\/\/www.villaggiosanfrancesco.com\/wp-content\/uploads\/2024\/04\/Pola-1024x683.jpg 1024w, https:\/\/www.villaggiosanfrancesco.com\/wp-content\/uploads\/2024\/04\/Pola-300x200.jpg 300w, https:\/\/www.villaggiosanfrancesco.com\/wp-content\/uploads\/2024\/04\/Pola-768x512.jpg 768w, https:\/\/www.villaggiosanfrancesco.com\/wp-content\/uploads\/2024\/04\/Pola.jpg 1200w\" sizes=\"(max-width: 1024px) 100vw, 1024px\" \/><\/figure>\n\n\n\n<p>Subito dopo essere <strong>entrati in Croazia<\/strong> ad aspettarci <strong>ci sono Rovigno e Parenzo<\/strong>, due localit\u00e0 splendide dell\u2019Istria <strong>rinomate non solo per la tradizione marinara<\/strong> che caratterizza le citt\u00e0 portuali <strong>ma anche per le splendide spiagge, il mare pulito e le numerose opportunit\u00e0 per praticare sport acquatici e tantissime altre attivit\u00e0<\/strong> all&#8217;aria aperta.&nbsp;<br>La <strong>tappa finale<\/strong> del nostro tour su due ruote \u00e8 la poco distante <strong>citt\u00e0 di Pola<\/strong>, situata sulla punta meridionale della penisola istriana e <strong>celebre per il suo straordinario patrimonio romano, il suo mare cristallino e la sua vivace atmosfera<\/strong>. Il simbolo pi\u00f9 emblematico di Pola \u00e8 senza dubbio l\u2019Arena, uno dei pi\u00f9 grandi anfiteatri romani ancora conservati al mondo. Questo magnifico edificio, costruito nel I secolo d.C., domina il centro storico della citt\u00e0 e ospita numerosi eventi culturali e spettacoli durante tutto l&#8217;anno. <\/p>\n\n\n\n<p>Pola per\u00f2 non \u00e8 solo storia antica; \u00e8 anche una moderna citt\u00e0 costiera, circondata da splendide spiagge sia sabbiose che rocciose, baie segrete e acque cristalline che invitano al relax e al divertimento. Il suo centro storico \u00e8 vivacissimo e offre ai turisti tantissimi mercatini, ristoranti in cui degustare le specialit\u00e0 croate, bar alla moda e locali per gli amanti della vita notturna e della musica. Eurovelo 8 \u00e8 un&#8217;esperienza che permette di immergersi nella <strong>bellezza naturale e culturale <\/strong>che caratterizza il bacino mediterraneo, attraversando <strong>paesi, paesaggi e tradizioni<\/strong>.<br>Rappresenta inoltre un\u2019occasione per sperimentare il \u201c<strong>turismo lento<\/strong>\u201d in bicicletta, un mezzo grazie al quale riconnettersi con la natura ed il paesaggio, magari fuori dalle solite rotte, per vivere un\u2019esperienza diversa dal solito.<br><strong>Luoghi straordinari vi attendono, siete pronti a partire?&nbsp;<\/strong><\/p>\n\n<\/div>\n\n<div class=\"grids-area\" style=\"--_ga-column:2\/12;--_ga-row:1\/2;--_ga-m-desktop:0 0 0 0;--_ga-p-desktop:0 0 0 0;--_ga-bg-desktop:transparent none;--_ga-zi-desktop:auto;--_ga-d-desktop:flex;--_ga-mw-desktop:calc(100% - 0 - 0);--_ga-m-tablet:0 0 0 0;--_ga-p-tablet:0 0 0 0;--_ga-bg-tablet:transparent none;--_ga-zi-tablet:auto;--_ga-d-tablet:flex;--_ga-mw-tablet:calc(100% - 0 - 0);--_ga-m-mobile:0 0 0 0;--_ga-p-mobile:0 0 0 0;--_ga-bg-mobile:transparent none;--_ga-zi-mobile:auto;--_ga-d-mobile:flex;--_ga-mw-mobile:calc(100% - 0 - 0)\"><\/div>\n<\/div><\/div>\n\n<div  class=\"grids-section grids-is-advanced alignfull\" style=\"--_gs-gap-desktop:0px 0px;--_gs-m-desktop:20px 0 20px 0;--_gs-p-desktop:0 0 0 0;--_gs-bg-desktop:#99d9df none;--_gs-bg-xp-desktop:0px;--_gs-zi-desktop:auto;--_gs-d-desktop:block;--_gs-mw-desktop:calc(100% - 0 - 0);--_gs-gap-tablet:0px 0px;--_gs-m-tablet:20px 0 20px 0;--_gs-p-tablet:0 0 0 0;--_gs-bg-tablet:#99d9df none;--_gs-bg-xp-tablet:0px;--_gs-zi-tablet:auto;--_gs-d-tablet:block;--_gs-mw-tablet:calc(100% - 0 - 0);--_gs-gap-mobile:0px 0px;--_gs-m-mobile:20px 0 20px 0;--_gs-p-mobile:0 0 0 0;--_gs-bg-mobile:#99d9df none;--_gs-bg-xp-mobile:0px;--_gs-zi-mobile:auto;--_gs-d-mobile:block;--_gs-mw-mobile:calc(100% - 0 - 0);--_gs-columns:12;--_gs-rows:6\"><div class=\"grids-s-w_i\">\n<div class=\"grids-area\" style=\"--_ga-column:4\/10;--_ga-row:1\/2;--_ga-m-desktop:0 0 0 0;--_ga-p-desktop:0 0 0 0;--_ga-bg-desktop:transparent none;--_ga-zi-desktop:auto;--_ga-d-desktop:flex;--_ga-mw-desktop:calc(100% - 0 - 0);--_ga-m-tablet:0 0 0 0;--_ga-p-tablet:0 0 0 0;--_ga-bg-tablet:transparent none;--_ga-zi-tablet:auto;--_ga-d-tablet:flex;--_ga-mw-tablet:calc(100% - 0 - 0);--_ga-m-mobile:0 0 0 0;--_ga-p-mobile:0 0 0 0;--_ga-bg-mobile:transparent none;--_ga-zi-mobile:auto;--_ga-d-mobile:flex;--_ga-mw-mobile:calc(100% - 0 - 0)\">\n\n<div style=\"height:30px\" aria-hidden=\"true\" class=\"wp-block-spacer\"><\/div>\n\n\n\n<p>Il cicloturismo \u00e8 un\u2019opportunit\u00e0 di godersi appieno il proprio viaggio: significa entrare in contatto diretto con il territorio, notare i particolari, riscoprire il piacere di viaggiare lentamente ed in modo sostenibile. Se una vacanza in sella alla bicicletta ti incuriosisce, i villaggi turistici di BiHoliday sono la destinazione ideale. Eurovelo8 &#8211; la rotta del Mediterraneo &#8211; collega infatti il Villaggio San Francesco di Caorle ed il BiVillage di Fazana, due resort dotati di tutti i comfort e tutti i servizi per la tua vacanza slow!&nbsp;<\/p>\n\n\n\n<p>Il Villaggio San Francesco sorge sulle rive di Caorle, la citt\u00e0 soprannominata \u201cla piccola Venezia\u201d e situata a due passi dal capoluogo Veneto, che offre una rete di percorsi ciclabili che permettono di esplorare la bellezza naturale e culturale della zona in modo sostenibile e rilassante. I percorsi si estendono lungo la costa e verso la campagna, offrendo viste panoramiche mozzafiato sul mare Adriatico e sul territorio circostante.<br>Il BiVillage si trova a Fazana, vicino alle meraviglie naturali delle Isole Brioni e alla citt\u00e0 croata di Pola, una localit\u00e0 in grado di offrire viste spettacolari sul mare cristallino e dalla quale partono percorsi ciclabili nell&#8217;entroterra tra uliveti, vigneti e antichi borghi medievali, alla scoperta della storia e della cultura dell&#8217;Istria.<br>Noi non vediamo l\u2019ora di accoglierti, sei pronto a partire?<\/p>\n\n\n\n<div style=\"height:30px\" aria-hidden=\"true\" class=\"wp-block-spacer\"><\/div>\n\n<\/div>\n<\/div><\/div>\n\n<div  class=\"grids-section grids-is-advanced\" style=\"--_gs-gap-desktop:0px 0px;--_gs-m-desktop:50px 0 50px 0;--_gs-p-desktop:0 0 0 0;--_gs-bg-desktop:transparent none;--_gs-bg-xp-desktop:0px;--_gs-zi-desktop:auto;--_gs-d-desktop:block;--_gs-mw-desktop:calc(100% - 0 - 0);--_gs-gap-tablet:0px 0px;--_gs-m-tablet:50px 0 50px 0;--_gs-p-tablet:0 0 0 0;--_gs-bg-tablet:transparent none;--_gs-bg-xp-tablet:0px;--_gs-zi-tablet:auto;--_gs-d-tablet:block;--_gs-mw-tablet:calc(100% - 0 - 0);--_gs-gap-mobile:0px 0px;--_gs-m-mobile:50px 0 50px 0;--_gs-p-mobile:0 0 0 0;--_gs-bg-mobile:transparent none;--_gs-bg-xp-mobile:0px;--_gs-zi-mobile:auto;--_gs-d-mobile:block;--_gs-mw-mobile:calc(100% - 0 - 0);--_gs-columns:12;--_gs-rows:6\"><div class=\"grids-s-w_i\">\n<div class=\"grids-area\" style=\"--_ga-column:3\/6;--_ga-row:3\/7;--_ga-m-desktop:0 0 0 0;--_ga-p-desktop:0 0 0 0;--_ga-bg-desktop:transparent none;--_ga-zi-desktop:auto;--_ga-d-desktop:flex;--_ga-mw-desktop:calc(100% - 0 - 0);--_ga-m-tablet:0 0 0 0;--_ga-p-tablet:0 0 0 0;--_ga-bg-tablet:transparent none;--_ga-zi-tablet:auto;--_ga-d-tablet:flex;--_ga-mw-tablet:calc(100% - 0 - 0);--_ga-m-mobile:0 0 0 0;--_ga-p-mobile:0 0 0 0;--_ga-bg-mobile:transparent none;--_ga-zi-mobile:auto;--_ga-d-mobile:flex;--_ga-mw-mobile:calc(100% - 0 - 0)\">\n\n<figure class=\"wp-block-image size-full is-style-default\"><img style=\"background-color: #686c83;\" decoding=\"async\" width=\"1290\" height=\"1611\" src=\"https:\/\/www.villaggiosanfrancesco.com\/wp-content\/uploads\/2024\/04\/WhatsApp-Image-2024-04-17-at-19.35.16.jpeg\" alt=\"\" class=\"wp-image-25909\" srcset=\"https:\/\/www.villaggiosanfrancesco.com\/wp-content\/uploads\/2024\/04\/WhatsApp-Image-2024-04-17-at-19.35.16.jpeg 1290w, https:\/\/www.villaggiosanfrancesco.com\/wp-content\/uploads\/2024\/04\/WhatsApp-Image-2024-04-17-at-19.35.16-240x300.jpeg 240w, https:\/\/www.villaggiosanfrancesco.com\/wp-content\/uploads\/2024\/04\/WhatsApp-Image-2024-04-17-at-19.35.16-820x1024.jpeg 820w, https:\/\/www.villaggiosanfrancesco.com\/wp-content\/uploads\/2024\/04\/WhatsApp-Image-2024-04-17-at-19.35.16-768x959.jpeg 768w, https:\/\/www.villaggiosanfrancesco.com\/wp-content\/uploads\/2024\/04\/WhatsApp-Image-2024-04-17-at-19.35.16-1230x1536.jpeg 1230w\" sizes=\"(max-width: 1290px) 100vw, 1290px\" \/><\/figure>\n\n<\/div>\n\n<div class=\"grids-area\" style=\"--_ga-column:7\/11;--_ga-row:2\/7;--_ga-m-desktop:0 0 0 0;--_ga-p-desktop:0 0 0 0;--_ga-bg-desktop:transparent none;--_ga-zi-desktop:auto;--_ga-d-desktop:flex;--_ga-mw-desktop:calc(100% - 0 - 0);--_ga-m-tablet:0 0 0 0;--_ga-p-tablet:0 0 0 0;--_ga-bg-tablet:transparent none;--_ga-zi-tablet:auto;--_ga-d-tablet:flex;--_ga-mw-tablet:calc(100% - 0 - 0);--_ga-m-mobile:0 0 0 0;--_ga-p-mobile:0 0 0 0;--_ga-bg-mobile:transparent none;--_ga-zi-mobile:auto;--_ga-d-mobile:flex;--_ga-mw-mobile:calc(100% - 0 - 0)\">\n\n<h3 class=\"wp-block-heading\"><strong>L&#8217;autrice:<\/strong><\/h3>\n\n\n\n<p>Evelyn Lamberto nasce a Bergamo il primo giugno 1991. Curiosa e sempre in movimento, sperimenta pi\u00f9 di uno sport, dalla danza classica fino alla pallavolo. Il colpo di fulmine per\u00f2 arriva nel 2020 con il ciclismo. In sella alla sua prima bici da corsa, scopre l\u2019amore per le due ruote e il ciclismo diventa il mezzo per esprimere, conoscere e misurare se stessa in una successione di sfide personali sempre pi\u00f9 intense. La passione per le salite la porta in vetta alle mete pi\u00f9 ambite tra cui il Passo dello Stelvio ma sono quelle di casa sua, in provincia di Bergamo, a rubarle il cuore.&nbsp;Da una scalata all\u2019altra, ogni pedalata si tinge di emozioni e scoperta di luoghi nuovi e suggestivi, in un viaggio tra le meraviglie del nostro Paese.&nbsp;Evelyn oggi \u00e8 una triatleta ma una cosa \u00e8 certa: la frazione bici sar\u00e0 sempre la sua preferita.<\/p>\n\n<\/div>\n<\/div><\/div>","protected":false},"excerpt":{"rendered":"<p>In questo nuovo articolo andremo ad esplorare l\u2019universo del padel!<\/p>\n","protected":false},"author":1,"featured_media":25939,"comment_status":"closed","ping_status":"open","sticky":false,"template":"","format":"standard","meta":{"_acf_changed":false,"advgb_blocks_editor_width":"","advgb_blocks_columns_visual_guide":"","footnotes":""},"categories":[1],"tags":[],"class_list":["post-25944","post","type-post","status-publish","format-standard","has-post-thumbnail","hentry","category-novita","entry"],"acf":[],"yoast_head":"<!-- This site is optimized with the Yoast SEO plugin v26.0 - https:\/\/yoast.com\/wordpress\/plugins\/seo\/ -->\n<title>EUROVELO 8 - Villaggio San Francesco<\/title>\n<meta name=\"description\" content=\"La rotta mediterranea\" \/>\n<meta name=\"robots\" content=\"index, follow, max-snippet:-1, max-image-preview:large, max-video-preview:-1\" \/>\n<link rel=\"canonical\" href=\"https:\/\/www.biholiday.com\/it\/eurovelo-8\/\" \/>\n<meta property=\"og:locale\" content=\"it_IT\" \/>\n<meta property=\"og:type\" content=\"article\" \/>\n<meta property=\"og:title\" content=\"EUROVELO 8 - Villaggio San Francesco\" \/>\n<meta property=\"og:description\" content=\"La rotta mediterranea\" \/>\n<meta property=\"og:url\" content=\"https:\/\/www.biholiday.com\/it\/eurovelo-8\/\" \/>\n<meta property=\"og:site_name\" content=\"Villaggio San Francesco\" \/>\n<meta property=\"article:publisher\" content=\"https:\/\/www.facebook.com\/VillaggioSanFrancesco\/\" \/>\n<meta property=\"article:published_time\" content=\"2024-04-22T15:05:41+00:00\" \/>\n<meta property=\"article:modified_time\" content=\"2024-05-06T13:10:30+00:00\" \/>\n<meta property=\"og:image\" content=\"https:\/\/www.villaggiosanfrancesco.com\/wp-content\/uploads\/2024\/04\/Cicloturismo-1.jpg\" \/>\n\t<meta property=\"og:image:width\" content=\"1500\" \/>\n\t<meta property=\"og:image:height\" content=\"1000\" \/>\n\t<meta property=\"og:image:type\" content=\"image\/jpeg\" \/>\n<meta name=\"author\" content=\"admin\" \/>\n<meta name=\"twitter:card\" content=\"summary_large_image\" \/>\n<meta name=\"twitter:label1\" content=\"Scritto da\" \/>\n\t<meta name=\"twitter:data1\" content=\"admin\" \/>\n\t<meta name=\"twitter:label2\" content=\"Tempo di lettura stimato\" \/>\n\t<meta name=\"twitter:data2\" content=\"11 minuti\" \/>\n<script type=\"application\/ld+json\" class=\"yoast-schema-graph\">{\"@context\":\"https:\/\/schema.org\",\"@graph\":[{\"@type\":\"Article\",\"@id\":\"https:\/\/www.biholiday.com\/it\/eurovelo-8\/#article\",\"isPartOf\":{\"@id\":\"https:\/\/www.villaggiosanfrancesco.com\/it\/news\/novita\/eurovelo-8\/\"},\"author\":{\"name\":\"admin\",\"@id\":\"https:\/\/www.villaggiosanfrancesco.com\/it\/#\/schema\/person\/843a17529217e331813a8c3ca5e32d59\"},\"headline\":\"EUROVELO 8\",\"datePublished\":\"2024-04-22T15:05:41+00:00\",\"dateModified\":\"2024-05-06T13:10:30+00:00\",\"mainEntityOfPage\":{\"@id\":\"https:\/\/www.villaggiosanfrancesco.com\/it\/news\/novita\/eurovelo-8\/\"},\"wordCount\":1648,\"publisher\":{\"@id\":\"https:\/\/www.villaggiosanfrancesco.com\/it\/#organization\"},\"image\":{\"@id\":\"https:\/\/www.biholiday.com\/it\/eurovelo-8\/#primaryimage\"},\"thumbnailUrl\":\"https:\/\/www.villaggiosanfrancesco.com\/wp-content\/uploads\/2024\/04\/Cicloturismo-1.jpg\",\"articleSection\":[\"Novit\u00e0\"],\"inLanguage\":\"it-IT\"},{\"@type\":\"WebPage\",\"@id\":\"https:\/\/www.villaggiosanfrancesco.com\/it\/news\/novita\/eurovelo-8\/\",\"url\":\"https:\/\/www.biholiday.com\/it\/eurovelo-8\/\",\"name\":\"EUROVELO 8 - Villaggio San Francesco\",\"isPartOf\":{\"@id\":\"https:\/\/www.villaggiosanfrancesco.com\/it\/#website\"},\"primaryImageOfPage\":{\"@id\":\"https:\/\/www.biholiday.com\/it\/eurovelo-8\/#primaryimage\"},\"image\":{\"@id\":\"https:\/\/www.biholiday.com\/it\/eurovelo-8\/#primaryimage\"},\"thumbnailUrl\":\"https:\/\/www.villaggiosanfrancesco.com\/wp-content\/uploads\/2024\/04\/Cicloturismo-1.jpg\",\"datePublished\":\"2024-04-22T15:05:41+00:00\",\"dateModified\":\"2024-05-06T13:10:30+00:00\",\"description\":\"La rotta mediterranea\",\"breadcrumb\":{\"@id\":\"https:\/\/www.biholiday.com\/it\/eurovelo-8\/#breadcrumb\"},\"inLanguage\":\"it-IT\",\"potentialAction\":[{\"@type\":\"ReadAction\",\"target\":[\"https:\/\/www.biholiday.com\/it\/eurovelo-8\/\"]}]},{\"@type\":\"ImageObject\",\"inLanguage\":\"it-IT\",\"@id\":\"https:\/\/www.biholiday.com\/it\/eurovelo-8\/#primaryimage\",\"url\":\"https:\/\/www.villaggiosanfrancesco.com\/wp-content\/uploads\/2024\/04\/Cicloturismo-1.jpg\",\"contentUrl\":\"https:\/\/www.villaggiosanfrancesco.com\/wp-content\/uploads\/2024\/04\/Cicloturismo-1.jpg\",\"width\":1500,\"height\":1000},{\"@type\":\"BreadcrumbList\",\"@id\":\"https:\/\/www.biholiday.com\/it\/eurovelo-8\/#breadcrumb\",\"itemListElement\":[{\"@type\":\"ListItem\",\"position\":1,\"name\":\"Home\",\"item\":\"https:\/\/www.villaggiosanfrancesco.com\/it\/\"},{\"@type\":\"ListItem\",\"position\":2,\"name\":\"Novit\u00e0\",\"item\":\"https:\/\/www.villaggiosanfrancesco.com\/it\/news\/category\/novita\/\"},{\"@type\":\"ListItem\",\"position\":3,\"name\":\"EUROVELO 8\"}]},{\"@type\":\"WebSite\",\"@id\":\"https:\/\/www.villaggiosanfrancesco.com\/it\/#website\",\"url\":\"https:\/\/www.villaggiosanfrancesco.com\/it\/\",\"name\":\"Villaggio San Francesco\",\"description\":\"Caorle, VENEZIA\",\"publisher\":{\"@id\":\"https:\/\/www.villaggiosanfrancesco.com\/it\/#organization\"},\"potentialAction\":[{\"@type\":\"SearchAction\",\"target\":{\"@type\":\"EntryPoint\",\"urlTemplate\":\"https:\/\/www.villaggiosanfrancesco.com\/it\/?s={search_term_string}\"},\"query-input\":{\"@type\":\"PropertyValueSpecification\",\"valueRequired\":true,\"valueName\":\"search_term_string\"}}],\"inLanguage\":\"it-IT\"},{\"@type\":\"Organization\",\"@id\":\"https:\/\/www.villaggiosanfrancesco.com\/it\/#organization\",\"name\":\"Villaggio San Francesco\",\"url\":\"https:\/\/www.villaggiosanfrancesco.com\/it\/\",\"logo\":{\"@type\":\"ImageObject\",\"inLanguage\":\"it-IT\",\"@id\":\"https:\/\/www.villaggiosanfrancesco.com\/it\/#\/schema\/logo\/image\/\",\"url\":\"https:\/\/www.villaggiosanfrancesco.com\/wp-content\/uploads\/2023\/03\/Logo-Villaggio-San-Francesco-Caorle-1.png\",\"contentUrl\":\"https:\/\/www.villaggiosanfrancesco.com\/wp-content\/uploads\/2023\/03\/Logo-Villaggio-San-Francesco-Caorle-1.png\",\"width\":1206,\"height\":356,\"caption\":\"Villaggio San Francesco\"},\"image\":{\"@id\":\"https:\/\/www.villaggiosanfrancesco.com\/it\/#\/schema\/logo\/image\/\"},\"sameAs\":[\"https:\/\/www.facebook.com\/VillaggioSanFrancesco\/\",\"https:\/\/www.instagram.com\/villaggiosanfrancesco\/\",\"https:\/\/www.youtube.com\/channel\/UClXJoJulrb1UANfZodeHn-g\",\"https:\/\/www.tiktok.com\/@sanfrancescoresort\"]},{\"@type\":\"Person\",\"@id\":\"https:\/\/www.villaggiosanfrancesco.com\/it\/#\/schema\/person\/843a17529217e331813a8c3ca5e32d59\",\"name\":\"admin\"}]}<\/script>\n<!-- \/ Yoast SEO plugin. -->","yoast_head_json":{"title":"EUROVELO 8 - Villaggio San Francesco","description":"La rotta mediterranea","robots":{"index":"index","follow":"follow","max-snippet":"max-snippet:-1","max-image-preview":"max-image-preview:large","max-video-preview":"max-video-preview:-1"},"canonical":"https:\/\/www.biholiday.com\/it\/eurovelo-8\/","og_locale":"it_IT","og_type":"article","og_title":"EUROVELO 8 - Villaggio San Francesco","og_description":"La rotta mediterranea","og_url":"https:\/\/www.biholiday.com\/it\/eurovelo-8\/","og_site_name":"Villaggio San Francesco","article_publisher":"https:\/\/www.facebook.com\/VillaggioSanFrancesco\/","article_published_time":"2024-04-22T15:05:41+00:00","article_modified_time":"2024-05-06T13:10:30+00:00","og_image":[{"width":1500,"height":1000,"url":"https:\/\/www.villaggiosanfrancesco.com\/wp-content\/uploads\/2024\/04\/Cicloturismo-1.jpg","type":"image\/jpeg"}],"author":"admin","twitter_card":"summary_large_image","twitter_misc":{"Scritto da":"admin","Tempo di lettura stimato":"11 minuti"},"schema":{"@context":"https:\/\/schema.org","@graph":[{"@type":"Article","@id":"https:\/\/www.biholiday.com\/it\/eurovelo-8\/#article","isPartOf":{"@id":"https:\/\/www.villaggiosanfrancesco.com\/it\/news\/novita\/eurovelo-8\/"},"author":{"name":"admin","@id":"https:\/\/www.villaggiosanfrancesco.com\/it\/#\/schema\/person\/843a17529217e331813a8c3ca5e32d59"},"headline":"EUROVELO 8","datePublished":"2024-04-22T15:05:41+00:00","dateModified":"2024-05-06T13:10:30+00:00","mainEntityOfPage":{"@id":"https:\/\/www.villaggiosanfrancesco.com\/it\/news\/novita\/eurovelo-8\/"},"wordCount":1648,"publisher":{"@id":"https:\/\/www.villaggiosanfrancesco.com\/it\/#organization"},"image":{"@id":"https:\/\/www.biholiday.com\/it\/eurovelo-8\/#primaryimage"},"thumbnailUrl":"https:\/\/www.villaggiosanfrancesco.com\/wp-content\/uploads\/2024\/04\/Cicloturismo-1.jpg","articleSection":["Novit\u00e0"],"inLanguage":"it-IT"},{"@type":"WebPage","@id":"https:\/\/www.villaggiosanfrancesco.com\/it\/news\/novita\/eurovelo-8\/","url":"https:\/\/www.biholiday.com\/it\/eurovelo-8\/","name":"EUROVELO 8 - Villaggio San Francesco","isPartOf":{"@id":"https:\/\/www.villaggiosanfrancesco.com\/it\/#website"},"primaryImageOfPage":{"@id":"https:\/\/www.biholiday.com\/it\/eurovelo-8\/#primaryimage"},"image":{"@id":"https:\/\/www.biholiday.com\/it\/eurovelo-8\/#primaryimage"},"thumbnailUrl":"https:\/\/www.villaggiosanfrancesco.com\/wp-content\/uploads\/2024\/04\/Cicloturismo-1.jpg","datePublished":"2024-04-22T15:05:41+00:00","dateModified":"2024-05-06T13:10:30+00:00","description":"La rotta mediterranea","breadcrumb":{"@id":"https:\/\/www.biholiday.com\/it\/eurovelo-8\/#breadcrumb"},"inLanguage":"it-IT","potentialAction":[{"@type":"ReadAction","target":["https:\/\/www.biholiday.com\/it\/eurovelo-8\/"]}]},{"@type":"ImageObject","inLanguage":"it-IT","@id":"https:\/\/www.biholiday.com\/it\/eurovelo-8\/#primaryimage","url":"https:\/\/www.villaggiosanfrancesco.com\/wp-content\/uploads\/2024\/04\/Cicloturismo-1.jpg","contentUrl":"https:\/\/www.villaggiosanfrancesco.com\/wp-content\/uploads\/2024\/04\/Cicloturismo-1.jpg","width":1500,"height":1000},{"@type":"BreadcrumbList","@id":"https:\/\/www.biholiday.com\/it\/eurovelo-8\/#breadcrumb","itemListElement":[{"@type":"ListItem","position":1,"name":"Home","item":"https:\/\/www.villaggiosanfrancesco.com\/it\/"},{"@type":"ListItem","position":2,"name":"Novit\u00e0","item":"https:\/\/www.villaggiosanfrancesco.com\/it\/news\/category\/novita\/"},{"@type":"ListItem","position":3,"name":"EUROVELO 8"}]},{"@type":"WebSite","@id":"https:\/\/www.villaggiosanfrancesco.com\/it\/#website","url":"https:\/\/www.villaggiosanfrancesco.com\/it\/","name":"Villaggio San Francesco","description":"Caorle, VENEZIA","publisher":{"@id":"https:\/\/www.villaggiosanfrancesco.com\/it\/#organization"},"potentialAction":[{"@type":"SearchAction","target":{"@type":"EntryPoint","urlTemplate":"https:\/\/www.villaggiosanfrancesco.com\/it\/?s={search_term_string}"},"query-input":{"@type":"PropertyValueSpecification","valueRequired":true,"valueName":"search_term_string"}}],"inLanguage":"it-IT"},{"@type":"Organization","@id":"https:\/\/www.villaggiosanfrancesco.com\/it\/#organization","name":"Villaggio San Francesco","url":"https:\/\/www.villaggiosanfrancesco.com\/it\/","logo":{"@type":"ImageObject","inLanguage":"it-IT","@id":"https:\/\/www.villaggiosanfrancesco.com\/it\/#\/schema\/logo\/image\/","url":"https:\/\/www.villaggiosanfrancesco.com\/wp-content\/uploads\/2023\/03\/Logo-Villaggio-San-Francesco-Caorle-1.png","contentUrl":"https:\/\/www.villaggiosanfrancesco.com\/wp-content\/uploads\/2023\/03\/Logo-Villaggio-San-Francesco-Caorle-1.png","width":1206,"height":356,"caption":"Villaggio San Francesco"},"image":{"@id":"https:\/\/www.villaggiosanfrancesco.com\/it\/#\/schema\/logo\/image\/"},"sameAs":["https:\/\/www.facebook.com\/VillaggioSanFrancesco\/","https:\/\/www.instagram.com\/villaggiosanfrancesco\/","https:\/\/www.youtube.com\/channel\/UClXJoJulrb1UANfZodeHn-g","https:\/\/www.tiktok.com\/@sanfrancescoresort"]},{"@type":"Person","@id":"https:\/\/www.villaggiosanfrancesco.com\/it\/#\/schema\/person\/843a17529217e331813a8c3ca5e32d59","name":"admin"}]}},"author_meta":{"display_name":"admin","author_link":"https:\/\/www.villaggiosanfrancesco.com\/it\/news\/author\/admin\/"},"featured_img":"https:\/\/www.villaggiosanfrancesco.com\/wp-content\/uploads\/2024\/04\/Cicloturismo-1-300x200.jpg","coauthors":[],"tax_additional":{"categories":{"linked":["<a href=\"https:\/\/www.villaggiosanfrancesco.com\/it\/news\/category\/novita\/\" class=\"advgb-post-tax-term\">Novit\u00e0<\/a>"],"unlinked":["<span class=\"advgb-post-tax-term\">Novit\u00e0<\/span>"]}},"comment_count":"0","relative_dates":{"created":"Pubblicato 2 anni fa","modified":"Aggiornato 2 anni fa"},"absolute_dates":{"created":"Pubblicato il Aprile 22, 2024","modified":"Aggiornato il Maggio 6, 2024"},"absolute_dates_time":{"created":"Pubblicato il Aprile 22, 2024 5:05 pm","modified":"Aggiornato il Maggio 6, 2024 3:10 pm"},"featured_img_caption":"","series_order":"","_links":{"self":[{"href":"https:\/\/www.villaggiosanfrancesco.com\/it\/wp-json\/wp\/v2\/posts\/25944","targetHints":{"allow":["GET"]}}],"collection":[{"href":"https:\/\/www.villaggiosanfrancesco.com\/it\/wp-json\/wp\/v2\/posts"}],"about":[{"href":"https:\/\/www.villaggiosanfrancesco.com\/it\/wp-json\/wp\/v2\/types\/post"}],"author":[{"embeddable":true,"href":"https:\/\/www.villaggiosanfrancesco.com\/it\/wp-json\/wp\/v2\/users\/1"}],"replies":[{"embeddable":true,"href":"https:\/\/www.villaggiosanfrancesco.com\/it\/wp-json\/wp\/v2\/comments?post=25944"}],"version-history":[{"count":0,"href":"https:\/\/www.villaggiosanfrancesco.com\/it\/wp-json\/wp\/v2\/posts\/25944\/revisions"}],"wp:featuredmedia":[{"embeddable":true,"href":"https:\/\/www.villaggiosanfrancesco.com\/it\/wp-json\/wp\/v2\/media\/25939"}],"wp:attachment":[{"href":"https:\/\/www.villaggiosanfrancesco.com\/it\/wp-json\/wp\/v2\/media?parent=25944"}],"wp:term":[{"taxonomy":"category","embeddable":true,"href":"https:\/\/www.villaggiosanfrancesco.com\/it\/wp-json\/wp\/v2\/categories?post=25944"},{"taxonomy":"post_tag","embeddable":true,"href":"https:\/\/www.villaggiosanfrancesco.com\/it\/wp-json\/wp\/v2\/tags?post=25944"}],"curies":[{"name":"wp","href":"https:\/\/api.w.org\/{rel}","templated":true}]}}