{"id":8296,"date":"2022-11-03T11:05:00","date_gmt":"2022-11-03T10:05:00","guid":{"rendered":"https:\/\/www.villaggiosanfrancesco.com\/news\/unkategorisiert\/konzert-noten-der-stars-12-juli\/"},"modified":"2023-01-11T14:20:06","modified_gmt":"2023-01-11T13:20:06","slug":"konzert-noten-der-stars-12-juli","status":"publish","type":"post","link":"https:\/\/www.villaggiosanfrancesco.com\/de\/news\/aktuelles\/konzert-noten-der-stars-12-juli\/","title":{"rendered":"Konzert Noten der Stars &#8211; 12. Juli"},"content":{"rendered":"<div  class=\"grids-section grids-is-advanced alignwide\" style=\"--_gs-gap-desktop:0px 0px;--_gs-m-desktop:0 0 0 0;--_gs-p-desktop:0 0 0 0;--_gs-bg-desktop:transparent none;--_gs-bg-xp-desktop:0px;--_gs-zi-desktop:auto;--_gs-d-desktop:block;--_gs-mw-desktop:calc(100% - 0 - 0);--_gs-gap-tablet:0px 0px;--_gs-m-tablet:0 0 0 0;--_gs-p-tablet:0 0 0 0;--_gs-bg-tablet:transparent none;--_gs-bg-xp-tablet:0px;--_gs-zi-tablet:auto;--_gs-d-tablet:block;--_gs-mw-tablet:calc(100% - 0 - 0);--_gs-gap-mobile:0px 0px;--_gs-m-mobile:0 0 0 0;--_gs-p-mobile:0 0 0 0;--_gs-bg-mobile:transparent none;--_gs-bg-xp-mobile:0px;--_gs-zi-mobile:auto;--_gs-d-mobile:block;--_gs-mw-mobile:calc(100% - 0 - 0);--_gs-columns:12;--_gs-rows:6\"><div class=\"grids-s-w_i\">\n<div class=\"grids-area\" style=\"--_ga-column:3\/11;--_ga-row:1\/2;--_ga-m-desktop:0 0 0 0;--_ga-p-desktop:0 0 0 0;--_ga-bg-desktop:transparent none;--_ga-zi-desktop:auto;--_ga-d-desktop:flex;--_ga-mw-desktop:calc(100% - 0 - 0);--_ga-m-tablet:0 0 0 0;--_ga-p-tablet:0 0 0 0;--_ga-bg-tablet:transparent none;--_ga-zi-tablet:auto;--_ga-d-tablet:flex;--_ga-mw-tablet:calc(100% - 0 - 0);--_ga-m-mobile:0 0 0 0;--_ga-p-mobile:0 0 0 0;--_ga-bg-mobile:transparent none;--_ga-zi-mobile:auto;--_ga-d-mobile:flex;--_ga-mw-mobile:calc(100% - 0 - 0)\">\n\n<h2 class=\"has-text-align-center wp-block-heading\">12. Juli 2022<\/h2>\n\n\n\n<h3 class=\"has-text-align-center wp-block-heading\"><strong>21.15 UHR &#8211; PIAZZETTA MAXIM<\/strong><\/h3>\n\n<\/div>\n\n<div class=\"grids-area\" style=\"--_ga-column:2\/12;--_ga-row:2\/4;--_ga-m-desktop:0 0 0 0;--_ga-p-desktop:0 0 0 0;--_ga-bg-desktop:transparent none;--_ga-zi-desktop:auto;--_ga-d-desktop:flex;--_ga-mw-desktop:calc(100% - 0 - 0);--_ga-m-tablet:0 0 0 0;--_ga-p-tablet:0 0 0 0;--_ga-bg-tablet:transparent none;--_ga-zi-tablet:auto;--_ga-d-tablet:flex;--_ga-mw-tablet:calc(100% - 0 - 0);--_ga-m-mobile:0 0 0 0;--_ga-p-mobile:0 10% 0 10%;--_ga-bg-mobile:transparent none;--_ga-zi-mobile:auto;--_ga-d-mobile:flex;--_ga-mw-mobile:calc(100% - 0 - 0)\">\n\n<p>Am <strong>Dienstag, den 12. Juli 2022<\/strong>, gibt das Veneto Wind Orchestra in der <strong>Piazzetta Maxim<\/strong> sein <strong>Concerto Note di Stelle<\/strong>.<\/p>\n\n\n\n<p>Von der italienischen Oper bis zu den sch\u00f6nsten Filmmusiken, von &#8222;<em>Norma<\/em>&#8220; bis zu &#8222;<em>The Good, the Bad and the Ugly<\/em>&#8222;, das vorgeschlagene Konzert wird uns die Emotionen der ber\u00fchmtesten Theater und des gro\u00dfen Kinos wieder erleben lassen.<\/p>\n\n\n\n<p>Wir freuen uns darauf, Sie dort zu sehen!<\/p>\n\n<\/div>\n\n<div class=\"grids-area\" style=\"--_ga-column:1\/13;--_ga-row:4\/5;--_ga-m-desktop:0 0 0 0;--_ga-p-desktop:0 0 0 0;--_ga-bg-desktop:transparent none;--_ga-zi-desktop:auto;--_ga-d-desktop:flex;--_ga-mw-desktop:calc(100% - 0 - 0);--_ga-m-tablet:0 0 0 0;--_ga-p-tablet:0 0 0 0;--_ga-bg-tablet:transparent none;--_ga-zi-tablet:auto;--_ga-d-tablet:flex;--_ga-mw-tablet:calc(100% - 0 - 0);--_ga-m-mobile:0 0 0 0;--_ga-p-mobile:0 0 0 0;--_ga-bg-mobile:transparent none;--_ga-zi-mobile:auto;--_ga-d-mobile:flex;--_ga-mw-mobile:calc(100% - 0 - 0)\">\n\n<h3 class=\"has-text-align-center has-white-color has-text-color has-background wp-block-heading\" style=\"background-color:#e6236b\"><strong>NICHT VERPASSEN!<\/strong><\/h3>\n\n<\/div>\n\n<div class=\"grids-area\" style=\"--_ga-column:1\/7;--_ga-row:5\/7;--_ga-va:center;--_ga-m-desktop:0 0 0 0;--_ga-p-desktop:50px 100px 50px 200px;--_ga-bg-desktop:#f3f3f3 none;--_ga-zi-desktop:auto;--_ga-d-desktop:flex;--_ga-mw-desktop:calc(100% - 0 - 0);--_ga-m-tablet:0 0 0 0;--_ga-p-tablet:50px 100px 50px 200px;--_ga-bg-tablet:#f3f3f3 none;--_ga-zi-tablet:auto;--_ga-d-tablet:flex;--_ga-mw-tablet:calc(100% - 0 - 0);--_ga-m-mobile:0 0 0 0;--_ga-p-mobile:50px 30% 50px 30%;--_ga-bg-mobile:#f3f3f3 none;--_ga-zi-mobile:auto;--_ga-d-mobile:flex;--_ga-mw-mobile:calc(100% - 0 - 0)\">\n\n<figure class=\"wp-block-image size-full is-resized\"><img decoding=\"async\" src=\"https:\/\/www.villaggiosanfrancesco.com\/wp-content\/uploads\/2022\/08\/Orchestra_Villaggio_San_Francesco_Caorle.png\" alt=\"Orchester_San_Francesco_Village_Caorle\" class=\"wp-image-5137\" width=\"525\" height=\"525\" srcset=\"https:\/\/www.villaggiosanfrancesco.com\/wp-content\/uploads\/2022\/08\/Orchestra_Villaggio_San_Francesco_Caorle.png 700w, https:\/\/www.villaggiosanfrancesco.com\/wp-content\/uploads\/2022\/08\/Orchestra_Villaggio_San_Francesco_Caorle-300x300.png 300w, https:\/\/www.villaggiosanfrancesco.com\/wp-content\/uploads\/2022\/08\/Orchestra_Villaggio_San_Francesco_Caorle-150x150.png 150w\" sizes=\"(max-width: 525px) 100vw, 525px\" \/><\/figure>\n\n<\/div>\n\n<div class=\"grids-area\" style=\"--_ga-column:7\/13;--_ga-row:5\/7;--_ga-va:center;--_ga-m-desktop:0 0 0 0;--_ga-p-desktop:50px 400px 50px 50px;--_ga-bg-desktop:#f3f3f3 none;--_ga-zi-desktop:auto;--_ga-d-desktop:flex;--_ga-mw-desktop:calc(100% - 0 - 0);--_ga-m-tablet:0 0 0 0;--_ga-p-tablet:50px 400px 50px 50px;--_ga-bg-tablet:#f3f3f3 none;--_ga-zi-tablet:auto;--_ga-d-tablet:flex;--_ga-mw-tablet:calc(100% - 0 - 0);--_ga-m-mobile:0 0 0 0;--_ga-p-mobile:50px 50px 50px 100px;--_ga-bg-mobile:#f3f3f3 none;--_ga-zi-mobile:auto;--_ga-d-mobile:flex;--_ga-mw-mobile:calc(100% - 0 - 0)\">\n\n<h2 class=\"wp-block-heading\">Das Orchester<\/h2>\n\n\n\n<p>Das 1988 gegr\u00fcndete Orchester ist aus der st\u00e4dtischen Philharmonie hervorgegangen und besteht heute aus rund vierzig Mitgliedern, darunter diplomierte Musiker, Konservatoriumsstudenten und Amateure. Das Ensemble hat an zahlreichen kulturellen Veranstaltungen teilgenommen und wurde von der Fachkritik und dem Publikum gelobt. Das heterogene Repertoire reicht vom Barock bis in die Gegenwart, von Bigband-Musik bis zu Soundtracks, mit eigens f\u00fcr das Ensemble transkribierten und ausgearbeiteten St\u00fccken und anderen Originalen f\u00fcr Blasorchester. Die Vielfalt des Repertoires, die f\u00fcr das Ensemble charakteristisch ist, erm\u00f6glicht es, den Bed\u00fcrfnissen verschiedener Publikumsgruppen gerecht zu werden und gleichzeitig dem Publikum anspruchsvollere Musikformen n\u00e4her zu bringen.<\/p>\n\n<\/div>\n<\/div><\/div>\n\n<div  class=\"grids-section grids-is-advanced alignwide\" style=\"--_gs-gap-desktop:0px 0px;--_gs-m-desktop:0 0 0 0;--_gs-p-desktop:0 0 0 0;--_gs-bg-desktop:transparent none;--_gs-bg-xp-desktop:0px;--_gs-zi-desktop:auto;--_gs-d-desktop:block;--_gs-mw-desktop:calc(100% - 0 - 0);--_gs-gap-tablet:0px 0px;--_gs-m-tablet:0 0 0 0;--_gs-p-tablet:0 0 0 0;--_gs-bg-tablet:transparent none;--_gs-bg-xp-tablet:0px;--_gs-zi-tablet:auto;--_gs-d-tablet:block;--_gs-mw-tablet:calc(100% - 0 - 0);--_gs-gap-mobile:0px 0px;--_gs-m-mobile:0 0 0 0;--_gs-p-mobile:0 0 0 0;--_gs-bg-mobile:transparent none;--_gs-bg-xp-mobile:0px;--_gs-zi-mobile:auto;--_gs-d-mobile:block;--_gs-mw-mobile:calc(100% - 0 - 0);--_gs-columns:12;--_gs-rows:6\"><div class=\"grids-s-w_i\">\n<div class=\"grids-area\" style=\"--_ga-column:3\/11;--_ga-row:1\/2;--_ga-m-desktop:0 0 0 0;--_ga-p-desktop:0 0 0 0;--_ga-bg-desktop:transparent none;--_ga-zi-desktop:auto;--_ga-d-desktop:flex;--_ga-mw-desktop:calc(100% - 0 - 0);--_ga-m-tablet:0 0 0 0;--_ga-p-tablet:0 0 0 0;--_ga-bg-tablet:transparent none;--_ga-zi-tablet:auto;--_ga-d-tablet:flex;--_ga-mw-tablet:calc(100% - 0 - 0);--_ga-m-mobile:0 0 0 0;--_ga-p-mobile:0 0 0 0;--_ga-bg-mobile:transparent none;--_ga-zi-mobile:auto;--_ga-d-mobile:flex;--_ga-mw-mobile:calc(100% - 0 - 0)\">\n\n<h2 class=\"has-text-align-center wp-block-heading\">Sind Sie neugierig, sie besser kennenzulernen?<\/h2>\n\n<\/div>\n\n<div class=\"grids-area\" style=\"--_ga-column:2\/7;--_ga-row:2\/5;--_ga-va:center;--_ga-m-desktop:0 0 0 0;--_ga-p-desktop:0 0 0 0;--_ga-bg-desktop:transparent none;--_ga-zi-desktop:auto;--_ga-d-desktop:flex;--_ga-mw-desktop:calc(100% - 0 - 0);--_ga-m-tablet:0 0 0 0;--_ga-p-tablet:0 0 0 0;--_ga-bg-tablet:transparent none;--_ga-zi-tablet:auto;--_ga-d-tablet:flex;--_ga-mw-tablet:calc(100% - 0 - 0);--_ga-m-mobile:0 0 0 0;--_ga-p-mobile:0 0 0 0;--_ga-bg-mobile:transparent none;--_ga-zi-mobile:auto;--_ga-d-mobile:flex;--_ga-mw-mobile:calc(100% - 0 - 0)\">\n\n<figure class=\"wp-block-image size-full\"><img style=\"background-color: #5b5290;\" decoding=\"async\" width=\"422\" height=\"289\" src=\"https:\/\/www.villaggiosanfrancesco.com\/wp-content\/uploads\/2022\/08\/Logo_Orchestra_Villaggio_San_Francesco_Caorle.jpg\" alt=\"Logo_Orchester_Villaggio_San_Francesco_Caorle\" class=\"wp-image-4945\" srcset=\"https:\/\/www.villaggiosanfrancesco.com\/wp-content\/uploads\/2022\/08\/Logo_Orchestra_Villaggio_San_Francesco_Caorle.jpg 422w, https:\/\/www.villaggiosanfrancesco.com\/wp-content\/uploads\/2022\/08\/Logo_Orchestra_Villaggio_San_Francesco_Caorle-300x205.jpg 300w\" sizes=\"(max-width: 422px) 100vw, 422px\" \/><\/figure>\n\n<\/div>\n\n<div class=\"grids-area\" style=\"--_ga-column:7\/12;--_ga-row:2\/5;--_ga-va:center;--_ga-m-desktop:0 0 0 0;--_ga-p-desktop:0 0 0 0;--_ga-bg-desktop:transparent none;--_ga-zi-desktop:auto;--_ga-d-desktop:flex;--_ga-mw-desktop:calc(100% - 0 - 0);--_ga-m-tablet:0 0 0 0;--_ga-p-tablet:0 0 0 0;--_ga-bg-tablet:transparent none;--_ga-zi-tablet:auto;--_ga-d-tablet:flex;--_ga-mw-tablet:calc(100% - 0 - 0);--_ga-m-mobile:0 0 0 0;--_ga-p-mobile:0 10% 0 10%;--_ga-bg-mobile:transparent none;--_ga-zi-mobile:auto;--_ga-d-mobile:flex;--_ga-mw-mobile:calc(100% - 0 - 0)\">\n\n<p>Instagram: orchester_der_fiati_del_veneto<\/p>\n\n\n\n<p>Facebook: @OrchestraDiFiatiDelVeneto<\/p>\n\n\n\n<p>YouTube:\u00a0<a href=\"https:\/\/youtube.com\/c\/OrchestraDiFiatiDelVeneto\" target=\"_blank\" rel=\"noreferrer noopener\">https:\/\/youtube.com\/<wbr>c\/OrchestraDiFiatiDelVeneto<\/wbr><\/a><\/p>\n\n\n\n<p>Website: <a href=\"http:\/\/www.orchestradifiatidelveneto.it\/\" target=\"_blank\" rel=\"noreferrer noopener\">www.orchestradifiatidelveneto.<wbr>it<\/a><\/p>\n\n\n\n<p>Mail:\u00a0<a href=\"mailto:info@orchestradifiatidelveneto.it\" target=\"_blank\" rel=\"noreferrer noopener\">info@<wbr>orchestradifiatidelveneto.it<\/wbr><\/a><\/p>\n\n<\/div>\n<\/div><\/div>","protected":false},"excerpt":{"rendered":"","protected":false},"author":1,"featured_media":4944,"comment_status":"closed","ping_status":"closed","sticky":false,"template":"","format":"standard","meta":{"_acf_changed":false,"advgb_blocks_editor_width":"","advgb_blocks_columns_visual_guide":"","footnotes":""},"categories":[19],"tags":[],"class_list":["post-8296","post","type-post","status-publish","format-standard","has-post-thumbnail","hentry","category-aktuelles","entry"],"acf":[],"yoast_head":"<!-- This site is optimized with the Yoast SEO plugin v26.0 - https:\/\/yoast.com\/wordpress\/plugins\/seo\/ -->\n<title>Konzert Noten der Stars - 12. Juli - Villaggio San Francesco<\/title>\n<meta name=\"robots\" content=\"index, follow, max-snippet:-1, max-image-preview:large, max-video-preview:-1\" \/>\n<link rel=\"canonical\" href=\"https:\/\/www.villaggiosanfrancesco.com\/de\/news\/aktuelles\/konzert-noten-der-stars-12-juli\/\" \/>\n<meta property=\"og:locale\" content=\"de_DE\" \/>\n<meta property=\"og:type\" content=\"article\" \/>\n<meta property=\"og:title\" content=\"Konzert Noten der Stars - 12. Juli - Villaggio San Francesco\" \/>\n<meta property=\"og:url\" content=\"https:\/\/www.villaggiosanfrancesco.com\/de\/news\/aktuelles\/konzert-noten-der-stars-12-juli\/\" \/>\n<meta property=\"og:site_name\" content=\"Villaggio San Francesco\" \/>\n<meta property=\"article:publisher\" content=\"https:\/\/www.facebook.com\/VillaggioSanFrancesco\/\" \/>\n<meta property=\"article:published_time\" content=\"2022-11-03T10:05:00+00:00\" \/>\n<meta property=\"article:modified_time\" content=\"2023-01-11T13:20:06+00:00\" \/>\n<meta property=\"og:image\" content=\"https:\/\/www.villaggiosanfrancesco.com\/wp-content\/uploads\/2022\/08\/Concerto_banner_Villaggio_San_Francesco_Caorle.jpg\" \/>\n\t<meta property=\"og:image:width\" content=\"1900\" \/>\n\t<meta property=\"og:image:height\" content=\"550\" \/>\n\t<meta property=\"og:image:type\" content=\"image\/jpeg\" \/>\n<meta name=\"author\" content=\"admin\" \/>\n<meta name=\"twitter:card\" content=\"summary_large_image\" \/>\n<meta name=\"twitter:label1\" content=\"Verfasst von\" \/>\n\t<meta name=\"twitter:data1\" content=\"admin\" \/>\n\t<meta name=\"twitter:label2\" content=\"Gesch\u00e4tzte Lesezeit\" \/>\n\t<meta name=\"twitter:data2\" content=\"2\u00a0Minuten\" \/>\n<script type=\"application\/ld+json\" class=\"yoast-schema-graph\">{\"@context\":\"https:\/\/schema.org\",\"@graph\":[{\"@type\":\"Article\",\"@id\":\"https:\/\/www.villaggiosanfrancesco.com\/de\/news\/aktuelles\/konzert-noten-der-stars-12-juli\/#article\",\"isPartOf\":{\"@id\":\"https:\/\/www.villaggiosanfrancesco.com\/de\/news\/aktuelles\/konzert-noten-der-stars-12-juli\/\"},\"author\":{\"name\":\"admin\",\"@id\":\"https:\/\/www.villaggiosanfrancesco.com\/de\/#\/schema\/person\/843a17529217e331813a8c3ca5e32d59\"},\"headline\":\"Konzert Noten der Stars &#8211; 12. Juli\",\"datePublished\":\"2022-11-03T10:05:00+00:00\",\"dateModified\":\"2023-01-11T13:20:06+00:00\",\"mainEntityOfPage\":{\"@id\":\"https:\/\/www.villaggiosanfrancesco.com\/de\/news\/aktuelles\/konzert-noten-der-stars-12-juli\/\"},\"wordCount\":214,\"publisher\":{\"@id\":\"https:\/\/www.villaggiosanfrancesco.com\/de\/#organization\"},\"image\":{\"@id\":\"https:\/\/www.villaggiosanfrancesco.com\/de\/news\/aktuelles\/konzert-noten-der-stars-12-juli\/#primaryimage\"},\"thumbnailUrl\":\"https:\/\/www.villaggiosanfrancesco.com\/wp-content\/uploads\/2022\/08\/Concerto_banner_Villaggio_San_Francesco_Caorle.jpg\",\"articleSection\":[\"Aktuelles\"],\"inLanguage\":\"de\"},{\"@type\":\"WebPage\",\"@id\":\"https:\/\/www.villaggiosanfrancesco.com\/de\/news\/aktuelles\/konzert-noten-der-stars-12-juli\/\",\"url\":\"https:\/\/www.villaggiosanfrancesco.com\/de\/news\/aktuelles\/konzert-noten-der-stars-12-juli\/\",\"name\":\"Konzert Noten der Stars - 12. Juli - Villaggio San Francesco\",\"isPartOf\":{\"@id\":\"https:\/\/www.villaggiosanfrancesco.com\/de\/#website\"},\"primaryImageOfPage\":{\"@id\":\"https:\/\/www.villaggiosanfrancesco.com\/de\/news\/aktuelles\/konzert-noten-der-stars-12-juli\/#primaryimage\"},\"image\":{\"@id\":\"https:\/\/www.villaggiosanfrancesco.com\/de\/news\/aktuelles\/konzert-noten-der-stars-12-juli\/#primaryimage\"},\"thumbnailUrl\":\"https:\/\/www.villaggiosanfrancesco.com\/wp-content\/uploads\/2022\/08\/Concerto_banner_Villaggio_San_Francesco_Caorle.jpg\",\"datePublished\":\"2022-11-03T10:05:00+00:00\",\"dateModified\":\"2023-01-11T13:20:06+00:00\",\"breadcrumb\":{\"@id\":\"https:\/\/www.villaggiosanfrancesco.com\/de\/news\/aktuelles\/konzert-noten-der-stars-12-juli\/#breadcrumb\"},\"inLanguage\":\"de\",\"potentialAction\":[{\"@type\":\"ReadAction\",\"target\":[\"https:\/\/www.villaggiosanfrancesco.com\/de\/news\/aktuelles\/konzert-noten-der-stars-12-juli\/\"]}]},{\"@type\":\"ImageObject\",\"inLanguage\":\"de\",\"@id\":\"https:\/\/www.villaggiosanfrancesco.com\/de\/news\/aktuelles\/konzert-noten-der-stars-12-juli\/#primaryimage\",\"url\":\"https:\/\/www.villaggiosanfrancesco.com\/wp-content\/uploads\/2022\/08\/Concerto_banner_Villaggio_San_Francesco_Caorle.jpg\",\"contentUrl\":\"https:\/\/www.villaggiosanfrancesco.com\/wp-content\/uploads\/2022\/08\/Concerto_banner_Villaggio_San_Francesco_Caorle.jpg\",\"width\":1900,\"height\":550,\"caption\":\"Concerto_banner_Villaggio_San_Francesco_Caorle\"},{\"@type\":\"BreadcrumbList\",\"@id\":\"https:\/\/www.villaggiosanfrancesco.com\/de\/news\/aktuelles\/konzert-noten-der-stars-12-juli\/#breadcrumb\",\"itemListElement\":[{\"@type\":\"ListItem\",\"position\":1,\"name\":\"Home\",\"item\":\"https:\/\/www.villaggiosanfrancesco.com\/de\/\"},{\"@type\":\"ListItem\",\"position\":2,\"name\":\"Aktuelles\",\"item\":\"https:\/\/www.villaggiosanfrancesco.com\/de\/news\/category\/aktuelles\/\"},{\"@type\":\"ListItem\",\"position\":3,\"name\":\"Konzert Noten der Stars &#8211; 12. Juli\"}]},{\"@type\":\"WebSite\",\"@id\":\"https:\/\/www.villaggiosanfrancesco.com\/de\/#website\",\"url\":\"https:\/\/www.villaggiosanfrancesco.com\/de\/\",\"name\":\"Villaggio San Francesco\",\"description\":\"Caorle, VENEZIA\",\"publisher\":{\"@id\":\"https:\/\/www.villaggiosanfrancesco.com\/de\/#organization\"},\"potentialAction\":[{\"@type\":\"SearchAction\",\"target\":{\"@type\":\"EntryPoint\",\"urlTemplate\":\"https:\/\/www.villaggiosanfrancesco.com\/de\/?s={search_term_string}\"},\"query-input\":{\"@type\":\"PropertyValueSpecification\",\"valueRequired\":true,\"valueName\":\"search_term_string\"}}],\"inLanguage\":\"de\"},{\"@type\":\"Organization\",\"@id\":\"https:\/\/www.villaggiosanfrancesco.com\/de\/#organization\",\"name\":\"Villaggio San Francesco\",\"url\":\"https:\/\/www.villaggiosanfrancesco.com\/de\/\",\"logo\":{\"@type\":\"ImageObject\",\"inLanguage\":\"de\",\"@id\":\"https:\/\/www.villaggiosanfrancesco.com\/de\/#\/schema\/logo\/image\/\",\"url\":\"https:\/\/www.villaggiosanfrancesco.com\/wp-content\/uploads\/2023\/03\/Logo-Villaggio-San-Francesco-Caorle-1.png\",\"contentUrl\":\"https:\/\/www.villaggiosanfrancesco.com\/wp-content\/uploads\/2023\/03\/Logo-Villaggio-San-Francesco-Caorle-1.png\",\"width\":1206,\"height\":356,\"caption\":\"Villaggio San Francesco\"},\"image\":{\"@id\":\"https:\/\/www.villaggiosanfrancesco.com\/de\/#\/schema\/logo\/image\/\"},\"sameAs\":[\"https:\/\/www.facebook.com\/VillaggioSanFrancesco\/\",\"https:\/\/www.instagram.com\/villaggiosanfrancesco\/\",\"https:\/\/www.youtube.com\/channel\/UClXJoJulrb1UANfZodeHn-g\",\"https:\/\/www.tiktok.com\/@sanfrancescoresort\"]},{\"@type\":\"Person\",\"@id\":\"https:\/\/www.villaggiosanfrancesco.com\/de\/#\/schema\/person\/843a17529217e331813a8c3ca5e32d59\",\"name\":\"admin\"}]}<\/script>\n<!-- \/ Yoast SEO plugin. -->","yoast_head_json":{"title":"Konzert Noten der Stars - 12. Juli - Villaggio San Francesco","robots":{"index":"index","follow":"follow","max-snippet":"max-snippet:-1","max-image-preview":"max-image-preview:large","max-video-preview":"max-video-preview:-1"},"canonical":"https:\/\/www.villaggiosanfrancesco.com\/de\/news\/aktuelles\/konzert-noten-der-stars-12-juli\/","og_locale":"de_DE","og_type":"article","og_title":"Konzert Noten der Stars - 12. Juli - Villaggio San Francesco","og_url":"https:\/\/www.villaggiosanfrancesco.com\/de\/news\/aktuelles\/konzert-noten-der-stars-12-juli\/","og_site_name":"Villaggio San Francesco","article_publisher":"https:\/\/www.facebook.com\/VillaggioSanFrancesco\/","article_published_time":"2022-11-03T10:05:00+00:00","article_modified_time":"2023-01-11T13:20:06+00:00","og_image":[{"width":1900,"height":550,"url":"https:\/\/www.villaggiosanfrancesco.com\/wp-content\/uploads\/2022\/08\/Concerto_banner_Villaggio_San_Francesco_Caorle.jpg","type":"image\/jpeg"}],"author":"admin","twitter_card":"summary_large_image","twitter_misc":{"Verfasst von":"admin","Gesch\u00e4tzte Lesezeit":"2\u00a0Minuten"},"schema":{"@context":"https:\/\/schema.org","@graph":[{"@type":"Article","@id":"https:\/\/www.villaggiosanfrancesco.com\/de\/news\/aktuelles\/konzert-noten-der-stars-12-juli\/#article","isPartOf":{"@id":"https:\/\/www.villaggiosanfrancesco.com\/de\/news\/aktuelles\/konzert-noten-der-stars-12-juli\/"},"author":{"name":"admin","@id":"https:\/\/www.villaggiosanfrancesco.com\/de\/#\/schema\/person\/843a17529217e331813a8c3ca5e32d59"},"headline":"Konzert Noten der Stars &#8211; 12. Juli","datePublished":"2022-11-03T10:05:00+00:00","dateModified":"2023-01-11T13:20:06+00:00","mainEntityOfPage":{"@id":"https:\/\/www.villaggiosanfrancesco.com\/de\/news\/aktuelles\/konzert-noten-der-stars-12-juli\/"},"wordCount":214,"publisher":{"@id":"https:\/\/www.villaggiosanfrancesco.com\/de\/#organization"},"image":{"@id":"https:\/\/www.villaggiosanfrancesco.com\/de\/news\/aktuelles\/konzert-noten-der-stars-12-juli\/#primaryimage"},"thumbnailUrl":"https:\/\/www.villaggiosanfrancesco.com\/wp-content\/uploads\/2022\/08\/Concerto_banner_Villaggio_San_Francesco_Caorle.jpg","articleSection":["Aktuelles"],"inLanguage":"de"},{"@type":"WebPage","@id":"https:\/\/www.villaggiosanfrancesco.com\/de\/news\/aktuelles\/konzert-noten-der-stars-12-juli\/","url":"https:\/\/www.villaggiosanfrancesco.com\/de\/news\/aktuelles\/konzert-noten-der-stars-12-juli\/","name":"Konzert Noten der Stars - 12. Juli - Villaggio San Francesco","isPartOf":{"@id":"https:\/\/www.villaggiosanfrancesco.com\/de\/#website"},"primaryImageOfPage":{"@id":"https:\/\/www.villaggiosanfrancesco.com\/de\/news\/aktuelles\/konzert-noten-der-stars-12-juli\/#primaryimage"},"image":{"@id":"https:\/\/www.villaggiosanfrancesco.com\/de\/news\/aktuelles\/konzert-noten-der-stars-12-juli\/#primaryimage"},"thumbnailUrl":"https:\/\/www.villaggiosanfrancesco.com\/wp-content\/uploads\/2022\/08\/Concerto_banner_Villaggio_San_Francesco_Caorle.jpg","datePublished":"2022-11-03T10:05:00+00:00","dateModified":"2023-01-11T13:20:06+00:00","breadcrumb":{"@id":"https:\/\/www.villaggiosanfrancesco.com\/de\/news\/aktuelles\/konzert-noten-der-stars-12-juli\/#breadcrumb"},"inLanguage":"de","potentialAction":[{"@type":"ReadAction","target":["https:\/\/www.villaggiosanfrancesco.com\/de\/news\/aktuelles\/konzert-noten-der-stars-12-juli\/"]}]},{"@type":"ImageObject","inLanguage":"de","@id":"https:\/\/www.villaggiosanfrancesco.com\/de\/news\/aktuelles\/konzert-noten-der-stars-12-juli\/#primaryimage","url":"https:\/\/www.villaggiosanfrancesco.com\/wp-content\/uploads\/2022\/08\/Concerto_banner_Villaggio_San_Francesco_Caorle.jpg","contentUrl":"https:\/\/www.villaggiosanfrancesco.com\/wp-content\/uploads\/2022\/08\/Concerto_banner_Villaggio_San_Francesco_Caorle.jpg","width":1900,"height":550,"caption":"Concerto_banner_Villaggio_San_Francesco_Caorle"},{"@type":"BreadcrumbList","@id":"https:\/\/www.villaggiosanfrancesco.com\/de\/news\/aktuelles\/konzert-noten-der-stars-12-juli\/#breadcrumb","itemListElement":[{"@type":"ListItem","position":1,"name":"Home","item":"https:\/\/www.villaggiosanfrancesco.com\/de\/"},{"@type":"ListItem","position":2,"name":"Aktuelles","item":"https:\/\/www.villaggiosanfrancesco.com\/de\/news\/category\/aktuelles\/"},{"@type":"ListItem","position":3,"name":"Konzert Noten der Stars &#8211; 12. Juli"}]},{"@type":"WebSite","@id":"https:\/\/www.villaggiosanfrancesco.com\/de\/#website","url":"https:\/\/www.villaggiosanfrancesco.com\/de\/","name":"Villaggio San Francesco","description":"Caorle, VENEZIA","publisher":{"@id":"https:\/\/www.villaggiosanfrancesco.com\/de\/#organization"},"potentialAction":[{"@type":"SearchAction","target":{"@type":"EntryPoint","urlTemplate":"https:\/\/www.villaggiosanfrancesco.com\/de\/?s={search_term_string}"},"query-input":{"@type":"PropertyValueSpecification","valueRequired":true,"valueName":"search_term_string"}}],"inLanguage":"de"},{"@type":"Organization","@id":"https:\/\/www.villaggiosanfrancesco.com\/de\/#organization","name":"Villaggio San Francesco","url":"https:\/\/www.villaggiosanfrancesco.com\/de\/","logo":{"@type":"ImageObject","inLanguage":"de","@id":"https:\/\/www.villaggiosanfrancesco.com\/de\/#\/schema\/logo\/image\/","url":"https:\/\/www.villaggiosanfrancesco.com\/wp-content\/uploads\/2023\/03\/Logo-Villaggio-San-Francesco-Caorle-1.png","contentUrl":"https:\/\/www.villaggiosanfrancesco.com\/wp-content\/uploads\/2023\/03\/Logo-Villaggio-San-Francesco-Caorle-1.png","width":1206,"height":356,"caption":"Villaggio San Francesco"},"image":{"@id":"https:\/\/www.villaggiosanfrancesco.com\/de\/#\/schema\/logo\/image\/"},"sameAs":["https:\/\/www.facebook.com\/VillaggioSanFrancesco\/","https:\/\/www.instagram.com\/villaggiosanfrancesco\/","https:\/\/www.youtube.com\/channel\/UClXJoJulrb1UANfZodeHn-g","https:\/\/www.tiktok.com\/@sanfrancescoresort"]},{"@type":"Person","@id":"https:\/\/www.villaggiosanfrancesco.com\/de\/#\/schema\/person\/843a17529217e331813a8c3ca5e32d59","name":"admin"}]}},"author_meta":{"display_name":"admin","author_link":"https:\/\/www.villaggiosanfrancesco.com\/de\/news\/author\/admin\/"},"featured_img":"https:\/\/www.villaggiosanfrancesco.com\/wp-content\/uploads\/2022\/08\/Concerto_banner_Villaggio_San_Francesco_Caorle-300x87.jpg","coauthors":[],"tax_additional":{"categories":{"linked":["<a href=\"https:\/\/www.villaggiosanfrancesco.com\/de\/news\/category\/aktuelles\/\" class=\"advgb-post-tax-term\">Aktuelles<\/a>"],"unlinked":["<span class=\"advgb-post-tax-term\">Aktuelles<\/span>"]}},"comment_count":"0","relative_dates":{"created":"Posted 3\u00a0Jahren ago","modified":"Updated 3\u00a0Jahren ago"},"absolute_dates":{"created":"Posted on November 3, 2022","modified":"Updated on Januar 11, 2023"},"absolute_dates_time":{"created":"Posted on November 3, 2022 11:05 a.m.","modified":"Updated on Januar 11, 2023 2:20 p.m."},"featured_img_caption":"","series_order":"","_links":{"self":[{"href":"https:\/\/www.villaggiosanfrancesco.com\/de\/wp-json\/wp\/v2\/posts\/8296","targetHints":{"allow":["GET"]}}],"collection":[{"href":"https:\/\/www.villaggiosanfrancesco.com\/de\/wp-json\/wp\/v2\/posts"}],"about":[{"href":"https:\/\/www.villaggiosanfrancesco.com\/de\/wp-json\/wp\/v2\/types\/post"}],"author":[{"embeddable":true,"href":"https:\/\/www.villaggiosanfrancesco.com\/de\/wp-json\/wp\/v2\/users\/1"}],"replies":[{"embeddable":true,"href":"https:\/\/www.villaggiosanfrancesco.com\/de\/wp-json\/wp\/v2\/comments?post=8296"}],"version-history":[{"count":0,"href":"https:\/\/www.villaggiosanfrancesco.com\/de\/wp-json\/wp\/v2\/posts\/8296\/revisions"}],"wp:featuredmedia":[{"embeddable":true,"href":"https:\/\/www.villaggiosanfrancesco.com\/de\/wp-json\/wp\/v2\/media\/4944"}],"wp:attachment":[{"href":"https:\/\/www.villaggiosanfrancesco.com\/de\/wp-json\/wp\/v2\/media?parent=8296"}],"wp:term":[{"taxonomy":"category","embeddable":true,"href":"https:\/\/www.villaggiosanfrancesco.com\/de\/wp-json\/wp\/v2\/categories?post=8296"},{"taxonomy":"post_tag","embeddable":true,"href":"https:\/\/www.villaggiosanfrancesco.com\/de\/wp-json\/wp\/v2\/tags?post=8296"}],"curies":[{"name":"wp","href":"https:\/\/api.w.org\/{rel}","templated":true}]}}