{"id":7816,"date":"2022-10-11T17:08:05","date_gmt":"2022-10-11T15:08:05","guid":{"rendered":"https:\/\/www.villaggiosanfrancesco.com\/news\/unkategorisiert\/weltumwelttag\/"},"modified":"2023-01-11T17:57:21","modified_gmt":"2023-01-11T16:57:21","slug":"weltumwelttag","status":"publish","type":"post","link":"https:\/\/www.villaggiosanfrancesco.com\/de\/news\/aktuelles\/weltumwelttag\/","title":{"rendered":"Weltumwelttag"},"content":{"rendered":"<div  class=\"grids-section grids-is-advanced alignwide\" style=\"--_gs-gap-desktop:0px 0px;--_gs-m-desktop:0 0 0 0;--_gs-p-desktop:0 0 0 0;--_gs-bg-desktop:transparent none;--_gs-bg-xp-desktop:0px;--_gs-zi-desktop:auto;--_gs-d-desktop:block;--_gs-mw-desktop:calc(100% - 0 - 0);--_gs-gap-tablet:0px 0px;--_gs-m-tablet:0 0 0 0;--_gs-p-tablet:0 0 0 0;--_gs-bg-tablet:transparent none;--_gs-bg-xp-tablet:0px;--_gs-zi-tablet:auto;--_gs-d-tablet:block;--_gs-mw-tablet:calc(100% - 0 - 0);--_gs-gap-mobile:0px 0px;--_gs-m-mobile:0 0 0 0;--_gs-p-mobile:0 0 0 0;--_gs-bg-mobile:transparent none;--_gs-bg-xp-mobile:0px;--_gs-zi-mobile:auto;--_gs-d-mobile:block;--_gs-mw-mobile:calc(100% - 0 - 0);--_gs-columns:12;--_gs-rows:6\"><div class=\"grids-s-w_i\">\n<div class=\"grids-area\" style=\"--_ga-column:2\/12;--_ga-row:1\/3;--_ga-m-desktop:0 0 0 0;--_ga-p-desktop:0 0 0 0;--_ga-bg-desktop:transparent none;--_ga-zi-desktop:auto;--_ga-d-desktop:flex;--_ga-mw-desktop:calc(100% - 0 - 0);--_ga-m-tablet:0 0 0 0;--_ga-p-tablet:0 0 0 0;--_ga-bg-tablet:transparent none;--_ga-zi-tablet:auto;--_ga-d-tablet:flex;--_ga-mw-tablet:calc(100% - 0 - 0);--_ga-m-mobile:0 0 0 0;--_ga-p-mobile:0 10% 0 10%;--_ga-bg-mobile:transparent none;--_ga-zi-mobile:auto;--_ga-d-mobile:flex;--_ga-mw-mobile:calc(100% - 0 - 0)\">\n\n<h3 class=\"wp-block-heading\">\u201cUMWELT\u201c, VOM PARTIZIP PR\u00c4SENS VON \u201eANSTREBEN, UMGEHEN, UMGEBEN\u201d.<\/h3>\n\n\n\n<p>Die Umwelt, von der wir umgeben sind. Die Umwelt, in der wir miteinander interagieren. Eine Umwelt, die wir f\u00fcr uns selbst und f\u00fcr eine bessere, nachhaltigere Zukunft f\u00fcr die n\u00e4chsten Generationen sch\u00fctzen m\u00fcssen, sowohl aus \u00f6kologischer als auch aus menschlicher Sicht. <\/p>\n\n\n\n<p>Eine Menschheit, die bereit ist, sich um ihren Lebensraum zu k\u00fcmmern, indem sie individuelle und kollektive Aktionen ergreift, die darauf abzielen, ein Bewusstsein zu schaffen, das in der Lage ist, Fehler zu korrigieren und die Stimme, die f\u00fcr Sch\u00f6nheit und Bewahrung steht, einm\u00fctig zu erheben.<\/p>\n\n\n\n<div style=\"height:40px\" aria-hidden=\"true\" class=\"wp-block-spacer\"><\/div>\n\n\n\n<h2 class=\"has-text-align-center wp-block-heading\">Seit dem 15. Dezember 1972 gibt es einen Tag, an dem die Umwelt gefeiert wird.<\/h2>\n\n\n\n<div style=\"height:40px\" aria-hidden=\"true\" class=\"wp-block-spacer\"><\/div>\n\n\n\n<p>Am <strong>15. Dezember 1972<\/strong> legte die Versammlung der Vereinten Nationen den 5. Juni als Tag f\u00fcr die Feier des <em>\u201eWeltumwelttages\u201c<\/em> fest, der in diesem Jahr in Zusammenarbeit mit dem Umweltprogramm der Vereinten Nationen (UNEP) in Schweden veranstaltet wird.<\/p>\n\n<\/div>\n\n<div class=\"grids-area\" style=\"--_ga-column:3\/5;--_ga-row:3\/5;--_ga-m-desktop:0 0 0 0;--_ga-p-desktop:0 0 0 0;--_ga-bg-desktop:transparent none;--_ga-zi-desktop:auto;--_ga-d-desktop:flex;--_ga-mw-desktop:calc(100% - 0 - 0);--_ga-m-tablet:0 0 0 0;--_ga-p-tablet:0 0 0 0;--_ga-bg-tablet:transparent none;--_ga-zi-tablet:auto;--_ga-d-tablet:flex;--_ga-mw-tablet:calc(100% - 0 - 0);--_ga-m-mobile:0 0 0 0;--_ga-p-mobile:0 0 0 0;--_ga-bg-mobile:transparent none;--_ga-zi-mobile:auto;--_ga-d-mobile:flex;--_ga-mw-mobile:calc(100% - 0 - 0)\">\n\n<figure class=\"wp-block-image size-full\"><img style=\"background-color: #d9eff1;\" decoding=\"async\" width=\"250\" height=\"250\" src=\"https:\/\/www.villaggiosanfrancesco.com\/wp-content\/uploads\/2022\/08\/Save_water_Villaggio_San_Francesco_Caorle.jpg\" alt=\"Rettet_das_Wasser_Dorf_an_Francesco_Caorle\" class=\"wp-image-4829\" srcset=\"https:\/\/www.villaggiosanfrancesco.com\/wp-content\/uploads\/2022\/08\/Save_water_Villaggio_San_Francesco_Caorle.jpg 250w, https:\/\/www.villaggiosanfrancesco.com\/wp-content\/uploads\/2022\/08\/Save_water_Villaggio_San_Francesco_Caorle-150x150.jpg 150w\" sizes=\"(max-width: 250px) 100vw, 250px\" \/><\/figure>\n\n<\/div>\n\n<div class=\"grids-area\" style=\"--_ga-column:5\/7;--_ga-row:3\/5;--_ga-m-desktop:0 0 0 0;--_ga-p-desktop:0 0 0 0;--_ga-bg-desktop:transparent none;--_ga-zi-desktop:auto;--_ga-d-desktop:flex;--_ga-mw-desktop:calc(100% - 0 - 0);--_ga-m-tablet:0 0 0 0;--_ga-p-tablet:0 0 0 0;--_ga-bg-tablet:transparent none;--_ga-zi-tablet:auto;--_ga-d-tablet:flex;--_ga-mw-tablet:calc(100% - 0 - 0);--_ga-m-mobile:0 0 0 0;--_ga-p-mobile:0 0 0 0;--_ga-bg-mobile:transparent none;--_ga-zi-mobile:auto;--_ga-d-mobile:flex;--_ga-mw-mobile:calc(100% - 0 - 0)\">\n\n<figure class=\"wp-block-image size-full\"><img style=\"background-color: #dfe8e2;\" decoding=\"async\" width=\"250\" height=\"250\" src=\"https:\/\/www.villaggiosanfrancesco.com\/wp-content\/uploads\/2022\/08\/Go_green_Villaggio_San_Francesco_Caorle.jpg\" alt=\"Go_green_Villaggio_San_Francesco_Caorle\" class=\"wp-image-4813\" srcset=\"https:\/\/www.villaggiosanfrancesco.com\/wp-content\/uploads\/2022\/08\/Go_green_Villaggio_San_Francesco_Caorle.jpg 250w, https:\/\/www.villaggiosanfrancesco.com\/wp-content\/uploads\/2022\/08\/Go_green_Villaggio_San_Francesco_Caorle-150x150.jpg 150w\" sizes=\"(max-width: 250px) 100vw, 250px\" \/><\/figure>\n\n<\/div>\n\n<div class=\"grids-area\" style=\"--_ga-column:7\/9;--_ga-row:3\/5;--_ga-m-desktop:0 0 0 0;--_ga-p-desktop:0 0 0 0;--_ga-bg-desktop:transparent none;--_ga-zi-desktop:auto;--_ga-d-desktop:flex;--_ga-mw-desktop:calc(100% - 0 - 0);--_ga-m-tablet:0 0 0 0;--_ga-p-tablet:0 0 0 0;--_ga-bg-tablet:transparent none;--_ga-zi-tablet:auto;--_ga-d-tablet:flex;--_ga-mw-tablet:calc(100% - 0 - 0);--_ga-m-mobile:0 0 0 0;--_ga-p-mobile:0 0 0 0;--_ga-bg-mobile:transparent none;--_ga-zi-mobile:auto;--_ga-d-mobile:flex;--_ga-mw-mobile:calc(100% - 0 - 0)\">\n\n<figure class=\"wp-block-image size-full\"><img style=\"background-color: #e3f0ef;\" decoding=\"async\" width=\"250\" height=\"250\" src=\"https:\/\/www.villaggiosanfrancesco.com\/wp-content\/uploads\/2022\/08\/No_plastic_Villaggio_San_Francesco_Caorle.jpg\" alt=\"Kein_Kunststoff_Dorf_an_Francesco_Caorle\" class=\"wp-image-4821\" srcset=\"https:\/\/www.villaggiosanfrancesco.com\/wp-content\/uploads\/2022\/08\/No_plastic_Villaggio_San_Francesco_Caorle.jpg 250w, https:\/\/www.villaggiosanfrancesco.com\/wp-content\/uploads\/2022\/08\/No_plastic_Villaggio_San_Francesco_Caorle-150x150.jpg 150w\" sizes=\"(max-width: 250px) 100vw, 250px\" \/><\/figure>\n\n<\/div>\n\n<div class=\"grids-area\" style=\"--_ga-column:9\/11;--_ga-row:3\/5;--_ga-m-desktop:0 0 0 0;--_ga-p-desktop:0 0 0 0;--_ga-bg-desktop:transparent none;--_ga-zi-desktop:auto;--_ga-d-desktop:flex;--_ga-mw-desktop:calc(100% - 0 - 0);--_ga-m-tablet:0 0 0 0;--_ga-p-tablet:0 0 0 0;--_ga-bg-tablet:transparent none;--_ga-zi-tablet:auto;--_ga-d-tablet:flex;--_ga-mw-tablet:calc(100% - 0 - 0);--_ga-m-mobile:0 0 0 0;--_ga-p-mobile:0 0 0 0;--_ga-bg-mobile:transparent none;--_ga-zi-mobile:auto;--_ga-d-mobile:flex;--_ga-mw-mobile:calc(100% - 0 - 0)\">\n\n<figure class=\"wp-block-image size-full\"><img style=\"background-color: #edf0e6;\" decoding=\"async\" width=\"250\" height=\"250\" src=\"https:\/\/www.villaggiosanfrancesco.com\/wp-content\/uploads\/2022\/08\/Save_energy_Villaggio_San_Francesco_Caorle.jpg\" alt=\"Energie_sparen_Dorf_an_Francesco_Caorle\" class=\"wp-image-4825\" srcset=\"https:\/\/www.villaggiosanfrancesco.com\/wp-content\/uploads\/2022\/08\/Save_energy_Villaggio_San_Francesco_Caorle.jpg 250w, https:\/\/www.villaggiosanfrancesco.com\/wp-content\/uploads\/2022\/08\/Save_energy_Villaggio_San_Francesco_Caorle-150x150.jpg 150w\" sizes=\"(max-width: 250px) 100vw, 250px\" \/><\/figure>\n\n<\/div>\n\n<div class=\"grids-area\" style=\"--_ga-column:2\/12;--_ga-row:5\/7;--_ga-m-desktop:0 0 0 0;--_ga-p-desktop:0 0 0 0;--_ga-bg-desktop:transparent none;--_ga-zi-desktop:auto;--_ga-d-desktop:flex;--_ga-mw-desktop:calc(100% - 0 - 0);--_ga-m-tablet:0 0 0 0;--_ga-p-tablet:0 0 0 0;--_ga-bg-tablet:transparent none;--_ga-zi-tablet:auto;--_ga-d-tablet:flex;--_ga-mw-tablet:calc(100% - 0 - 0);--_ga-m-mobile:0 0 0 0;--_ga-p-mobile:0 10% 0 10%;--_ga-bg-mobile:transparent none;--_ga-zi-mobile:auto;--_ga-d-mobile:flex;--_ga-mw-mobile:calc(100% - 0 - 0)\">\n\n<h2 class=\"has-text-align-center wp-block-heading\">\u201eNur eine Erde\u201c, der Slogan f\u00fcr den Weltumwelttag 2022 spricht f\u00fcr sich selbst: Die Zeit l\u00e4uft uns davon<\/h2>\n\n\n\n<p>Seitdem wird dieser Tag jedes Jahr mit einem Slogan gekennzeichnet. Der Slogan f\u00fcr 2022, <em><strong>\u201eNur eine Erde\u201c<\/strong><\/em>, betont, wie sehr unsere Zukunft mit dem Wohlergehen unseres Planeten und der Sorge um die Menschen, die ihn bewohnen, verbunden ist. Der Umweltschutz ist auch einer der Eckpfeiler der <strong>Agenda f\u00fcr 2030<\/strong>, in der eines der Ziele f\u00fcr nachhaltige Entwicklung (SDGs), Nummer 15, genau diesem Thema gewidmet ist.<\/p>\n\n<\/div>\n<\/div><\/div>\n\n<div  class=\"grids-section grids-is-advanced alignwide\" style=\"--_gs-gap-desktop:0px 0px;--_gs-m-desktop:100px 100px 0 0;--_gs-p-desktop:0 0 0 0;--_gs-bg-desktop:transparent none;--_gs-bg-xp-desktop:0px;--_gs-zi-desktop:auto;--_gs-d-desktop:block;--_gs-mw-desktop:calc(100% - 0 - 100px);--_gs-gap-tablet:0px 0px;--_gs-m-tablet:100px 100px 0 0;--_gs-p-tablet:0 0 0 0;--_gs-bg-tablet:transparent none;--_gs-bg-xp-tablet:0px;--_gs-zi-tablet:auto;--_gs-d-tablet:block;--_gs-mw-tablet:calc(100% - 0 - 100px);--_gs-gap-mobile:0px 0px;--_gs-m-mobile:100px 100px 0 0;--_gs-p-mobile:0 0 0 0;--_gs-bg-mobile:transparent none;--_gs-bg-xp-mobile:0px;--_gs-zi-mobile:auto;--_gs-d-mobile:block;--_gs-mw-mobile:calc(100% - 0 - 100px);--_gs-columns:12;--_gs-rows:6\"><div class=\"grids-s-w_i\">\n<div class=\"grids-area\" style=\"--_ga-column:3\/6;--_ga-row:1\/4;--_ga-va:center;--_ga-m-desktop:0 0 0 100px;--_ga-p-desktop:0 0 0 0;--_ga-bg-desktop:transparent none;--_ga-zi-desktop:auto;--_ga-d-desktop:flex;--_ga-mw-desktop:calc(100% - 100px - 0);--_ga-m-tablet:0 0 0 100px;--_ga-p-tablet:0 0 0 0;--_ga-bg-tablet:transparent none;--_ga-zi-tablet:auto;--_ga-d-tablet:flex;--_ga-mw-tablet:calc(100% - 100px - 0);--_ga-m-mobile:0 0 0 100px;--_ga-p-mobile:0 0 0 0;--_ga-bg-mobile:transparent none;--_ga-zi-mobile:auto;--_ga-d-mobile:flex;--_ga-mw-mobile:calc(100% - 100px - 0)\">\n\n<span class=\"vc_icon_element-icon fab fa-pagelines\" style=\"color:#9cbf43 !important\"><\/span>\n\n\n\n<h2 class=\"has-text-align-center wp-block-heading\">Nachhaltigkeit und bewusstes Wohlergehen geh\u00f6ren zu den Kernwerten von BiHoliday.<\/h2>\n\n<\/div>\n\n<div class=\"grids-area\" style=\"--_ga-column:7\/11;--_ga-row:1\/4;--_ga-va:center;--_ga-m-desktop:0 0 0 0;--_ga-p-desktop:30px 60px 50px 60px;--_ga-bg-desktop:#9cbf43 none;--_ga-zi-desktop:auto;--_ga-d-desktop:flex;--_ga-mw-desktop:calc(100% - 0 - 0);--_ga-m-tablet:0 0 0 0;--_ga-p-tablet:30px 60px 50px 60px;--_ga-bg-tablet:#9cbf43 none;--_ga-zi-tablet:auto;--_ga-d-tablet:flex;--_ga-mw-tablet:calc(100% - 0 - 0);--_ga-m-mobile:0 0 0 30%;--_ga-p-mobile:30px 60px 50px 15%;--_ga-bg-mobile:#9cbf43 none;--_ga-zi-mobile:auto;--_ga-d-mobile:flex;--_ga-mw-mobile:calc(100% - 30% - 0)\">\n\n<figure class=\"wp-block-image size-full\"><img decoding=\"async\" width=\"350\" height=\"200\" src=\"https:\/\/www.villaggiosanfrancesco.com\/wp-content\/uploads\/2022\/08\/Logo_BiHoliday_Villaggio_San_Francesco_Caorle-1.png\" alt=\"\" class=\"wp-image-4837\" srcset=\"https:\/\/www.villaggiosanfrancesco.com\/wp-content\/uploads\/2022\/08\/Logo_BiHoliday_Villaggio_San_Francesco_Caorle-1.png 350w, https:\/\/www.villaggiosanfrancesco.com\/wp-content\/uploads\/2022\/08\/Logo_BiHoliday_Villaggio_San_Francesco_Caorle-1-300x171.png 300w\" sizes=\"(max-width: 350px) 100vw, 350px\" \/><\/figure>\n\n\n\n<p>Die <strong>BiHoliday-Feriend\u00f6rfer<\/strong> hatten schon immer das Ziel, diese Konzepte zu st\u00e4rken, indem sie interne und externe Bereiche zu wertvollen Gebieten f\u00fcr die Aufwertung des Territoriums und den Respekt vor der Artenvielfalt machen. Spezielle Workshops, Gr\u00fcnfl\u00e4chen, die von Fachpersonal gepflegt werden, und die Aufkl\u00e4rung \u00fcber Themen, die mit dem Wohlergehen unseres Planeten zusammenh\u00e4ngen, sind nur einige der Aktivit\u00e4ten, die von BiHoliday umgesetzt werden und die deutlich machen, dass der Wert der Nachhaltigkeit ein Eckpfeiler des unternehmerischen Wohlergehens ist, ein Wert, der auch von den G\u00e4sten der Feriend\u00f6rfer geteilt wird.<\/p>\n\n<\/div>\n\n<div class=\"grids-area\" style=\"--_ga-column:1\/13;--_ga-row:4\/7;--_ga-m-desktop:100px 0 0 0;--_ga-p-desktop:0 0 0 0;--_ga-bg-desktop:transparent url(https:\/\/www.villaggiosanfrancesco.com\/wp-content\/uploads\/2022\/08\/Sfondo_ambiente_Villaggio_San_Francesco_Caorle.jpg) no-repeat 50% 50%;--_ga-zi-desktop:auto;--_ga-d-desktop:flex;--_ga-mw-desktop:calc(100% - 0 - 0);--_ga-m-tablet:100px 0 0 0;--_ga-p-tablet:0 0 0 0;--_ga-bg-tablet:transparent url(https:\/\/www.villaggiosanfrancesco.com\/wp-content\/uploads\/2022\/08\/Sfondo_ambiente_Villaggio_San_Francesco_Caorle.jpg) no-repeat 50% 50%;--_ga-zi-tablet:auto;--_ga-d-tablet:flex;--_ga-mw-tablet:calc(100% - 0 - 0);--_ga-m-mobile:100px 0 0 5%;--_ga-p-mobile:0 10% 0 15%;--_ga-bg-mobile:transparent url(https:\/\/www.villaggiosanfrancesco.com\/wp-content\/uploads\/2022\/08\/Sfondo_ambiente_Villaggio_San_Francesco_Caorle.jpg) no-repeat 50% 50%;--_ga-zi-mobile:auto;--_ga-d-mobile:flex;--_ga-mw-mobile:calc(100% - 5% - 0)\">\n\n<div style=\"height:40px\" aria-hidden=\"true\" class=\"wp-block-spacer\"><\/div>\n\n\n\n<h2 class=\"has-text-align-center wp-block-heading\">Sch\u00f6nheit, Menschlichkeit, Respekt: die Schl\u00fcsselw\u00f6rter des Weltumwelttages<\/h2>\n\n\n\n<p class=\"has-text-align-center\"><em><strong>\u201eGemeinsam f\u00fcr eine bessere Zukunft\u201c<\/strong><\/em> ist die Grundaussage f\u00fcr dieses Gef\u00fchl, sodass <em>\u201eNur eine Erde\u201c<\/em> zu einer ohrenbet\u00e4ubenden und uneingeschr\u00e4nkten Bewegung werden kann.<\/p>\n\n<\/div>\n<\/div><\/div>","protected":false},"excerpt":{"rendered":"","protected":false},"author":1,"featured_media":4812,"comment_status":"closed","ping_status":"closed","sticky":false,"template":"","format":"standard","meta":{"_acf_changed":false,"advgb_blocks_editor_width":"","advgb_blocks_columns_visual_guide":"","footnotes":""},"categories":[19],"tags":[],"class_list":["post-7816","post","type-post","status-publish","format-standard","has-post-thumbnail","hentry","category-aktuelles","entry"],"acf":[],"yoast_head":"<!-- This site is optimized with the Yoast SEO plugin v26.0 - https:\/\/yoast.com\/wordpress\/plugins\/seo\/ -->\n<title>Weltumwelttag - Villaggio San Francesco<\/title>\n<meta name=\"robots\" content=\"index, follow, max-snippet:-1, max-image-preview:large, max-video-preview:-1\" \/>\n<link rel=\"canonical\" href=\"https:\/\/www.villaggiosanfrancesco.com\/de\/news\/aktuelles\/weltumwelttag\/\" \/>\n<meta property=\"og:locale\" content=\"de_DE\" \/>\n<meta property=\"og:type\" content=\"article\" \/>\n<meta property=\"og:title\" content=\"Weltumwelttag - Villaggio San Francesco\" \/>\n<meta property=\"og:url\" content=\"https:\/\/www.villaggiosanfrancesco.com\/de\/news\/aktuelles\/weltumwelttag\/\" \/>\n<meta property=\"og:site_name\" content=\"Villaggio San Francesco\" \/>\n<meta property=\"article:publisher\" content=\"https:\/\/www.facebook.com\/VillaggioSanFrancesco\/\" \/>\n<meta property=\"article:published_time\" content=\"2022-10-11T15:08:05+00:00\" \/>\n<meta property=\"article:modified_time\" content=\"2023-01-11T16:57:21+00:00\" \/>\n<meta property=\"og:image\" content=\"https:\/\/www.villaggiosanfrancesco.com\/wp-content\/uploads\/2022\/08\/Giornata_ambiente_Villaggio_San_Francesco_Caorle.jpg\" \/>\n\t<meta property=\"og:image:width\" content=\"1900\" \/>\n\t<meta property=\"og:image:height\" content=\"550\" \/>\n\t<meta property=\"og:image:type\" content=\"image\/jpeg\" \/>\n<meta name=\"author\" content=\"admin\" \/>\n<meta name=\"twitter:card\" content=\"summary_large_image\" \/>\n<meta name=\"twitter:label1\" content=\"Verfasst von\" \/>\n\t<meta name=\"twitter:data1\" content=\"admin\" \/>\n\t<meta name=\"twitter:label2\" content=\"Gesch\u00e4tzte Lesezeit\" \/>\n\t<meta name=\"twitter:data2\" content=\"3\u00a0Minuten\" \/>\n<script type=\"application\/ld+json\" class=\"yoast-schema-graph\">{\"@context\":\"https:\/\/schema.org\",\"@graph\":[{\"@type\":\"Article\",\"@id\":\"https:\/\/www.villaggiosanfrancesco.com\/de\/news\/aktuelles\/weltumwelttag\/#article\",\"isPartOf\":{\"@id\":\"https:\/\/www.villaggiosanfrancesco.com\/de\/news\/aktuelles\/weltumwelttag\/\"},\"author\":{\"name\":\"admin\",\"@id\":\"https:\/\/www.villaggiosanfrancesco.com\/de\/#\/schema\/person\/843a17529217e331813a8c3ca5e32d59\"},\"headline\":\"Weltumwelttag\",\"datePublished\":\"2022-10-11T15:08:05+00:00\",\"dateModified\":\"2023-01-11T16:57:21+00:00\",\"mainEntityOfPage\":{\"@id\":\"https:\/\/www.villaggiosanfrancesco.com\/de\/news\/aktuelles\/weltumwelttag\/\"},\"wordCount\":387,\"publisher\":{\"@id\":\"https:\/\/www.villaggiosanfrancesco.com\/de\/#organization\"},\"image\":{\"@id\":\"https:\/\/www.villaggiosanfrancesco.com\/de\/news\/aktuelles\/weltumwelttag\/#primaryimage\"},\"thumbnailUrl\":\"https:\/\/www.villaggiosanfrancesco.com\/wp-content\/uploads\/2022\/08\/Giornata_ambiente_Villaggio_San_Francesco_Caorle.jpg\",\"articleSection\":[\"Aktuelles\"],\"inLanguage\":\"de\"},{\"@type\":\"WebPage\",\"@id\":\"https:\/\/www.villaggiosanfrancesco.com\/de\/news\/aktuelles\/weltumwelttag\/\",\"url\":\"https:\/\/www.villaggiosanfrancesco.com\/de\/news\/aktuelles\/weltumwelttag\/\",\"name\":\"Weltumwelttag - Villaggio San Francesco\",\"isPartOf\":{\"@id\":\"https:\/\/www.villaggiosanfrancesco.com\/de\/#website\"},\"primaryImageOfPage\":{\"@id\":\"https:\/\/www.villaggiosanfrancesco.com\/de\/news\/aktuelles\/weltumwelttag\/#primaryimage\"},\"image\":{\"@id\":\"https:\/\/www.villaggiosanfrancesco.com\/de\/news\/aktuelles\/weltumwelttag\/#primaryimage\"},\"thumbnailUrl\":\"https:\/\/www.villaggiosanfrancesco.com\/wp-content\/uploads\/2022\/08\/Giornata_ambiente_Villaggio_San_Francesco_Caorle.jpg\",\"datePublished\":\"2022-10-11T15:08:05+00:00\",\"dateModified\":\"2023-01-11T16:57:21+00:00\",\"breadcrumb\":{\"@id\":\"https:\/\/www.villaggiosanfrancesco.com\/de\/news\/aktuelles\/weltumwelttag\/#breadcrumb\"},\"inLanguage\":\"de\",\"potentialAction\":[{\"@type\":\"ReadAction\",\"target\":[\"https:\/\/www.villaggiosanfrancesco.com\/de\/news\/aktuelles\/weltumwelttag\/\"]}]},{\"@type\":\"ImageObject\",\"inLanguage\":\"de\",\"@id\":\"https:\/\/www.villaggiosanfrancesco.com\/de\/news\/aktuelles\/weltumwelttag\/#primaryimage\",\"url\":\"https:\/\/www.villaggiosanfrancesco.com\/wp-content\/uploads\/2022\/08\/Giornata_ambiente_Villaggio_San_Francesco_Caorle.jpg\",\"contentUrl\":\"https:\/\/www.villaggiosanfrancesco.com\/wp-content\/uploads\/2022\/08\/Giornata_ambiente_Villaggio_San_Francesco_Caorle.jpg\",\"width\":1900,\"height\":550,\"caption\":\"Giornata_ambiente_Villaggio_San_Francesco_Caorle\"},{\"@type\":\"BreadcrumbList\",\"@id\":\"https:\/\/www.villaggiosanfrancesco.com\/de\/news\/aktuelles\/weltumwelttag\/#breadcrumb\",\"itemListElement\":[{\"@type\":\"ListItem\",\"position\":1,\"name\":\"Home\",\"item\":\"https:\/\/www.villaggiosanfrancesco.com\/de\/\"},{\"@type\":\"ListItem\",\"position\":2,\"name\":\"Aktuelles\",\"item\":\"https:\/\/www.villaggiosanfrancesco.com\/de\/news\/category\/aktuelles\/\"},{\"@type\":\"ListItem\",\"position\":3,\"name\":\"Weltumwelttag\"}]},{\"@type\":\"WebSite\",\"@id\":\"https:\/\/www.villaggiosanfrancesco.com\/de\/#website\",\"url\":\"https:\/\/www.villaggiosanfrancesco.com\/de\/\",\"name\":\"Villaggio San Francesco\",\"description\":\"Caorle, VENEZIA\",\"publisher\":{\"@id\":\"https:\/\/www.villaggiosanfrancesco.com\/de\/#organization\"},\"potentialAction\":[{\"@type\":\"SearchAction\",\"target\":{\"@type\":\"EntryPoint\",\"urlTemplate\":\"https:\/\/www.villaggiosanfrancesco.com\/de\/?s={search_term_string}\"},\"query-input\":{\"@type\":\"PropertyValueSpecification\",\"valueRequired\":true,\"valueName\":\"search_term_string\"}}],\"inLanguage\":\"de\"},{\"@type\":\"Organization\",\"@id\":\"https:\/\/www.villaggiosanfrancesco.com\/de\/#organization\",\"name\":\"Villaggio San Francesco\",\"url\":\"https:\/\/www.villaggiosanfrancesco.com\/de\/\",\"logo\":{\"@type\":\"ImageObject\",\"inLanguage\":\"de\",\"@id\":\"https:\/\/www.villaggiosanfrancesco.com\/de\/#\/schema\/logo\/image\/\",\"url\":\"https:\/\/www.villaggiosanfrancesco.com\/wp-content\/uploads\/2023\/03\/Logo-Villaggio-San-Francesco-Caorle-1.png\",\"contentUrl\":\"https:\/\/www.villaggiosanfrancesco.com\/wp-content\/uploads\/2023\/03\/Logo-Villaggio-San-Francesco-Caorle-1.png\",\"width\":1206,\"height\":356,\"caption\":\"Villaggio San Francesco\"},\"image\":{\"@id\":\"https:\/\/www.villaggiosanfrancesco.com\/de\/#\/schema\/logo\/image\/\"},\"sameAs\":[\"https:\/\/www.facebook.com\/VillaggioSanFrancesco\/\",\"https:\/\/www.instagram.com\/villaggiosanfrancesco\/\",\"https:\/\/www.youtube.com\/channel\/UClXJoJulrb1UANfZodeHn-g\",\"https:\/\/www.tiktok.com\/@sanfrancescoresort\"]},{\"@type\":\"Person\",\"@id\":\"https:\/\/www.villaggiosanfrancesco.com\/de\/#\/schema\/person\/843a17529217e331813a8c3ca5e32d59\",\"name\":\"admin\"}]}<\/script>\n<!-- \/ Yoast SEO plugin. -->","yoast_head_json":{"title":"Weltumwelttag - Villaggio San Francesco","robots":{"index":"index","follow":"follow","max-snippet":"max-snippet:-1","max-image-preview":"max-image-preview:large","max-video-preview":"max-video-preview:-1"},"canonical":"https:\/\/www.villaggiosanfrancesco.com\/de\/news\/aktuelles\/weltumwelttag\/","og_locale":"de_DE","og_type":"article","og_title":"Weltumwelttag - Villaggio San Francesco","og_url":"https:\/\/www.villaggiosanfrancesco.com\/de\/news\/aktuelles\/weltumwelttag\/","og_site_name":"Villaggio San Francesco","article_publisher":"https:\/\/www.facebook.com\/VillaggioSanFrancesco\/","article_published_time":"2022-10-11T15:08:05+00:00","article_modified_time":"2023-01-11T16:57:21+00:00","og_image":[{"width":1900,"height":550,"url":"https:\/\/www.villaggiosanfrancesco.com\/wp-content\/uploads\/2022\/08\/Giornata_ambiente_Villaggio_San_Francesco_Caorle.jpg","type":"image\/jpeg"}],"author":"admin","twitter_card":"summary_large_image","twitter_misc":{"Verfasst von":"admin","Gesch\u00e4tzte Lesezeit":"3\u00a0Minuten"},"schema":{"@context":"https:\/\/schema.org","@graph":[{"@type":"Article","@id":"https:\/\/www.villaggiosanfrancesco.com\/de\/news\/aktuelles\/weltumwelttag\/#article","isPartOf":{"@id":"https:\/\/www.villaggiosanfrancesco.com\/de\/news\/aktuelles\/weltumwelttag\/"},"author":{"name":"admin","@id":"https:\/\/www.villaggiosanfrancesco.com\/de\/#\/schema\/person\/843a17529217e331813a8c3ca5e32d59"},"headline":"Weltumwelttag","datePublished":"2022-10-11T15:08:05+00:00","dateModified":"2023-01-11T16:57:21+00:00","mainEntityOfPage":{"@id":"https:\/\/www.villaggiosanfrancesco.com\/de\/news\/aktuelles\/weltumwelttag\/"},"wordCount":387,"publisher":{"@id":"https:\/\/www.villaggiosanfrancesco.com\/de\/#organization"},"image":{"@id":"https:\/\/www.villaggiosanfrancesco.com\/de\/news\/aktuelles\/weltumwelttag\/#primaryimage"},"thumbnailUrl":"https:\/\/www.villaggiosanfrancesco.com\/wp-content\/uploads\/2022\/08\/Giornata_ambiente_Villaggio_San_Francesco_Caorle.jpg","articleSection":["Aktuelles"],"inLanguage":"de"},{"@type":"WebPage","@id":"https:\/\/www.villaggiosanfrancesco.com\/de\/news\/aktuelles\/weltumwelttag\/","url":"https:\/\/www.villaggiosanfrancesco.com\/de\/news\/aktuelles\/weltumwelttag\/","name":"Weltumwelttag - Villaggio San Francesco","isPartOf":{"@id":"https:\/\/www.villaggiosanfrancesco.com\/de\/#website"},"primaryImageOfPage":{"@id":"https:\/\/www.villaggiosanfrancesco.com\/de\/news\/aktuelles\/weltumwelttag\/#primaryimage"},"image":{"@id":"https:\/\/www.villaggiosanfrancesco.com\/de\/news\/aktuelles\/weltumwelttag\/#primaryimage"},"thumbnailUrl":"https:\/\/www.villaggiosanfrancesco.com\/wp-content\/uploads\/2022\/08\/Giornata_ambiente_Villaggio_San_Francesco_Caorle.jpg","datePublished":"2022-10-11T15:08:05+00:00","dateModified":"2023-01-11T16:57:21+00:00","breadcrumb":{"@id":"https:\/\/www.villaggiosanfrancesco.com\/de\/news\/aktuelles\/weltumwelttag\/#breadcrumb"},"inLanguage":"de","potentialAction":[{"@type":"ReadAction","target":["https:\/\/www.villaggiosanfrancesco.com\/de\/news\/aktuelles\/weltumwelttag\/"]}]},{"@type":"ImageObject","inLanguage":"de","@id":"https:\/\/www.villaggiosanfrancesco.com\/de\/news\/aktuelles\/weltumwelttag\/#primaryimage","url":"https:\/\/www.villaggiosanfrancesco.com\/wp-content\/uploads\/2022\/08\/Giornata_ambiente_Villaggio_San_Francesco_Caorle.jpg","contentUrl":"https:\/\/www.villaggiosanfrancesco.com\/wp-content\/uploads\/2022\/08\/Giornata_ambiente_Villaggio_San_Francesco_Caorle.jpg","width":1900,"height":550,"caption":"Giornata_ambiente_Villaggio_San_Francesco_Caorle"},{"@type":"BreadcrumbList","@id":"https:\/\/www.villaggiosanfrancesco.com\/de\/news\/aktuelles\/weltumwelttag\/#breadcrumb","itemListElement":[{"@type":"ListItem","position":1,"name":"Home","item":"https:\/\/www.villaggiosanfrancesco.com\/de\/"},{"@type":"ListItem","position":2,"name":"Aktuelles","item":"https:\/\/www.villaggiosanfrancesco.com\/de\/news\/category\/aktuelles\/"},{"@type":"ListItem","position":3,"name":"Weltumwelttag"}]},{"@type":"WebSite","@id":"https:\/\/www.villaggiosanfrancesco.com\/de\/#website","url":"https:\/\/www.villaggiosanfrancesco.com\/de\/","name":"Villaggio San Francesco","description":"Caorle, VENEZIA","publisher":{"@id":"https:\/\/www.villaggiosanfrancesco.com\/de\/#organization"},"potentialAction":[{"@type":"SearchAction","target":{"@type":"EntryPoint","urlTemplate":"https:\/\/www.villaggiosanfrancesco.com\/de\/?s={search_term_string}"},"query-input":{"@type":"PropertyValueSpecification","valueRequired":true,"valueName":"search_term_string"}}],"inLanguage":"de"},{"@type":"Organization","@id":"https:\/\/www.villaggiosanfrancesco.com\/de\/#organization","name":"Villaggio San Francesco","url":"https:\/\/www.villaggiosanfrancesco.com\/de\/","logo":{"@type":"ImageObject","inLanguage":"de","@id":"https:\/\/www.villaggiosanfrancesco.com\/de\/#\/schema\/logo\/image\/","url":"https:\/\/www.villaggiosanfrancesco.com\/wp-content\/uploads\/2023\/03\/Logo-Villaggio-San-Francesco-Caorle-1.png","contentUrl":"https:\/\/www.villaggiosanfrancesco.com\/wp-content\/uploads\/2023\/03\/Logo-Villaggio-San-Francesco-Caorle-1.png","width":1206,"height":356,"caption":"Villaggio San Francesco"},"image":{"@id":"https:\/\/www.villaggiosanfrancesco.com\/de\/#\/schema\/logo\/image\/"},"sameAs":["https:\/\/www.facebook.com\/VillaggioSanFrancesco\/","https:\/\/www.instagram.com\/villaggiosanfrancesco\/","https:\/\/www.youtube.com\/channel\/UClXJoJulrb1UANfZodeHn-g","https:\/\/www.tiktok.com\/@sanfrancescoresort"]},{"@type":"Person","@id":"https:\/\/www.villaggiosanfrancesco.com\/de\/#\/schema\/person\/843a17529217e331813a8c3ca5e32d59","name":"admin"}]}},"author_meta":{"display_name":"admin","author_link":"https:\/\/www.villaggiosanfrancesco.com\/de\/news\/author\/admin\/"},"featured_img":"https:\/\/www.villaggiosanfrancesco.com\/wp-content\/uploads\/2022\/08\/Giornata_ambiente_Villaggio_San_Francesco_Caorle-300x87.jpg","coauthors":[],"tax_additional":{"categories":{"linked":["<a href=\"https:\/\/www.villaggiosanfrancesco.com\/de\/news\/category\/aktuelles\/\" class=\"advgb-post-tax-term\">Aktuelles<\/a>"],"unlinked":["<span class=\"advgb-post-tax-term\">Aktuelles<\/span>"]}},"comment_count":"0","relative_dates":{"created":"Posted 4\u00a0Jahren ago","modified":"Updated 3\u00a0Jahren ago"},"absolute_dates":{"created":"Posted on Oktober 11, 2022","modified":"Updated on Januar 11, 2023"},"absolute_dates_time":{"created":"Posted on Oktober 11, 2022 5:08 p.m.","modified":"Updated on Januar 11, 2023 5:57 p.m."},"featured_img_caption":"","series_order":"","_links":{"self":[{"href":"https:\/\/www.villaggiosanfrancesco.com\/de\/wp-json\/wp\/v2\/posts\/7816","targetHints":{"allow":["GET"]}}],"collection":[{"href":"https:\/\/www.villaggiosanfrancesco.com\/de\/wp-json\/wp\/v2\/posts"}],"about":[{"href":"https:\/\/www.villaggiosanfrancesco.com\/de\/wp-json\/wp\/v2\/types\/post"}],"author":[{"embeddable":true,"href":"https:\/\/www.villaggiosanfrancesco.com\/de\/wp-json\/wp\/v2\/users\/1"}],"replies":[{"embeddable":true,"href":"https:\/\/www.villaggiosanfrancesco.com\/de\/wp-json\/wp\/v2\/comments?post=7816"}],"version-history":[{"count":0,"href":"https:\/\/www.villaggiosanfrancesco.com\/de\/wp-json\/wp\/v2\/posts\/7816\/revisions"}],"wp:featuredmedia":[{"embeddable":true,"href":"https:\/\/www.villaggiosanfrancesco.com\/de\/wp-json\/wp\/v2\/media\/4812"}],"wp:attachment":[{"href":"https:\/\/www.villaggiosanfrancesco.com\/de\/wp-json\/wp\/v2\/media?parent=7816"}],"wp:term":[{"taxonomy":"category","embeddable":true,"href":"https:\/\/www.villaggiosanfrancesco.com\/de\/wp-json\/wp\/v2\/categories?post=7816"},{"taxonomy":"post_tag","embeddable":true,"href":"https:\/\/www.villaggiosanfrancesco.com\/de\/wp-json\/wp\/v2\/tags?post=7816"}],"curies":[{"name":"wp","href":"https:\/\/api.w.org\/{rel}","templated":true}]}}