{"id":29000,"date":"2024-10-04T12:56:30","date_gmt":"2024-10-04T10:56:30","guid":{"rendered":"https:\/\/www.villaggiosanfrancesco.com\/news\/aktuelles\/prenota-ora-la-tua-vacanza-2025\/"},"modified":"2024-10-07T11:47:51","modified_gmt":"2024-10-07T09:47:51","slug":"prenota-ora-la-tua-vacanza-2025","status":"publish","type":"post","link":"https:\/\/www.villaggiosanfrancesco.com\/de\/news\/aktuelles\/prenota-ora-la-tua-vacanza-2025\/","title":{"rendered":"Buchen Sie jetzt Ihren Urlaub 2025"},"content":{"rendered":"<div  class=\"grids-section grids-is-advanced\" style=\"--_gs-gap-desktop:0px 0px;--_gs-m-desktop:0 0 0 0;--_gs-p-desktop:0 0 0 0;--_gs-bg-desktop:transparent none;--_gs-bg-xp-desktop:0px;--_gs-zi-desktop:auto;--_gs-d-desktop:block;--_gs-mw-desktop:calc(100% - 0 - 0);--_gs-gap-tablet:0px 0px;--_gs-m-tablet:0 0 0 0;--_gs-p-tablet:0 0 0 0;--_gs-bg-tablet:transparent none;--_gs-bg-xp-tablet:0px;--_gs-zi-tablet:auto;--_gs-d-tablet:block;--_gs-mw-tablet:calc(100% - 0 - 0);--_gs-gap-mobile:0px 0px;--_gs-m-mobile:0 0 0 0;--_gs-p-mobile:0 0 0 0;--_gs-bg-mobile:transparent none;--_gs-bg-xp-mobile:0px;--_gs-zi-mobile:auto;--_gs-d-mobile:block;--_gs-mw-mobile:calc(100% - 0 - 0);--_gs-columns:12;--_gs-rows:6\"><div class=\"grids-s-w_i\">\n<div class=\"grids-area\" style=\"--_ga-column:2\/12;--_ga-row:1\/2;--_ga-m-desktop:0 0 0 0;--_ga-p-desktop:0 0 0 0;--_ga-bg-desktop:transparent none;--_ga-zi-desktop:auto;--_ga-d-desktop:flex;--_ga-mw-desktop:calc(100% - 0 - 0);--_ga-m-tablet:0 0 0 0;--_ga-p-tablet:0 0 0 0;--_ga-bg-tablet:transparent none;--_ga-zi-tablet:auto;--_ga-d-tablet:flex;--_ga-mw-tablet:calc(100% - 0 - 0);--_ga-m-mobile:0 0 0 0;--_ga-p-mobile:0 0 0 0;--_ga-bg-mobile:transparent none;--_ga-zi-mobile:auto;--_ga-d-mobile:flex;--_ga-mw-mobile:calc(100% - 0 - 0)\">\n\n<h2 class=\"wp-block-heading has-text-align-center\">Die Feiertage sind vorbei, heute schlie\u00dfen wir die T\u00fcren f\u00fcr den Winter.<\/h2>\n\n\n\n<p class=\"has-text-align-center\">Es war ein Vergn\u00fcgen, gemeinsam unvergessliche Momente zu erleben&#8230; <br><em>Und wir freuen uns darauf, diese Erfahrung zu wiederholen!<br><\/em><\/p>\n\n\n\n<div style=\"height:57px\" aria-hidden=\"true\" class=\"wp-block-spacer\"><\/div>\n\n\n\n<h3 class=\"wp-block-heading has-text-align-center\"><strong>Buchen Sie Ihren Urlaub 2025 im Voraus. Die besten Erinnerungen beginnen schon hier!<\/strong><\/h3>\n\n<\/div>\n\n<div class=\"grids-area\" style=\"--_ga-column:2\/12;--_ga-row:2\/3;--_ga-m-desktop:0 0 0 0;--_ga-p-desktop:0 0 0 0;--_ga-bg-desktop:transparent none;--_ga-zi-desktop:auto;--_ga-d-desktop:flex;--_ga-mw-desktop:calc(100% - 0 - 0);--_ga-m-tablet:0 0 0 0;--_ga-p-tablet:0 0 0 0;--_ga-bg-tablet:transparent none;--_ga-zi-tablet:auto;--_ga-d-tablet:flex;--_ga-mw-tablet:calc(100% - 0 - 0);--_ga-m-mobile:0 0 0 0;--_ga-p-mobile:0 0 0 0;--_ga-bg-mobile:transparent none;--_ga-zi-mobile:auto;--_ga-d-mobile:flex;--_ga-mw-mobile:calc(100% - 0 - 0)\">\n\n<div class=\"wp-block-buttons is-content-justification-center is-layout-flex wp-container-core-buttons-is-layout-16018d1d wp-block-buttons-is-layout-flex\">\n<div class=\"wp-block-button\"><a class=\"wp-block-button__link wp-element-button\" href=\"https:\/\/www.villaggiosanfrancesco.com\/de\/booking\/\">ANGEBOT ANFORDERN<\/a><\/div>\n<\/div>\n\n<\/div>\n<\/div><\/div>\n\n<div  class=\"grids-section grids-is-advanced\" style=\"--_gs-gap-desktop:0px 0px;--_gs-m-desktop:0 0 0 0;--_gs-p-desktop:0 0 0 0;--_gs-bg-desktop:transparent none;--_gs-bg-xp-desktop:0px;--_gs-zi-desktop:auto;--_gs-d-desktop:block;--_gs-mw-desktop:calc(100% - 0 - 0);--_gs-gap-tablet:0px 0px;--_gs-m-tablet:0 0 0 0;--_gs-p-tablet:0 0 0 0;--_gs-bg-tablet:transparent none;--_gs-bg-xp-tablet:0px;--_gs-zi-tablet:auto;--_gs-d-tablet:block;--_gs-mw-tablet:calc(100% - 0 - 0);--_gs-gap-mobile:0px 0px;--_gs-m-mobile:0 0 0 0;--_gs-p-mobile:0 0 0 0;--_gs-bg-mobile:transparent none;--_gs-bg-xp-mobile:0px;--_gs-zi-mobile:auto;--_gs-d-mobile:block;--_gs-mw-mobile:calc(100% - 0 - 0);--_gs-columns:12;--_gs-rows:6\"><div class=\"grids-s-w_i\">\n<div class=\"grids-area\" style=\"--_ga-column:1\/4;--_ga-row:1\/2;--_ga-m-desktop:0 0 0 0;--_ga-p-desktop:0 0 0 0;--_ga-bg-desktop:transparent none;--_ga-zi-desktop:auto;--_ga-d-desktop:flex;--_ga-mw-desktop:calc(100% - 0 - 0);--_ga-m-tablet:0 0 0 0;--_ga-p-tablet:0 0 0 0;--_ga-bg-tablet:transparent none;--_ga-zi-tablet:auto;--_ga-d-tablet:flex;--_ga-mw-tablet:calc(100% - 0 - 0);--_ga-m-mobile:0 0 0 0;--_ga-p-mobile:0 0 0 0;--_ga-bg-mobile:transparent none;--_ga-zi-mobile:auto;--_ga-d-mobile:flex;--_ga-mw-mobile:calc(100% - 0 - 0)\">\n\n<figure class=\"wp-block-image size-full\"><img style=\"background-color: #7faac9;\" decoding=\"async\" width=\"800\" height=\"800\" src=\"https:\/\/www.villaggiosanfrancesco.com\/wp-content\/uploads\/2024\/09\/spiaggia_villaggio_san_francesco_01-800x800-1.webp\" alt=\"\" class=\"wp-image-28602\" srcset=\"https:\/\/www.villaggiosanfrancesco.com\/wp-content\/uploads\/2024\/09\/spiaggia_villaggio_san_francesco_01-800x800-1.webp 800w, https:\/\/www.villaggiosanfrancesco.com\/wp-content\/uploads\/2024\/09\/spiaggia_villaggio_san_francesco_01-800x800-1-300x300.webp 300w, https:\/\/www.villaggiosanfrancesco.com\/wp-content\/uploads\/2024\/09\/spiaggia_villaggio_san_francesco_01-800x800-1-150x150.webp 150w, https:\/\/www.villaggiosanfrancesco.com\/wp-content\/uploads\/2024\/09\/spiaggia_villaggio_san_francesco_01-800x800-1-768x768.webp 768w\" sizes=\"(max-width: 800px) 100vw, 800px\" \/><\/figure>\n\n<\/div>\n\n<div class=\"grids-area\" style=\"--_ga-column:4\/7;--_ga-row:1\/2;--_ga-m-desktop:0 0 0 0;--_ga-p-desktop:0 0 0 0;--_ga-bg-desktop:transparent none;--_ga-zi-desktop:auto;--_ga-d-desktop:flex;--_ga-mw-desktop:calc(100% - 0 - 0);--_ga-m-tablet:0 0 0 0;--_ga-p-tablet:0 0 0 0;--_ga-bg-tablet:transparent none;--_ga-zi-tablet:auto;--_ga-d-tablet:flex;--_ga-mw-tablet:calc(100% - 0 - 0);--_ga-m-mobile:0 0 0 0;--_ga-p-mobile:0 0 0 0;--_ga-bg-mobile:transparent none;--_ga-zi-mobile:auto;--_ga-d-mobile:flex;--_ga-mw-mobile:calc(100% - 0 - 0)\">\n\n<figure class=\"wp-block-image size-full\"><img style=\"background-color: #5a623e;\" decoding=\"async\" width=\"800\" height=\"800\" src=\"https:\/\/www.villaggiosanfrancesco.com\/wp-content\/uploads\/2024\/09\/bvillaggio-per-famiglie-con-bambini-san-francesco-village-800x800-1.webp\" alt=\"\" class=\"wp-image-28607\" srcset=\"https:\/\/www.villaggiosanfrancesco.com\/wp-content\/uploads\/2024\/09\/bvillaggio-per-famiglie-con-bambini-san-francesco-village-800x800-1.webp 800w, https:\/\/www.villaggiosanfrancesco.com\/wp-content\/uploads\/2024\/09\/bvillaggio-per-famiglie-con-bambini-san-francesco-village-800x800-1-300x300.webp 300w, https:\/\/www.villaggiosanfrancesco.com\/wp-content\/uploads\/2024\/09\/bvillaggio-per-famiglie-con-bambini-san-francesco-village-800x800-1-150x150.webp 150w, https:\/\/www.villaggiosanfrancesco.com\/wp-content\/uploads\/2024\/09\/bvillaggio-per-famiglie-con-bambini-san-francesco-village-800x800-1-768x768.webp 768w\" sizes=\"(max-width: 800px) 100vw, 800px\" \/><\/figure>\n\n<\/div>\n\n<div class=\"grids-area\" style=\"--_ga-column:7\/10;--_ga-row:1\/2;--_ga-m-desktop:0 0 0 0;--_ga-p-desktop:0 0 0 0;--_ga-bg-desktop:transparent none;--_ga-zi-desktop:auto;--_ga-d-desktop:flex;--_ga-mw-desktop:calc(100% - 0 - 0);--_ga-m-tablet:0 0 0 0;--_ga-p-tablet:0 0 0 0;--_ga-bg-tablet:transparent none;--_ga-zi-tablet:auto;--_ga-d-tablet:flex;--_ga-mw-tablet:calc(100% - 0 - 0);--_ga-m-mobile:0 0 0 0;--_ga-p-mobile:0 0 0 0;--_ga-bg-mobile:transparent none;--_ga-zi-mobile:auto;--_ga-d-mobile:flex;--_ga-mw-mobile:calc(100% - 0 - 0)\">\n\n<figure class=\"wp-block-image size-full\"><img style=\"background-color: #828169;\" decoding=\"async\" width=\"800\" height=\"800\" src=\"https:\/\/www.villaggiosanfrancesco.com\/wp-content\/uploads\/2024\/09\/zona_pineta_villaggio_san_francesco-800x800-1.webp\" alt=\"\" class=\"wp-image-28612\" srcset=\"https:\/\/www.villaggiosanfrancesco.com\/wp-content\/uploads\/2024\/09\/zona_pineta_villaggio_san_francesco-800x800-1.webp 800w, https:\/\/www.villaggiosanfrancesco.com\/wp-content\/uploads\/2024\/09\/zona_pineta_villaggio_san_francesco-800x800-1-300x300.webp 300w, https:\/\/www.villaggiosanfrancesco.com\/wp-content\/uploads\/2024\/09\/zona_pineta_villaggio_san_francesco-800x800-1-150x150.webp 150w, https:\/\/www.villaggiosanfrancesco.com\/wp-content\/uploads\/2024\/09\/zona_pineta_villaggio_san_francesco-800x800-1-768x768.webp 768w\" sizes=\"(max-width: 800px) 100vw, 800px\" \/><\/figure>\n\n<\/div>\n\n<div class=\"grids-area\" style=\"--_ga-column:10\/13;--_ga-row:1\/2;--_ga-m-desktop:0 0 0 0;--_ga-p-desktop:0 0 0 0;--_ga-bg-desktop:transparent none;--_ga-zi-desktop:auto;--_ga-d-desktop:flex;--_ga-mw-desktop:calc(100% - 0 - 0);--_ga-m-tablet:0 0 0 0;--_ga-p-tablet:0 0 0 0;--_ga-bg-tablet:transparent none;--_ga-zi-tablet:auto;--_ga-d-tablet:flex;--_ga-mw-tablet:calc(100% - 0 - 0);--_ga-m-mobile:0 0 0 0;--_ga-p-mobile:0 0 0 0;--_ga-bg-mobile:transparent none;--_ga-zi-mobile:auto;--_ga-d-mobile:flex;--_ga-mw-mobile:calc(100% - 0 - 0)\">\n\n<figure class=\"wp-block-image size-full\"><img style=\"background-color: #76553f;\" decoding=\"async\" width=\"800\" height=\"800\" src=\"https:\/\/www.villaggiosanfrancesco.com\/wp-content\/uploads\/2024\/09\/bicicletta-sulla-spiaggia-al-tramonto-800x800-1.webp\" alt=\"\" class=\"wp-image-28412\" srcset=\"https:\/\/www.villaggiosanfrancesco.com\/wp-content\/uploads\/2024\/09\/bicicletta-sulla-spiaggia-al-tramonto-800x800-1.webp 800w, https:\/\/www.villaggiosanfrancesco.com\/wp-content\/uploads\/2024\/09\/bicicletta-sulla-spiaggia-al-tramonto-800x800-1-300x300.webp 300w, https:\/\/www.villaggiosanfrancesco.com\/wp-content\/uploads\/2024\/09\/bicicletta-sulla-spiaggia-al-tramonto-800x800-1-150x150.webp 150w, https:\/\/www.villaggiosanfrancesco.com\/wp-content\/uploads\/2024\/09\/bicicletta-sulla-spiaggia-al-tramonto-800x800-1-768x768.webp 768w\" sizes=\"(max-width: 800px) 100vw, 800px\" \/><\/figure>\n\n<\/div>\n<\/div><\/div>\n\n<div  id=\"dettagli\" class=\"grids-section grids-is-advanced\" style=\"--_gs-gap-desktop:0px 0px;--_gs-m-desktop:0 0 0 0;--_gs-p-desktop:0 0 0 0;--_gs-bg-desktop:transparent none;--_gs-bg-xp-desktop:0px;--_gs-zi-desktop:auto;--_gs-d-desktop:block;--_gs-mw-desktop:calc(100% - 0 - 0);--_gs-gap-tablet:0px 0px;--_gs-m-tablet:0 0 0 0;--_gs-p-tablet:0 0 0 0;--_gs-bg-tablet:transparent none;--_gs-bg-xp-tablet:0px;--_gs-zi-tablet:auto;--_gs-d-tablet:block;--_gs-mw-tablet:calc(100% - 0 - 0);--_gs-gap-mobile:0px 0px;--_gs-m-mobile:0 0 0 0;--_gs-p-mobile:0 0 0 0;--_gs-bg-mobile:transparent none;--_gs-bg-xp-mobile:0px;--_gs-zi-mobile:auto;--_gs-d-mobile:block;--_gs-mw-mobile:calc(100% - 0 - 0);--_gs-columns:12;--_gs-rows:6\"><div class=\"grids-s-w_i\">\n<div class=\"grids-area\" style=\"--_ga-column:2\/12;--_ga-row:1\/2;--_ga-m-desktop:0 0 0 0;--_ga-p-desktop:0 0 0 0;--_ga-bg-desktop:transparent none;--_ga-zi-desktop:auto;--_ga-d-desktop:flex;--_ga-mw-desktop:calc(100% - 0 - 0);--_ga-m-tablet:0 0 0 0;--_ga-p-tablet:0 0 0 0;--_ga-bg-tablet:transparent none;--_ga-zi-tablet:auto;--_ga-d-tablet:flex;--_ga-mw-tablet:calc(100% - 0 - 0);--_ga-m-mobile:0 0 0 0;--_ga-p-mobile:0 0 0 0;--_ga-bg-mobile:transparent none;--_ga-zi-mobile:auto;--_ga-d-mobile:flex;--_ga-mw-mobile:calc(100% - 0 - 0)\">\n\n<h3 class=\"wp-block-heading\"><strong>Buchen Sie Ihren Urlaub 2025<\/strong><\/h3>\n\n<\/div>\n\n<div class=\"grids-area\" style=\"--_ga-column:2\/12;--_ga-row:3\/7;--_ga-m-desktop:25px 0 0 0;--_ga-p-desktop:0 0 0 0;--_ga-bg-desktop:transparent none;--_ga-zi-desktop:auto;--_ga-d-desktop:flex;--_ga-mw-desktop:calc(100% - 0 - 0);--_ga-m-tablet:25px 0 0 0;--_ga-p-tablet:0 0 0 0;--_ga-bg-tablet:transparent none;--_ga-zi-tablet:auto;--_ga-d-tablet:flex;--_ga-mw-tablet:calc(100% - 0 - 0);--_ga-m-mobile:25px 0 0 0;--_ga-p-mobile:0 0 0 0;--_ga-bg-mobile:transparent none;--_ga-zi-mobile:auto;--_ga-d-mobile:flex;--_ga-mw-mobile:calc(100% - 0 - 0)\">\n\n<h3 class=\"wp-block-heading\"><strong>Sie k\u00f6nnen haben:<\/strong><\/h3>\n\n\n\n<ul class=\"wp-block-list\">\n<li><strong>Vorrangiger Zugang<\/strong> zu Ihrer bevorzugten Unterkunft und Reservierung Ihres Paradieses im Voraus, bevor andere es finden<\/li>\n\n\n\n<li>Ihr <strong>pers\u00f6nliches Angebot<\/strong><\/li>\n\n\n\n<li>Ein engagierter Mitarbeiter wird sich um Ihr Angebot k\u00fcmmern und den <strong>besten Preis<\/strong> der Saison f\u00fcr Sie festsetzen<\/li>\n<\/ul>\n\n<\/div>\n<\/div><\/div>\n\n<div  id=\"espositore\" class=\"grids-section grids-is-advanced alignwide\" style=\"--_gs-gap-desktop:0px 0px;--_gs-m-desktop:0 0 20px 0;--_gs-p-desktop:0 0 0 0;--_gs-bg-desktop:#b7f8ff none;--_gs-bg-xp-desktop:0px;--_gs-zi-desktop:auto;--_gs-d-desktop:block;--_gs-mw-desktop:calc(100% - 0 - 0);--_gs-gap-tablet:0px 0px;--_gs-m-tablet:0 0 20px 0;--_gs-p-tablet:0 0 0 0;--_gs-bg-tablet:#b7f8ff none;--_gs-bg-xp-tablet:0px;--_gs-zi-tablet:auto;--_gs-d-tablet:block;--_gs-mw-tablet:calc(100% - 0 - 0);--_gs-gap-mobile:0px 0px;--_gs-m-mobile:0 0 20px 0;--_gs-p-mobile:0 0 0 0;--_gs-bg-mobile:#b7f8ff none;--_gs-bg-xp-mobile:0px;--_gs-zi-mobile:auto;--_gs-d-mobile:block;--_gs-mw-mobile:calc(100% - 0 - 0);--_gs-columns:12;--_gs-rows:6\"><div class=\"grids-s-w_i\">\n<div class=\"grids-area\" style=\"--_ga-column:1\/13;--_ga-row:1\/7;--_ga-m-desktop:0 0 0 0;--_ga-p-desktop:0 0 0 0;--_ga-bg-desktop:transparent none;--_ga-zi-desktop:auto;--_ga-d-desktop:flex;--_ga-mw-desktop:calc(100% - 0 - 0);--_ga-m-tablet:0 0 0 0;--_ga-p-tablet:0 0 0 0;--_ga-bg-tablet:transparent none;--_ga-zi-tablet:auto;--_ga-d-tablet:flex;--_ga-mw-tablet:calc(100% - 0 - 0);--_ga-m-mobile:0 0 0 0;--_ga-p-mobile:0 0 0 0;--_ga-bg-mobile:transparent none;--_ga-zi-mobile:auto;--_ga-d-mobile:flex;--_ga-mw-mobile:calc(100% - 0 - 0)\">\n\n<h3 class=\"wp-block-heading has-text-align-center\">Wir freuen uns darauf, Sie wieder begr\u00fc\u00dfen zu d\u00fcrfen,<br>um gemeinsam neue Erinnerungen zu schaffen<br>und Ihren n\u00e4chsten Sommer noch sch\u00f6ner zu gestalten.<\/h3>\n\n\n\n<div style=\"height:20px\" aria-hidden=\"true\" class=\"wp-block-spacer\"><\/div>\n\n\n\n<div class=\"wp-block-buttons is-content-justification-center is-layout-flex wp-container-core-buttons-is-layout-16018d1d wp-block-buttons-is-layout-flex\">\n<div class=\"wp-block-button\"><a class=\"wp-block-button__link wp-element-button\" href=\"https:\/\/www.villaggiosanfrancesco.com\/de\/booking\/\">ANGEBOT ANFORDERN<\/a><\/div>\n<\/div>\n\n<\/div>\n<\/div><\/div>","protected":false},"excerpt":{"rendered":"<p>Die Ferien sind vorbei, heute schlie\u00dfen wir die T\u00fcren f\u00fcr den Winter.<br \/>\nBuchen Sie Ihren Urlaub f\u00fcr 2025 im Voraus. Die sch\u00f6nsten Erinnerungen beginnen bereits hier!<\/p>\n","protected":false},"author":29,"featured_media":28919,"comment_status":"closed","ping_status":"closed","sticky":false,"template":"","format":"standard","meta":{"_acf_changed":false,"advgb_blocks_editor_width":"","advgb_blocks_columns_visual_guide":"","footnotes":""},"categories":[19],"tags":[],"class_list":["post-29000","post","type-post","status-publish","format-standard","has-post-thumbnail","hentry","category-aktuelles","entry"],"acf":[],"yoast_head":"<!-- This site is optimized with the Yoast SEO plugin v26.0 - https:\/\/yoast.com\/wordpress\/plugins\/seo\/ -->\n<title>Buchen Sie jetzt Ihren Urlaub 2025 - Villaggio San Francesco<\/title>\n<meta name=\"robots\" content=\"index, follow, max-snippet:-1, max-image-preview:large, max-video-preview:-1\" \/>\n<link rel=\"canonical\" href=\"https:\/\/www.villaggiosanfrancesco.com\/de\/news\/aktuelles\/prenota-ora-la-tua-vacanza-2025\/\" \/>\n<meta property=\"og:locale\" content=\"de_DE\" \/>\n<meta property=\"og:type\" content=\"article\" \/>\n<meta property=\"og:title\" content=\"Buchen Sie jetzt Ihren Urlaub 2025 - Villaggio San Francesco\" \/>\n<meta property=\"og:description\" content=\"Die Ferien sind vorbei, heute schlie\u00dfen wir die T\u00fcren f\u00fcr den Winter. Buchen Sie Ihren Urlaub f\u00fcr 2025 im Voraus. Die sch\u00f6nsten Erinnerungen beginnen bereits hier!\" \/>\n<meta property=\"og:url\" content=\"https:\/\/www.villaggiosanfrancesco.com\/de\/news\/aktuelles\/prenota-ora-la-tua-vacanza-2025\/\" \/>\n<meta property=\"og:site_name\" content=\"Villaggio San Francesco\" \/>\n<meta property=\"article:publisher\" content=\"https:\/\/www.facebook.com\/VillaggioSanFrancesco\/\" \/>\n<meta property=\"article:published_time\" content=\"2024-10-04T10:56:30+00:00\" \/>\n<meta property=\"article:modified_time\" content=\"2024-10-07T09:47:51+00:00\" \/>\n<meta property=\"og:image\" content=\"https:\/\/www.villaggiosanfrancesco.com\/wp-content\/uploads\/2024\/10\/2000x1000-SF-1.webp\" \/>\n\t<meta property=\"og:image:width\" content=\"2000\" \/>\n\t<meta property=\"og:image:height\" content=\"1000\" \/>\n\t<meta property=\"og:image:type\" content=\"image\/webp\" \/>\n<meta name=\"author\" content=\"Mattia\" \/>\n<meta name=\"twitter:card\" content=\"summary_large_image\" \/>\n<meta name=\"twitter:label1\" content=\"Verfasst von\" \/>\n\t<meta name=\"twitter:data1\" content=\"Mattia\" \/>\n\t<meta name=\"twitter:label2\" content=\"Gesch\u00e4tzte Lesezeit\" \/>\n\t<meta name=\"twitter:data2\" content=\"2\u00a0Minuten\" \/>\n<script type=\"application\/ld+json\" class=\"yoast-schema-graph\">{\"@context\":\"https:\/\/schema.org\",\"@graph\":[{\"@type\":\"Article\",\"@id\":\"https:\/\/www.villaggiosanfrancesco.com\/de\/news\/aktuelles\/prenota-ora-la-tua-vacanza-2025\/#article\",\"isPartOf\":{\"@id\":\"https:\/\/www.villaggiosanfrancesco.com\/de\/news\/aktuelles\/prenota-ora-la-tua-vacanza-2025\/\"},\"author\":{\"name\":\"Mattia\",\"@id\":\"https:\/\/www.villaggiosanfrancesco.com\/de\/#\/schema\/person\/71e3d0d201ec2ed38e3ee89e176e6e34\"},\"headline\":\"Buchen Sie jetzt Ihren Urlaub 2025\",\"datePublished\":\"2024-10-04T10:56:30+00:00\",\"dateModified\":\"2024-10-07T09:47:51+00:00\",\"mainEntityOfPage\":{\"@id\":\"https:\/\/www.villaggiosanfrancesco.com\/de\/news\/aktuelles\/prenota-ora-la-tua-vacanza-2025\/\"},\"wordCount\":129,\"publisher\":{\"@id\":\"https:\/\/www.villaggiosanfrancesco.com\/de\/#organization\"},\"image\":{\"@id\":\"https:\/\/www.villaggiosanfrancesco.com\/de\/news\/aktuelles\/prenota-ora-la-tua-vacanza-2025\/#primaryimage\"},\"thumbnailUrl\":\"https:\/\/www.villaggiosanfrancesco.com\/wp-content\/uploads\/2024\/10\/2000x1000-SF-1.webp\",\"articleSection\":[\"Aktuelles\"],\"inLanguage\":\"de\"},{\"@type\":\"WebPage\",\"@id\":\"https:\/\/www.villaggiosanfrancesco.com\/de\/news\/aktuelles\/prenota-ora-la-tua-vacanza-2025\/\",\"url\":\"https:\/\/www.villaggiosanfrancesco.com\/de\/news\/aktuelles\/prenota-ora-la-tua-vacanza-2025\/\",\"name\":\"Buchen Sie jetzt Ihren Urlaub 2025 - Villaggio San Francesco\",\"isPartOf\":{\"@id\":\"https:\/\/www.villaggiosanfrancesco.com\/de\/#website\"},\"primaryImageOfPage\":{\"@id\":\"https:\/\/www.villaggiosanfrancesco.com\/de\/news\/aktuelles\/prenota-ora-la-tua-vacanza-2025\/#primaryimage\"},\"image\":{\"@id\":\"https:\/\/www.villaggiosanfrancesco.com\/de\/news\/aktuelles\/prenota-ora-la-tua-vacanza-2025\/#primaryimage\"},\"thumbnailUrl\":\"https:\/\/www.villaggiosanfrancesco.com\/wp-content\/uploads\/2024\/10\/2000x1000-SF-1.webp\",\"datePublished\":\"2024-10-04T10:56:30+00:00\",\"dateModified\":\"2024-10-07T09:47:51+00:00\",\"breadcrumb\":{\"@id\":\"https:\/\/www.villaggiosanfrancesco.com\/de\/news\/aktuelles\/prenota-ora-la-tua-vacanza-2025\/#breadcrumb\"},\"inLanguage\":\"de\",\"potentialAction\":[{\"@type\":\"ReadAction\",\"target\":[\"https:\/\/www.villaggiosanfrancesco.com\/de\/news\/aktuelles\/prenota-ora-la-tua-vacanza-2025\/\"]}]},{\"@type\":\"ImageObject\",\"inLanguage\":\"de\",\"@id\":\"https:\/\/www.villaggiosanfrancesco.com\/de\/news\/aktuelles\/prenota-ora-la-tua-vacanza-2025\/#primaryimage\",\"url\":\"https:\/\/www.villaggiosanfrancesco.com\/wp-content\/uploads\/2024\/10\/2000x1000-SF-1.webp\",\"contentUrl\":\"https:\/\/www.villaggiosanfrancesco.com\/wp-content\/uploads\/2024\/10\/2000x1000-SF-1.webp\",\"width\":2000,\"height\":1000},{\"@type\":\"BreadcrumbList\",\"@id\":\"https:\/\/www.villaggiosanfrancesco.com\/de\/news\/aktuelles\/prenota-ora-la-tua-vacanza-2025\/#breadcrumb\",\"itemListElement\":[{\"@type\":\"ListItem\",\"position\":1,\"name\":\"Home\",\"item\":\"https:\/\/www.villaggiosanfrancesco.com\/de\/\"},{\"@type\":\"ListItem\",\"position\":2,\"name\":\"Aktuelles\",\"item\":\"https:\/\/www.villaggiosanfrancesco.com\/de\/news\/category\/aktuelles\/\"},{\"@type\":\"ListItem\",\"position\":3,\"name\":\"Buchen Sie jetzt Ihren Urlaub 2025\"}]},{\"@type\":\"WebSite\",\"@id\":\"https:\/\/www.villaggiosanfrancesco.com\/de\/#website\",\"url\":\"https:\/\/www.villaggiosanfrancesco.com\/de\/\",\"name\":\"Villaggio San Francesco\",\"description\":\"Caorle, VENEZIA\",\"publisher\":{\"@id\":\"https:\/\/www.villaggiosanfrancesco.com\/de\/#organization\"},\"potentialAction\":[{\"@type\":\"SearchAction\",\"target\":{\"@type\":\"EntryPoint\",\"urlTemplate\":\"https:\/\/www.villaggiosanfrancesco.com\/de\/?s={search_term_string}\"},\"query-input\":{\"@type\":\"PropertyValueSpecification\",\"valueRequired\":true,\"valueName\":\"search_term_string\"}}],\"inLanguage\":\"de\"},{\"@type\":\"Organization\",\"@id\":\"https:\/\/www.villaggiosanfrancesco.com\/de\/#organization\",\"name\":\"Villaggio San Francesco\",\"url\":\"https:\/\/www.villaggiosanfrancesco.com\/de\/\",\"logo\":{\"@type\":\"ImageObject\",\"inLanguage\":\"de\",\"@id\":\"https:\/\/www.villaggiosanfrancesco.com\/de\/#\/schema\/logo\/image\/\",\"url\":\"https:\/\/www.villaggiosanfrancesco.com\/wp-content\/uploads\/2023\/03\/Logo-Villaggio-San-Francesco-Caorle-1.png\",\"contentUrl\":\"https:\/\/www.villaggiosanfrancesco.com\/wp-content\/uploads\/2023\/03\/Logo-Villaggio-San-Francesco-Caorle-1.png\",\"width\":1206,\"height\":356,\"caption\":\"Villaggio San Francesco\"},\"image\":{\"@id\":\"https:\/\/www.villaggiosanfrancesco.com\/de\/#\/schema\/logo\/image\/\"},\"sameAs\":[\"https:\/\/www.facebook.com\/VillaggioSanFrancesco\/\",\"https:\/\/www.instagram.com\/villaggiosanfrancesco\/\",\"https:\/\/www.youtube.com\/channel\/UClXJoJulrb1UANfZodeHn-g\",\"https:\/\/www.tiktok.com\/@sanfrancescoresort\"]},{\"@type\":\"Person\",\"@id\":\"https:\/\/www.villaggiosanfrancesco.com\/de\/#\/schema\/person\/71e3d0d201ec2ed38e3ee89e176e6e34\",\"name\":\"Mattia\"}]}<\/script>\n<!-- \/ Yoast SEO plugin. -->","yoast_head_json":{"title":"Buchen Sie jetzt Ihren Urlaub 2025 - Villaggio San Francesco","robots":{"index":"index","follow":"follow","max-snippet":"max-snippet:-1","max-image-preview":"max-image-preview:large","max-video-preview":"max-video-preview:-1"},"canonical":"https:\/\/www.villaggiosanfrancesco.com\/de\/news\/aktuelles\/prenota-ora-la-tua-vacanza-2025\/","og_locale":"de_DE","og_type":"article","og_title":"Buchen Sie jetzt Ihren Urlaub 2025 - Villaggio San Francesco","og_description":"Die Ferien sind vorbei, heute schlie\u00dfen wir die T\u00fcren f\u00fcr den Winter. Buchen Sie Ihren Urlaub f\u00fcr 2025 im Voraus. Die sch\u00f6nsten Erinnerungen beginnen bereits hier!","og_url":"https:\/\/www.villaggiosanfrancesco.com\/de\/news\/aktuelles\/prenota-ora-la-tua-vacanza-2025\/","og_site_name":"Villaggio San Francesco","article_publisher":"https:\/\/www.facebook.com\/VillaggioSanFrancesco\/","article_published_time":"2024-10-04T10:56:30+00:00","article_modified_time":"2024-10-07T09:47:51+00:00","og_image":[{"width":2000,"height":1000,"url":"https:\/\/www.villaggiosanfrancesco.com\/wp-content\/uploads\/2024\/10\/2000x1000-SF-1.webp","type":"image\/webp"}],"author":"Mattia","twitter_card":"summary_large_image","twitter_misc":{"Verfasst von":"Mattia","Gesch\u00e4tzte Lesezeit":"2\u00a0Minuten"},"schema":{"@context":"https:\/\/schema.org","@graph":[{"@type":"Article","@id":"https:\/\/www.villaggiosanfrancesco.com\/de\/news\/aktuelles\/prenota-ora-la-tua-vacanza-2025\/#article","isPartOf":{"@id":"https:\/\/www.villaggiosanfrancesco.com\/de\/news\/aktuelles\/prenota-ora-la-tua-vacanza-2025\/"},"author":{"name":"Mattia","@id":"https:\/\/www.villaggiosanfrancesco.com\/de\/#\/schema\/person\/71e3d0d201ec2ed38e3ee89e176e6e34"},"headline":"Buchen Sie jetzt Ihren Urlaub 2025","datePublished":"2024-10-04T10:56:30+00:00","dateModified":"2024-10-07T09:47:51+00:00","mainEntityOfPage":{"@id":"https:\/\/www.villaggiosanfrancesco.com\/de\/news\/aktuelles\/prenota-ora-la-tua-vacanza-2025\/"},"wordCount":129,"publisher":{"@id":"https:\/\/www.villaggiosanfrancesco.com\/de\/#organization"},"image":{"@id":"https:\/\/www.villaggiosanfrancesco.com\/de\/news\/aktuelles\/prenota-ora-la-tua-vacanza-2025\/#primaryimage"},"thumbnailUrl":"https:\/\/www.villaggiosanfrancesco.com\/wp-content\/uploads\/2024\/10\/2000x1000-SF-1.webp","articleSection":["Aktuelles"],"inLanguage":"de"},{"@type":"WebPage","@id":"https:\/\/www.villaggiosanfrancesco.com\/de\/news\/aktuelles\/prenota-ora-la-tua-vacanza-2025\/","url":"https:\/\/www.villaggiosanfrancesco.com\/de\/news\/aktuelles\/prenota-ora-la-tua-vacanza-2025\/","name":"Buchen Sie jetzt Ihren Urlaub 2025 - Villaggio San Francesco","isPartOf":{"@id":"https:\/\/www.villaggiosanfrancesco.com\/de\/#website"},"primaryImageOfPage":{"@id":"https:\/\/www.villaggiosanfrancesco.com\/de\/news\/aktuelles\/prenota-ora-la-tua-vacanza-2025\/#primaryimage"},"image":{"@id":"https:\/\/www.villaggiosanfrancesco.com\/de\/news\/aktuelles\/prenota-ora-la-tua-vacanza-2025\/#primaryimage"},"thumbnailUrl":"https:\/\/www.villaggiosanfrancesco.com\/wp-content\/uploads\/2024\/10\/2000x1000-SF-1.webp","datePublished":"2024-10-04T10:56:30+00:00","dateModified":"2024-10-07T09:47:51+00:00","breadcrumb":{"@id":"https:\/\/www.villaggiosanfrancesco.com\/de\/news\/aktuelles\/prenota-ora-la-tua-vacanza-2025\/#breadcrumb"},"inLanguage":"de","potentialAction":[{"@type":"ReadAction","target":["https:\/\/www.villaggiosanfrancesco.com\/de\/news\/aktuelles\/prenota-ora-la-tua-vacanza-2025\/"]}]},{"@type":"ImageObject","inLanguage":"de","@id":"https:\/\/www.villaggiosanfrancesco.com\/de\/news\/aktuelles\/prenota-ora-la-tua-vacanza-2025\/#primaryimage","url":"https:\/\/www.villaggiosanfrancesco.com\/wp-content\/uploads\/2024\/10\/2000x1000-SF-1.webp","contentUrl":"https:\/\/www.villaggiosanfrancesco.com\/wp-content\/uploads\/2024\/10\/2000x1000-SF-1.webp","width":2000,"height":1000},{"@type":"BreadcrumbList","@id":"https:\/\/www.villaggiosanfrancesco.com\/de\/news\/aktuelles\/prenota-ora-la-tua-vacanza-2025\/#breadcrumb","itemListElement":[{"@type":"ListItem","position":1,"name":"Home","item":"https:\/\/www.villaggiosanfrancesco.com\/de\/"},{"@type":"ListItem","position":2,"name":"Aktuelles","item":"https:\/\/www.villaggiosanfrancesco.com\/de\/news\/category\/aktuelles\/"},{"@type":"ListItem","position":3,"name":"Buchen Sie jetzt Ihren Urlaub 2025"}]},{"@type":"WebSite","@id":"https:\/\/www.villaggiosanfrancesco.com\/de\/#website","url":"https:\/\/www.villaggiosanfrancesco.com\/de\/","name":"Villaggio San Francesco","description":"Caorle, VENEZIA","publisher":{"@id":"https:\/\/www.villaggiosanfrancesco.com\/de\/#organization"},"potentialAction":[{"@type":"SearchAction","target":{"@type":"EntryPoint","urlTemplate":"https:\/\/www.villaggiosanfrancesco.com\/de\/?s={search_term_string}"},"query-input":{"@type":"PropertyValueSpecification","valueRequired":true,"valueName":"search_term_string"}}],"inLanguage":"de"},{"@type":"Organization","@id":"https:\/\/www.villaggiosanfrancesco.com\/de\/#organization","name":"Villaggio San Francesco","url":"https:\/\/www.villaggiosanfrancesco.com\/de\/","logo":{"@type":"ImageObject","inLanguage":"de","@id":"https:\/\/www.villaggiosanfrancesco.com\/de\/#\/schema\/logo\/image\/","url":"https:\/\/www.villaggiosanfrancesco.com\/wp-content\/uploads\/2023\/03\/Logo-Villaggio-San-Francesco-Caorle-1.png","contentUrl":"https:\/\/www.villaggiosanfrancesco.com\/wp-content\/uploads\/2023\/03\/Logo-Villaggio-San-Francesco-Caorle-1.png","width":1206,"height":356,"caption":"Villaggio San Francesco"},"image":{"@id":"https:\/\/www.villaggiosanfrancesco.com\/de\/#\/schema\/logo\/image\/"},"sameAs":["https:\/\/www.facebook.com\/VillaggioSanFrancesco\/","https:\/\/www.instagram.com\/villaggiosanfrancesco\/","https:\/\/www.youtube.com\/channel\/UClXJoJulrb1UANfZodeHn-g","https:\/\/www.tiktok.com\/@sanfrancescoresort"]},{"@type":"Person","@id":"https:\/\/www.villaggiosanfrancesco.com\/de\/#\/schema\/person\/71e3d0d201ec2ed38e3ee89e176e6e34","name":"Mattia"}]}},"author_meta":{"display_name":"Mattia","author_link":"https:\/\/www.villaggiosanfrancesco.com\/de\/news\/author\/mattia_fh8r4\/"},"featured_img":"https:\/\/www.villaggiosanfrancesco.com\/wp-content\/uploads\/2024\/10\/2000x1000-SF-1-300x150.webp","coauthors":[],"tax_additional":{"categories":{"linked":["<a href=\"https:\/\/www.villaggiosanfrancesco.com\/de\/news\/category\/aktuelles\/\" class=\"advgb-post-tax-term\">Aktuelles<\/a>"],"unlinked":["<span class=\"advgb-post-tax-term\">Aktuelles<\/span>"]}},"comment_count":"0","relative_dates":{"created":"Posted 2\u00a0Jahren ago","modified":"Updated 2\u00a0Jahren ago"},"absolute_dates":{"created":"Posted on Oktober 4, 2024","modified":"Updated on Oktober 7, 2024"},"absolute_dates_time":{"created":"Posted on Oktober 4, 2024 12:56 p.m.","modified":"Updated on Oktober 7, 2024 11:47 a.m."},"featured_img_caption":"","series_order":"","_links":{"self":[{"href":"https:\/\/www.villaggiosanfrancesco.com\/de\/wp-json\/wp\/v2\/posts\/29000","targetHints":{"allow":["GET"]}}],"collection":[{"href":"https:\/\/www.villaggiosanfrancesco.com\/de\/wp-json\/wp\/v2\/posts"}],"about":[{"href":"https:\/\/www.villaggiosanfrancesco.com\/de\/wp-json\/wp\/v2\/types\/post"}],"author":[{"embeddable":true,"href":"https:\/\/www.villaggiosanfrancesco.com\/de\/wp-json\/wp\/v2\/users\/29"}],"replies":[{"embeddable":true,"href":"https:\/\/www.villaggiosanfrancesco.com\/de\/wp-json\/wp\/v2\/comments?post=29000"}],"version-history":[{"count":0,"href":"https:\/\/www.villaggiosanfrancesco.com\/de\/wp-json\/wp\/v2\/posts\/29000\/revisions"}],"wp:featuredmedia":[{"embeddable":true,"href":"https:\/\/www.villaggiosanfrancesco.com\/de\/wp-json\/wp\/v2\/media\/28919"}],"wp:attachment":[{"href":"https:\/\/www.villaggiosanfrancesco.com\/de\/wp-json\/wp\/v2\/media?parent=29000"}],"wp:term":[{"taxonomy":"category","embeddable":true,"href":"https:\/\/www.villaggiosanfrancesco.com\/de\/wp-json\/wp\/v2\/categories?post=29000"},{"taxonomy":"post_tag","embeddable":true,"href":"https:\/\/www.villaggiosanfrancesco.com\/de\/wp-json\/wp\/v2\/tags?post=29000"}],"curies":[{"name":"wp","href":"https:\/\/api.w.org\/{rel}","templated":true}]}}