{"id":14602,"date":"2023-04-03T14:11:26","date_gmt":"2023-04-03T12:11:26","guid":{"rendered":"https:\/\/www.villaggiosanfrancesco.com\/?p=14602"},"modified":"2023-04-26T10:37:01","modified_gmt":"2023-04-26T08:37:01","slug":"spring-sport-festival","status":"publish","type":"post","link":"https:\/\/www.villaggiosanfrancesco.com\/de\/news\/veranstaltungen\/spring-sport-festival\/","title":{"rendered":"Spring &#038; Sport Festival"},"content":{"rendered":"<div  class=\"grids-section grids-is-advanced alignfull\" style=\"--_gs-gap-desktop:0px 0px;--_gs-m-desktop:0 0 0 0;--_gs-p-desktop:0 0 0 0;--_gs-bg-desktop:transparent none;--_gs-bg-xp-desktop:0px;--_gs-zi-desktop:auto;--_gs-d-desktop:block;--_gs-mw-desktop:calc(100% - 0 - 0);--_gs-gap-tablet:0px 0px;--_gs-m-tablet:0 0 0 0;--_gs-p-tablet:0 0 0 0;--_gs-bg-tablet:transparent none;--_gs-bg-xp-tablet:0px;--_gs-zi-tablet:auto;--_gs-d-tablet:block;--_gs-mw-tablet:calc(100% - 0 - 0);--_gs-gap-mobile:0px 0px;--_gs-m-mobile:0 0 0 0;--_gs-p-mobile:0 0 0 0;--_gs-bg-mobile:transparent none;--_gs-bg-xp-mobile:0px;--_gs-zi-mobile:auto;--_gs-d-mobile:block;--_gs-mw-mobile:calc(100% - 0 - 0);--_gs-columns:12;--_gs-rows:6\"><div class=\"grids-s-w_i\">\n<div class=\"grids-area\" style=\"--_ga-column:3\/11;--_ga-row:1\/2;--_ga-m-desktop:0 0 0 0;--_ga-p-desktop:0 0 0 0;--_ga-bg-desktop:transparent none;--_ga-zi-desktop:auto;--_ga-d-desktop:flex;--_ga-mw-desktop:calc(100% - 0 - 0);--_ga-m-tablet:0 0 0 0;--_ga-p-tablet:0 0 0 0;--_ga-bg-tablet:transparent none;--_ga-zi-tablet:auto;--_ga-d-tablet:flex;--_ga-mw-tablet:calc(100% - 0 - 0);--_ga-m-mobile:0 0 0 0;--_ga-p-mobile:0 25px 0 25px;--_ga-bg-mobile:transparent none;--_ga-zi-mobile:auto;--_ga-d-mobile:flex;--_ga-mw-mobile:calc(100% - 0 - 0)\">\n\n<p class=\"has-text-align-center\">Wir freuen uns darauf, Sie bei der ersten Veranstaltung der Saison 2023 willkommen zu hei\u00dfen<\/p>\n\n\n\n<h2 class=\"wp-block-heading has-text-align-center advgb-dyn-0fca4eb1\">29., 30. April und 1. Mai im Feriendorf San Francesco<\/h2>\n\n\n\n<p class=\"has-text-align-center\">Bogenschie\u00dfen, Fu\u00dfballturniere, Beachvolleyball: Sehen Sie sich unser Programm an!<\/p>\n\n<\/div>\n<\/div><\/div>\n\n<div  class=\"grids-section grids-is-advanced alignfull\" style=\"--_gs-gap-desktop:0px 0px;--_gs-m-desktop:0 0 0 0;--_gs-p-desktop:0 0 0 0;--_gs-bg-desktop:transparent none;--_gs-bg-xp-desktop:0px;--_gs-zi-desktop:auto;--_gs-d-desktop:block;--_gs-mw-desktop:calc(100% - 0 - 0);--_gs-gap-tablet:0px 0px;--_gs-m-tablet:0 0 0 0;--_gs-p-tablet:0 0 0 0;--_gs-bg-tablet:transparent none;--_gs-bg-xp-tablet:0px;--_gs-zi-tablet:auto;--_gs-d-tablet:block;--_gs-mw-tablet:calc(100% - 0 - 0);--_gs-gap-mobile:0px 0px;--_gs-m-mobile:0 0 0 0;--_gs-p-mobile:0 0 0 0;--_gs-bg-mobile:transparent none;--_gs-bg-xp-mobile:0px;--_gs-zi-mobile:auto;--_gs-d-mobile:block;--_gs-mw-mobile:calc(100% - 0 - 0);--_gs-columns:12;--_gs-rows:6\"><div class=\"grids-s-w_i\">\n<div class=\"grids-area\" style=\"--_ga-column:3\/11;--_ga-row:1\/3;--_ga-m-desktop:0 0 0 0;--_ga-p-desktop:0 20px 0 20px;--_ga-bg-desktop:transparent none;--_ga-zi-desktop:auto;--_ga-d-desktop:flex;--_ga-mw-desktop:calc(100% - 0 - 0);--_ga-m-tablet:0 0 0 0;--_ga-p-tablet:0 20px 0 20px;--_ga-bg-tablet:transparent none;--_ga-zi-tablet:auto;--_ga-d-tablet:flex;--_ga-mw-tablet:calc(100% - 0 - 0);--_ga-m-mobile:0 0 0 0;--_ga-p-mobile:0 20px 0 20px;--_ga-bg-mobile:transparent none;--_ga-zi-mobile:auto;--_ga-d-mobile:flex;--_ga-mw-mobile:calc(100% - 0 - 0)\">\n\n<div class=\"wp-block-buttons alignwide is-horizontal is-content-justification-center is-nowrap is-layout-flex wp-container-core-buttons-is-layout-f937b32f wp-block-buttons-is-layout-flex\">\n<div class=\"wp-block-button is-style-outline is-style-outline--2 advgb-dyn-94b34b37\"><a class=\"wp-block-button__link has-text-color wp-element-button\" href=\"#programma\" style=\"color:#00a8bb\">PROGRAMM<\/a><\/div>\n\n\n\n<div class=\"wp-block-button is-style-outline is-style-outline--3 advgb-dyn-8b757107\"><a class=\"wp-block-button__link has-text-color wp-element-button\" href=\"#prezzi\" style=\"color:#00a8bb\">PREISE<\/a><\/div>\n<\/div>\n\n<\/div>\n<\/div><\/div>\n\n<div  id=\"programma\" class=\"grids-section grids-is-advanced\" style=\"--_gs-gap-desktop:0px 0px;--_gs-m-desktop:0 0 0 0;--_gs-p-desktop:0 0 0 0;--_gs-bg-desktop:transparent none;--_gs-bg-xp-desktop:0px;--_gs-zi-desktop:auto;--_gs-d-desktop:block;--_gs-mw-desktop:calc(100% - 0 - 0);--_gs-gap-tablet:0px 0px;--_gs-m-tablet:0 0 0 0;--_gs-p-tablet:0 0 0 0;--_gs-bg-tablet:transparent none;--_gs-bg-xp-tablet:0px;--_gs-zi-tablet:auto;--_gs-d-tablet:block;--_gs-mw-tablet:calc(100% - 0 - 0);--_gs-gap-mobile:0px 0px;--_gs-m-mobile:0 0 0 0;--_gs-p-mobile:0 0 0 0;--_gs-bg-mobile:transparent none;--_gs-bg-xp-mobile:0px;--_gs-zi-mobile:auto;--_gs-d-mobile:block;--_gs-mw-mobile:calc(100% - 0 - 0);--_gs-columns:12;--_gs-rows:6\"><div class=\"grids-s-w_i\">\n<div class=\"grids-area\" style=\"--_ga-column:6\/8;--_ga-row:1\/2;--_ga-m-desktop:0 0 0 0;--_ga-p-desktop:0 0 0 0;--_ga-bg-desktop:transparent none;--_ga-zi-desktop:auto;--_ga-d-desktop:flex;--_ga-mw-desktop:calc(100% - 0 - 0);--_ga-m-tablet:0 0 0 0;--_ga-p-tablet:0 0 0 0;--_ga-bg-tablet:transparent none;--_ga-zi-tablet:auto;--_ga-d-tablet:flex;--_ga-mw-tablet:calc(100% - 0 - 0);--_ga-m-mobile:0 0 0 0;--_ga-p-mobile:0 0 0 0;--_ga-bg-mobile:transparent none;--_ga-zi-mobile:auto;--_ga-d-mobile:flex;--_ga-mw-mobile:calc(100% - 0 - 0)\">\n\n<figure class=\"wp-block-image size-full is-resized\"><img decoding=\"async\" src=\"https:\/\/www.villaggiosanfrancesco.com\/wp-content\/uploads\/2023\/03\/calendar.png\" alt=\"\" class=\"wp-image-14608\" width=\"128\" height=\"128\" srcset=\"https:\/\/www.villaggiosanfrancesco.com\/wp-content\/uploads\/2023\/03\/calendar.png 512w, https:\/\/www.villaggiosanfrancesco.com\/wp-content\/uploads\/2023\/03\/calendar-300x300.png 300w, https:\/\/www.villaggiosanfrancesco.com\/wp-content\/uploads\/2023\/03\/calendar-150x150.png 150w\" sizes=\"(max-width: 128px) 100vw, 128px\" \/><\/figure>\n\n<\/div>\n\n<div class=\"grids-area\" style=\"--_ga-column:2\/12;--_ga-row:2\/3;--_ga-m-desktop:0 0 0 0;--_ga-p-desktop:0 0 0 0;--_ga-bg-desktop:transparent none;--_ga-zi-desktop:auto;--_ga-d-desktop:flex;--_ga-mw-desktop:calc(100% - 0 - 0);--_ga-m-tablet:0 0 0 0;--_ga-p-tablet:0 0 0 0;--_ga-bg-tablet:transparent none;--_ga-zi-tablet:auto;--_ga-d-tablet:flex;--_ga-mw-tablet:calc(100% - 0 - 0);--_ga-m-mobile:0 0 0 0;--_ga-p-mobile:0 0 0 0;--_ga-bg-mobile:transparent none;--_ga-zi-mobile:auto;--_ga-d-mobile:flex;--_ga-mw-mobile:calc(100% - 0 - 0)\">\n\n<h2 class=\"wp-block-heading has-text-align-center advgb-dyn-d652ce9a\">Samstag, 29. April<\/h2>\n\n<\/div>\n\n<div class=\"grids-area\" style=\"--_ga-column:2\/7;--_ga-row:3\/6;--_ga-m-desktop:0 15px 0 0;--_ga-p-desktop:0 0 0 0;--_ga-bg-desktop:transparent none;--_ga-zi-desktop:auto;--_ga-d-desktop:flex;--_ga-mw-desktop:calc(100% - 0 - 15px);--_ga-m-tablet:0 15px 0 0;--_ga-p-tablet:0 0 0 0;--_ga-bg-tablet:transparent none;--_ga-zi-tablet:auto;--_ga-d-tablet:flex;--_ga-mw-tablet:calc(100% - 0 - 15px);--_ga-m-mobile:0 0px 0 0;--_ga-p-mobile:0 25px 0 25px;--_ga-bg-mobile:transparent none;--_ga-zi-mobile:auto;--_ga-d-mobile:flex;--_ga-mw-mobile:calc(100% - 0 - 0px)\">\n\n<h3 class=\"wp-block-heading advgb-dyn-01216566\">Erwachsene<\/h3>\n\n\n\n<h4 class=\"wp-block-heading advgb-dyn-e2c3aa22\">Morgen<\/h4>\n\n\n\n<ul class=\"wp-block-list\">\n<li><strong>Bogenschie\u00dfkurs um 11:30 Uhr<\/strong>\nunter Aufsicht eines Ausbilders. Die G\u00e4ste lernen die Grundlagen des Bogenschie\u00dfens und treten in einem abschlie\u00dfenden Wettbewerb gegeneinander an.<\/li>\n<\/ul>\n\n\n\n<h4 class=\"wp-block-heading advgb-dyn-9a22020e\">Nachmittag<\/h4>\n\n\n\n<ul class=\"wp-block-list\">\n<li><strong>Fu\u00dfballturnier um 16:00 Uhr<\/strong> aufgeteilt in Teams von 4\u20135 Personen. Die Teams werden in einem Rundenturnier gegeneinander antreten, wobei das letzte Spiel um 21:00 Uhr stattfinden wird.<\/li>\n\n\n\n<li><strong>Calisthenics Veranstaltung um 18:00<\/strong><br>auf den Basketballpl\u00e4tzen.<\/li>\n<\/ul>\n\n<\/div>\n\n<div class=\"grids-area\" style=\"--_ga-column:7\/12;--_ga-row:3\/6;--_ga-m-desktop:0 0 0 15px;--_ga-p-desktop:0 0 0 0;--_ga-bg-desktop:transparent none;--_ga-zi-desktop:auto;--_ga-d-desktop:flex;--_ga-mw-desktop:calc(100% - 15px - 0);--_ga-m-tablet:0 0 0 15px;--_ga-p-tablet:0 0 0 0;--_ga-bg-tablet:transparent none;--_ga-zi-tablet:auto;--_ga-d-tablet:flex;--_ga-mw-tablet:calc(100% - 15px - 0);--_ga-m-mobile:0 0 0 0px;--_ga-p-mobile:0 25px 0 25px;--_ga-bg-mobile:transparent none;--_ga-zi-mobile:auto;--_ga-d-mobile:flex;--_ga-mw-mobile:calc(100% - 0px - 0)\">\n\n<h3 class=\"wp-block-heading advgb-dyn-81f10442\">Kinder<\/h3>\n\n\n\n<h4 class=\"wp-block-heading advgb-dyn-e2c3aa22\">Morgen<\/h4>\n\n\n\n<ul class=\"wp-block-list\">\n<li><strong>Biz\u00f9 Club von 9:30 bis 12:30 Uhr<\/strong>\nGarantierter Spa\u00df mit unserem Animationsteam!<\/li>\n<\/ul>\n\n\n\n<h4 class=\"wp-block-heading advgb-dyn-9a22020e\">Nachmittag<\/h4>\n\n\n\n<ul class=\"wp-block-list\">\n<li><strong>Biz\u00f9 Club von 15:30 bis 10:00 Uhr<\/strong>\nGarantierter Spa\u00df mit unserem Animationsteam!<\/li>\n\n\n\n<li><strong>&nbsp;Willkommen in der Welt von Biz\u00f9 um 16:00 Uhr<\/strong><\/li>\n\n\n\n<li><strong>Biz\u00f9 Dance um 20:30 Uhr<\/strong><\/li>\n<\/ul>\n\n<\/div>\n\n<div class=\"grids-area\" style=\"--_ga-column:2\/12;--_ga-row:6\/7;--_ga-m-desktop:0 0 0 0;--_ga-p-desktop:25px 0 0 0;--_ga-bg-desktop:transparent none;--_ga-zi-desktop:auto;--_ga-d-desktop:flex;--_ga-mw-desktop:calc(100% - 0 - 0);--_ga-m-tablet:0 0 0 0;--_ga-p-tablet:25px 0 0 0;--_ga-bg-tablet:transparent none;--_ga-zi-tablet:auto;--_ga-d-tablet:flex;--_ga-mw-tablet:calc(100% - 0 - 0);--_ga-m-mobile:0 0 0 0;--_ga-p-mobile:0px 25px 0 25px;--_ga-bg-mobile:transparent none;--_ga-zi-mobile:auto;--_ga-d-mobile:flex;--_ga-mw-mobile:calc(100% - 0 - 0)\">\n\n<p class=\"has-text-align-center\">Zum Abschluss des Tages freuen wir uns darauf, Sie im <strong>Bacaro<\/strong> zum <strong>Kahoot-Quiz<\/strong> wiederzusehen!<\/p>\n\n<\/div>\n<\/div><\/div>\n\n<div  class=\"grids-section grids-is-advanced\" style=\"--_gs-gap-desktop:0px 0px;--_gs-m-desktop:0 0 0 0;--_gs-p-desktop:0 0 0 0;--_gs-bg-desktop:transparent none;--_gs-bg-xp-desktop:0px;--_gs-zi-desktop:auto;--_gs-d-desktop:block;--_gs-mw-desktop:calc(100% - 0 - 0);--_gs-gap-tablet:0px 0px;--_gs-m-tablet:0 0 0 0;--_gs-p-tablet:0 0 0 0;--_gs-bg-tablet:transparent none;--_gs-bg-xp-tablet:0px;--_gs-zi-tablet:auto;--_gs-d-tablet:block;--_gs-mw-tablet:calc(100% - 0 - 0);--_gs-gap-mobile:0px 0px;--_gs-m-mobile:0 0 0 0;--_gs-p-mobile:0 0 0 0;--_gs-bg-mobile:transparent none;--_gs-bg-xp-mobile:0px;--_gs-zi-mobile:auto;--_gs-d-mobile:block;--_gs-mw-mobile:calc(100% - 0 - 0);--_gs-columns:12;--_gs-rows:6\"><div class=\"grids-s-w_i\">\n<div class=\"grids-area\" style=\"--_ga-column:6\/8;--_ga-row:1\/2;--_ga-m-desktop:0 0 0 0;--_ga-p-desktop:0 0 0 0;--_ga-bg-desktop:transparent none;--_ga-zi-desktop:auto;--_ga-d-desktop:flex;--_ga-mw-desktop:calc(100% - 0 - 0);--_ga-m-tablet:0 0 0 0;--_ga-p-tablet:0 0 0 0;--_ga-bg-tablet:transparent none;--_ga-zi-tablet:auto;--_ga-d-tablet:flex;--_ga-mw-tablet:calc(100% - 0 - 0);--_ga-m-mobile:0 0 0 0;--_ga-p-mobile:0 0 0 0;--_ga-bg-mobile:transparent none;--_ga-zi-mobile:auto;--_ga-d-mobile:flex;--_ga-mw-mobile:calc(100% - 0 - 0)\">\n\n<figure class=\"wp-block-image size-full is-resized\"><img decoding=\"async\" src=\"https:\/\/www.villaggiosanfrancesco.com\/wp-content\/uploads\/2023\/03\/calendar.png\" alt=\"\" class=\"wp-image-14608\" width=\"128\" height=\"128\" srcset=\"https:\/\/www.villaggiosanfrancesco.com\/wp-content\/uploads\/2023\/03\/calendar.png 512w, https:\/\/www.villaggiosanfrancesco.com\/wp-content\/uploads\/2023\/03\/calendar-300x300.png 300w, https:\/\/www.villaggiosanfrancesco.com\/wp-content\/uploads\/2023\/03\/calendar-150x150.png 150w\" sizes=\"(max-width: 128px) 100vw, 128px\" \/><\/figure>\n\n<\/div>\n\n<div class=\"grids-area\" style=\"--_ga-column:2\/12;--_ga-row:2\/3;--_ga-m-desktop:0 0 0 0;--_ga-p-desktop:0 0 0 0;--_ga-bg-desktop:transparent none;--_ga-zi-desktop:auto;--_ga-d-desktop:flex;--_ga-mw-desktop:calc(100% - 0 - 0);--_ga-m-tablet:0 0 0 0;--_ga-p-tablet:0 0 0 0;--_ga-bg-tablet:transparent none;--_ga-zi-tablet:auto;--_ga-d-tablet:flex;--_ga-mw-tablet:calc(100% - 0 - 0);--_ga-m-mobile:0 0 0 0;--_ga-p-mobile:0 0 0 0;--_ga-bg-mobile:transparent none;--_ga-zi-mobile:auto;--_ga-d-mobile:flex;--_ga-mw-mobile:calc(100% - 0 - 0)\">\n\n<h2 class=\"wp-block-heading has-text-align-center advgb-dyn-fc2767b7\">Sonntag, 30. April<\/h2>\n\n<\/div>\n\n<div class=\"grids-area\" style=\"--_ga-column:2\/7;--_ga-row:3\/6;--_ga-m-desktop:0 15px 0 0;--_ga-p-desktop:0 0 0 0;--_ga-bg-desktop:transparent none;--_ga-zi-desktop:auto;--_ga-d-desktop:flex;--_ga-mw-desktop:calc(100% - 0 - 15px);--_ga-m-tablet:0 15px 0 0;--_ga-p-tablet:0 0 0 0;--_ga-bg-tablet:transparent none;--_ga-zi-tablet:auto;--_ga-d-tablet:flex;--_ga-mw-tablet:calc(100% - 0 - 15px);--_ga-m-mobile:0 0px 0 0;--_ga-p-mobile:0 25px 0 25px;--_ga-bg-mobile:transparent none;--_ga-zi-mobile:auto;--_ga-d-mobile:flex;--_ga-mw-mobile:calc(100% - 0 - 0px)\">\n\n<h3 class=\"wp-block-heading advgb-dyn-01216566\">Erwachsene<\/h3>\n\n\n\n<h4 class=\"wp-block-heading advgb-dyn-e2c3aa22\">Morgen<\/h4>\n\n\n\n<ul class=\"wp-block-list\">\n<li><strong>Beachvolleyball-Turnier um 11:30 Uhr<\/strong>\nin Teams von 4-6 Personen. Die Teams werden in einem Knockout-Turnier gegeneinander antreten, wobei das letzte Spiel um 16:30 Uhr stattfinden wird<\/li>\n<\/ul>\n\n\n\n<h4 class=\"wp-block-heading advgb-dyn-9a22020e\">Nachmittag<\/h4>\n\n\n\n<ul class=\"wp-block-list\">\n<li><strong>Boccia-Turnier um 16:30 Uhr<\/strong>\naufgeteilt in Teams von 2\u20134 Personen. Die Teams werden in einem Knockout-Turnier gegeneinander antreten, wobei das letzte Spiel um 21:00 Uhr stattfinden wird.<\/li>\n\n\n\n<li><strong>\u201eFunzionale\u201c-Veranstaltung um 18:00 Uhr<\/strong>\nWir sehen uns auf den Basketballpl\u00e4tzen!<\/li>\n<\/ul>\n\n<\/div>\n\n<div class=\"grids-area\" style=\"--_ga-column:7\/12;--_ga-row:3\/6;--_ga-m-desktop:0 0 0 15px;--_ga-p-desktop:0 0 0 0;--_ga-bg-desktop:transparent none;--_ga-zi-desktop:auto;--_ga-d-desktop:flex;--_ga-mw-desktop:calc(100% - 15px - 0);--_ga-m-tablet:0 0 0 15px;--_ga-p-tablet:0 0 0 0;--_ga-bg-tablet:transparent none;--_ga-zi-tablet:auto;--_ga-d-tablet:flex;--_ga-mw-tablet:calc(100% - 15px - 0);--_ga-m-mobile:0 0 0 0px;--_ga-p-mobile:0 25px 0 25px;--_ga-bg-mobile:transparent none;--_ga-zi-mobile:auto;--_ga-d-mobile:flex;--_ga-mw-mobile:calc(100% - 0px - 0)\">\n\n<h3 class=\"wp-block-heading advgb-dyn-81f10442\">Kinder<\/h3>\n\n\n\n<h4 class=\"wp-block-heading advgb-dyn-e2c3aa22\">Morgen<\/h4>\n\n\n\n<ul class=\"wp-block-list\">\n<li><strong>Biz\u00f9 Club von 9:30 bis 12:30 Uhr<\/strong>\nGarantierter Spa\u00df mit unserem Animationsteam!<\/li>\n<\/ul>\n\n\n\n<h4 class=\"wp-block-heading advgb-dyn-9a22020e\">Nachmittag<\/h4>\n\n\n\n<ul class=\"wp-block-list\">\n<li><strong>Biz\u00f9 Club von 15:30 bis 18:00 Uhr<\/strong> Garantierter Spa\u00df mit unserem Animationsteam!<\/li>\n\n\n\n<li><strong>&nbsp;Willkommen in der Welt von Biz\u00f9 um 16:00 Uhr<\/strong><\/li>\n\n\n\n<li><strong>Biz\u00f9 Dance um 20:30 Uhr<\/strong><\/li>\n<\/ul>\n\n<\/div>\n\n<div class=\"grids-area\" style=\"--_ga-column:2\/12;--_ga-row:6\/7;--_ga-m-desktop:0 0 0 0;--_ga-p-desktop:25px 0 0 0;--_ga-bg-desktop:transparent none;--_ga-zi-desktop:auto;--_ga-d-desktop:flex;--_ga-mw-desktop:calc(100% - 0 - 0);--_ga-m-tablet:0 0 0 0;--_ga-p-tablet:25px 0 0 0;--_ga-bg-tablet:transparent none;--_ga-zi-tablet:auto;--_ga-d-tablet:flex;--_ga-mw-tablet:calc(100% - 0 - 0);--_ga-m-mobile:0 0 0 0;--_ga-p-mobile:0px 25px 0 25px;--_ga-bg-mobile:transparent none;--_ga-zi-mobile:auto;--_ga-d-mobile:flex;--_ga-mw-mobile:calc(100% - 0 - 0)\">\n\n<p class=\"has-text-align-center\">Zum Abschluss des Tages erwarten wir Sie im <strong>Bacaro<\/strong> mit der <strong>Karaoke-Herausforderung<\/strong>!<\/p>\n\n<\/div>\n<\/div><\/div>\n\n<div  class=\"grids-section grids-is-advanced\" style=\"--_gs-gap-desktop:0px 0px;--_gs-m-desktop:0 0 0 0;--_gs-p-desktop:0 0 0 0;--_gs-bg-desktop:transparent none;--_gs-bg-xp-desktop:0px;--_gs-zi-desktop:auto;--_gs-d-desktop:block;--_gs-mw-desktop:calc(100% - 0 - 0);--_gs-gap-tablet:0px 0px;--_gs-m-tablet:0 0 0 0;--_gs-p-tablet:0 0 0 0;--_gs-bg-tablet:transparent none;--_gs-bg-xp-tablet:0px;--_gs-zi-tablet:auto;--_gs-d-tablet:block;--_gs-mw-tablet:calc(100% - 0 - 0);--_gs-gap-mobile:0px 0px;--_gs-m-mobile:0 0 0 0;--_gs-p-mobile:0 0 0 0;--_gs-bg-mobile:transparent none;--_gs-bg-xp-mobile:0px;--_gs-zi-mobile:auto;--_gs-d-mobile:block;--_gs-mw-mobile:calc(100% - 0 - 0);--_gs-columns:12;--_gs-rows:6\"><div class=\"grids-s-w_i\">\n<div class=\"grids-area\" style=\"--_ga-column:6\/8;--_ga-row:1\/2;--_ga-m-desktop:0 0 0 0;--_ga-p-desktop:0 0 0 0;--_ga-bg-desktop:transparent none;--_ga-zi-desktop:auto;--_ga-d-desktop:flex;--_ga-mw-desktop:calc(100% - 0 - 0);--_ga-m-tablet:0 0 0 0;--_ga-p-tablet:0 0 0 0;--_ga-bg-tablet:transparent none;--_ga-zi-tablet:auto;--_ga-d-tablet:flex;--_ga-mw-tablet:calc(100% - 0 - 0);--_ga-m-mobile:0 0 0 0;--_ga-p-mobile:0 0 0 0;--_ga-bg-mobile:transparent none;--_ga-zi-mobile:auto;--_ga-d-mobile:flex;--_ga-mw-mobile:calc(100% - 0 - 0)\">\n\n<figure class=\"wp-block-image size-full is-resized\"><img decoding=\"async\" src=\"https:\/\/www.villaggiosanfrancesco.com\/wp-content\/uploads\/2023\/03\/calendar.png\" alt=\"\" class=\"wp-image-14608\" width=\"128\" height=\"128\" srcset=\"https:\/\/www.villaggiosanfrancesco.com\/wp-content\/uploads\/2023\/03\/calendar.png 512w, https:\/\/www.villaggiosanfrancesco.com\/wp-content\/uploads\/2023\/03\/calendar-300x300.png 300w, https:\/\/www.villaggiosanfrancesco.com\/wp-content\/uploads\/2023\/03\/calendar-150x150.png 150w\" sizes=\"(max-width: 128px) 100vw, 128px\" \/><\/figure>\n\n<\/div>\n\n<div class=\"grids-area\" style=\"--_ga-column:2\/12;--_ga-row:2\/3;--_ga-m-desktop:0 0 0 0;--_ga-p-desktop:0 0 0 0;--_ga-bg-desktop:transparent none;--_ga-zi-desktop:auto;--_ga-d-desktop:flex;--_ga-mw-desktop:calc(100% - 0 - 0);--_ga-m-tablet:0 0 0 0;--_ga-p-tablet:0 0 0 0;--_ga-bg-tablet:transparent none;--_ga-zi-tablet:auto;--_ga-d-tablet:flex;--_ga-mw-tablet:calc(100% - 0 - 0);--_ga-m-mobile:0 0 0 0;--_ga-p-mobile:0 0 0 0;--_ga-bg-mobile:transparent none;--_ga-zi-mobile:auto;--_ga-d-mobile:flex;--_ga-mw-mobile:calc(100% - 0 - 0)\">\n\n<h2 class=\"wp-block-heading has-text-align-center advgb-dyn-e91180a4\">Montag, 1. Mai<\/h2>\n\n<\/div>\n\n<div class=\"grids-area\" style=\"--_ga-column:2\/7;--_ga-row:3\/6;--_ga-m-desktop:0 15px 0 0;--_ga-p-desktop:0 0 0 0;--_ga-bg-desktop:transparent none;--_ga-zi-desktop:auto;--_ga-d-desktop:flex;--_ga-mw-desktop:calc(100% - 0 - 15px);--_ga-m-tablet:0 15px 0 0;--_ga-p-tablet:0 0 0 0;--_ga-bg-tablet:transparent none;--_ga-zi-tablet:auto;--_ga-d-tablet:flex;--_ga-mw-tablet:calc(100% - 0 - 15px);--_ga-m-mobile:0 0px 0 0;--_ga-p-mobile:0 25px 0 25px;--_ga-bg-mobile:transparent none;--_ga-zi-mobile:auto;--_ga-d-mobile:flex;--_ga-mw-mobile:calc(100% - 0 - 0px)\">\n\n<h3 class=\"wp-block-heading advgb-dyn-01216566\">Erwachsene<\/h3>\n\n\n\n<h4 class=\"wp-block-heading advgb-dyn-e2c3aa22\">Morgen<\/h4>\n\n\n\n<ul class=\"wp-block-list\">\n<li><strong>Tennisturnier<\/strong>\nin Teams von 2 Personen. Die Teams treten in einem Knockout-Turnier gegeneinander an.<\/li>\n<\/ul>\n\n\n\n<h4 class=\"wp-block-heading advgb-dyn-9a22020e\">Nachmittag<\/h4>\n\n\n\n<ul class=\"wp-block-list\">\n<li><strong>Paddelturnier<\/strong>\naufgeteilt in Teams von 2 Personen. Die Teams werden in einem Knockout-Turnier gegeneinander antreten, wobei das letzte Spiel am Abend stattfinden wird.<\/li>\n\n\n\n<li><strong>Crossfit -Veranstaltung um 18:00 Uhr<\/strong> Wir sehen uns auf den Basketballpl\u00e4tzen!<\/li>\n<\/ul>\n\n<\/div>\n\n<div class=\"grids-area\" style=\"--_ga-column:7\/12;--_ga-row:3\/6;--_ga-m-desktop:0 0 0 15px;--_ga-p-desktop:0 0 0 0;--_ga-bg-desktop:transparent none;--_ga-zi-desktop:auto;--_ga-d-desktop:flex;--_ga-mw-desktop:calc(100% - 15px - 0);--_ga-m-tablet:0 0 0 15px;--_ga-p-tablet:0 0 0 0;--_ga-bg-tablet:transparent none;--_ga-zi-tablet:auto;--_ga-d-tablet:flex;--_ga-mw-tablet:calc(100% - 15px - 0);--_ga-m-mobile:0 0 0 0px;--_ga-p-mobile:0 25px 0 25px;--_ga-bg-mobile:transparent none;--_ga-zi-mobile:auto;--_ga-d-mobile:flex;--_ga-mw-mobile:calc(100% - 0px - 0)\">\n\n<h3 class=\"wp-block-heading advgb-dyn-81f10442\">Kinder<\/h3>\n\n\n\n<h4 class=\"wp-block-heading advgb-dyn-e2c3aa22\">Morgen<\/h4>\n\n\n\n<ul class=\"wp-block-list\">\n<li><strong>Biz\u00f9 Club von 9:30 bis 12:30 Uhr<\/strong>\nGarantierter Spa\u00df mit unserem Animationsteam!<\/li>\n<\/ul>\n\n\n\n<h4 class=\"wp-block-heading advgb-dyn-9a22020e\">Nachmittag<\/h4>\n\n\n\n<ul class=\"wp-block-list\">\n<li><strong>Biz\u00f9 Club von 15:30 bis 18:00 Uhr<\/strong> Garantierter Spa\u00df mit unserem Animationsteam!<\/li>\n\n\n\n<li><strong>Mini-Fu\u00dfball- und Mini-Basketballturnier um 16:00 Uhr<\/strong><\/li>\n\n\n\n<li><strong>Biz\u00f9 Dance um 20:30 Uhr<\/strong><\/li>\n<\/ul>\n\n<\/div>\n\n<div class=\"grids-area\" style=\"--_ga-column:2\/12;--_ga-row:6\/7;--_ga-m-desktop:0 0 0 0;--_ga-p-desktop:25px 0 0 0;--_ga-bg-desktop:transparent none;--_ga-zi-desktop:auto;--_ga-d-desktop:flex;--_ga-mw-desktop:calc(100% - 0 - 0);--_ga-m-tablet:0 0 0 0;--_ga-p-tablet:25px 0 0 0;--_ga-bg-tablet:transparent none;--_ga-zi-tablet:auto;--_ga-d-tablet:flex;--_ga-mw-tablet:calc(100% - 0 - 0);--_ga-m-mobile:0 0 0 0;--_ga-p-mobile:0px 25px 0 25px;--_ga-bg-mobile:transparent none;--_ga-zi-mobile:auto;--_ga-d-mobile:flex;--_ga-mw-mobile:calc(100% - 0 - 0)\">\n\n<p class=\"has-text-align-center\">Zum Abschluss des Tages erwarten wir Sie im <strong>Bacaro<\/strong> mit der <strong>Arbeiterparty<\/strong>!<\/p>\n\n<\/div>\n<\/div><\/div>\n\n<div  class=\"grids-section punti-list grids-is-advanced alignwide\" style=\"--_gs-gap-desktop:0px 0px;--_gs-m-desktop:0 0 0 0;--_gs-p-desktop:0 0 0 0;--_gs-bg-desktop:#2f6eb5 none;--_gs-bg-xp-desktop:0px;--_gs-zi-desktop:auto;--_gs-d-desktop:block;--_gs-mw-desktop:calc(100% - 0 - 0);--_gs-gap-tablet:0px 0px;--_gs-m-tablet:0 0 0 0;--_gs-p-tablet:0 0 0 0;--_gs-bg-tablet:#2f6eb5 none;--_gs-bg-xp-tablet:0px;--_gs-zi-tablet:auto;--_gs-d-tablet:block;--_gs-mw-tablet:calc(100% - 0 - 0);--_gs-gap-mobile:0px 0px;--_gs-m-mobile:0 0 0 0;--_gs-p-mobile:0 0 0 0;--_gs-bg-mobile:#2f6eb5 none;--_gs-bg-xp-mobile:0px;--_gs-zi-mobile:auto;--_gs-d-mobile:block;--_gs-mw-mobile:calc(100% - 0 - 0);--_gs-columns:12;--_gs-rows:6\"><div class=\"grids-s-w_i\">\n<div class=\"grids-area\" style=\"--_ga-column:2\/12;--_ga-row:1\/3;--_ga-m-desktop:0 0 0 0;--_ga-p-desktop:25px 0 0 0;--_ga-bg-desktop:transparent none;--_ga-zi-desktop:auto;--_ga-d-desktop:flex;--_ga-mw-desktop:calc(100% - 0 - 0);--_ga-m-tablet:0 0 0 0;--_ga-p-tablet:25px 0 0 0;--_ga-bg-tablet:transparent none;--_ga-zi-tablet:auto;--_ga-d-tablet:flex;--_ga-mw-tablet:calc(100% - 0 - 0);--_ga-m-mobile:0 0 0 0;--_ga-p-mobile:15px 25px 0 25px;--_ga-bg-mobile:transparent none;--_ga-zi-mobile:auto;--_ga-d-mobile:flex;--_ga-mw-mobile:calc(100% - 0 - 0)\">\n\n<h2 class=\"wp-block-heading has-text-align-center has-white-color has-text-color advgb-dyn-a2799253\">Erzielen Sie Punkte f\u00fcr Ihr Team!<\/h2>\n\n\n\n<ul class=\"wp-block-list\">\n<li>Die Teilnahme an jeder Aktivit\u00e4t gibt Ihnen die M\u00f6glichkeit, eine Punktzahl zu erhalten<\/li>\n\n\n\n<li>Die Summe der Punkte f\u00fcr jede Aktivit\u00e4t ergibt das endg\u00fcltige Ranking<\/li>\n\n\n\n<li>Um 21:00 Uhr treten die <strong>15 Finalisten<\/strong> in einem <strong>Karaoke-Finale<\/strong> im Bacaro an, um den Titel des Fr\u00fchlingsk\u00f6nigs und der Fr\u00fchlingsk\u00f6nigin zu gewinnen!<\/li>\n<\/ul>\n\n<\/div>\n<\/div><\/div>\n\n<div  id=\"prezzi\" class=\"grids-section grids-is-advanced\" style=\"--_gs-gap-desktop:0px 0px;--_gs-m-desktop:0 0 0 0;--_gs-p-desktop:0 0 0 0;--_gs-bg-desktop:transparent none;--_gs-bg-xp-desktop:0px;--_gs-zi-desktop:auto;--_gs-d-desktop:block;--_gs-mw-desktop:calc(100% - 0 - 0);--_gs-gap-tablet:0px 0px;--_gs-m-tablet:0 0 0 0;--_gs-p-tablet:0 0 0 0;--_gs-bg-tablet:transparent none;--_gs-bg-xp-tablet:0px;--_gs-zi-tablet:auto;--_gs-d-tablet:block;--_gs-mw-tablet:calc(100% - 0 - 0);--_gs-gap-mobile:0px 0px;--_gs-m-mobile:0 0 0 0;--_gs-p-mobile:0 0 0 0;--_gs-bg-mobile:transparent none;--_gs-bg-xp-mobile:0px;--_gs-zi-mobile:auto;--_gs-d-mobile:block;--_gs-mw-mobile:calc(100% - 0 - 0);--_gs-columns:12;--_gs-rows:6\"><div class=\"grids-s-w_i\">\n<div class=\"grids-area\" style=\"--_ga-column:2\/12;--_ga-row:1\/2;--_ga-m-desktop:0 0 0 0;--_ga-p-desktop:0 0 0 0;--_ga-bg-desktop:transparent none;--_ga-zi-desktop:auto;--_ga-d-desktop:flex;--_ga-mw-desktop:calc(100% - 0 - 0);--_ga-m-tablet:0 0 0 0;--_ga-p-tablet:0 0 0 0;--_ga-bg-tablet:transparent none;--_ga-zi-tablet:auto;--_ga-d-tablet:flex;--_ga-mw-tablet:calc(100% - 0 - 0);--_ga-m-mobile:0 0 0 0;--_ga-p-mobile:0 0 0 0;--_ga-bg-mobile:transparent none;--_ga-zi-mobile:auto;--_ga-d-mobile:flex;--_ga-mw-mobile:calc(100% - 0 - 0)\">\n\n<h2 class=\"wp-block-heading has-text-align-center\">Preise<\/h2>\n\n<\/div>\n<\/div><\/div>\n\n<div  id=\"prezzi\" class=\"grids-section grids-is-advanced\" style=\"--_gs-gap-desktop:0px 0px;--_gs-m-desktop:0 0 0 0;--_gs-p-desktop:0 0 0 0;--_gs-bg-desktop:transparent none;--_gs-bg-xp-desktop:0px;--_gs-zi-desktop:auto;--_gs-d-desktop:block;--_gs-mw-desktop:calc(100% - 0 - 0);--_gs-gap-tablet:0px 0px;--_gs-m-tablet:0 0 0 0;--_gs-p-tablet:0 0 0 0;--_gs-bg-tablet:transparent none;--_gs-bg-xp-tablet:0px;--_gs-zi-tablet:auto;--_gs-d-tablet:block;--_gs-mw-tablet:calc(100% - 0 - 0);--_gs-gap-mobile:0px 0px;--_gs-m-mobile:0 0 0 0;--_gs-p-mobile:0 0 0 0;--_gs-bg-mobile:transparent none;--_gs-bg-xp-mobile:0px;--_gs-zi-mobile:auto;--_gs-d-mobile:block;--_gs-mw-mobile:calc(100% - 0 - 0);--_gs-columns:12;--_gs-rows:6\"><div class=\"grids-s-w_i\">\n<div class=\"grids-area\" style=\"--_ga-column:2\/7;--_ga-row:1\/7;--_ga-m-desktop:0 0 0 0;--_ga-p-desktop:20px 20px 20px 20px;--_ga-bg-desktop:#f3f3f3 none;--_ga-zi-desktop:auto;--_ga-d-desktop:flex;--_ga-mw-desktop:calc(100% - 0 - 0);--_ga-m-tablet:0 0 0 0;--_ga-p-tablet:20px 20px 20px 20px;--_ga-bg-tablet:#f3f3f3 none;--_ga-zi-tablet:auto;--_ga-d-tablet:flex;--_ga-mw-tablet:calc(100% - 0 - 0);--_ga-m-mobile:0 0 0 0;--_ga-p-mobile:20px 20px 20px 20px;--_ga-bg-mobile:#f3f3f3 none;--_ga-zi-mobile:auto;--_ga-d-mobile:flex;--_ga-mw-mobile:calc(100% - 0 - 0)\">\n\n<h2 class=\"wp-block-heading has-text-align-center advgb-dyn-79ca8844\">Tagespass<\/h2>\n\n\n\n<h3 class=\"wp-block-heading has-text-align-center\"><strong>10 \u20ac pro Person<\/strong> &#8211; direkt im Village erh\u00e4ltlich<\/h3>\n\n\n\n<p>Imbegriffen:<\/p>\n\n\n\n<ul class=\"wp-block-list\">\n<li>Eintrittskarte f\u00fcr das Village<\/li>\n\n\n\n<li>Eintrittskarte f\u00fcr die Veranstaltung und alle organisierten Aktivit\u00e4ten<\/li>\n\n\n\n<li>Zugang zum Strand<\/li>\n<\/ul>\n\n<\/div>\n\n<div class=\"grids-area\" style=\"--_ga-column:7\/12;--_ga-row:1\/7;--_ga-m-desktop:0 0 0 0;--_ga-p-desktop:20px 20px 20px 20px;--_ga-bg-desktop:#3fb9bd none;--_ga-zi-desktop:auto;--_ga-d-desktop:flex;--_ga-mw-desktop:calc(100% - 0 - 0);--_ga-m-tablet:0 0 0 0;--_ga-p-tablet:20px 20px 20px 20px;--_ga-bg-tablet:#3fb9bd none;--_ga-zi-tablet:auto;--_ga-d-tablet:flex;--_ga-mw-tablet:calc(100% - 0 - 0);--_ga-m-mobile:0 0 0 0;--_ga-p-mobile:20px 20px 20px 20px;--_ga-bg-mobile:#3fb9bd none;--_ga-zi-mobile:auto;--_ga-d-mobile:flex;--_ga-mw-mobile:calc(100% - 0 - 0)\">\n\n<h2 class=\"wp-block-heading has-text-align-center\">Angebot mit Aufenthalt inbegriffen<\/h2>\n\n\n\n<h3 class=\"wp-block-heading has-text-align-center\"><strong>ab 39 \u20ac pro Person<\/strong>, pro Tag mit dem <a href=\"\/de\/offer\/short-break\/\" data-type=\"offer\" data-id=\"14233\"><mark class=\"has-inline-color has-white-color\" style=\"background-color: rgba(0, 0, 0, 0);\">Short Break Angebot<\/mark><\/a><\/h3>\n\n\n\n<p>Imbegriffen:<\/p>\n\n\n\n<ul class=\"wp-block-list\">\n<li>Italienisches Fr\u00fchst\u00fcck<\/li>\n\n\n\n<li>Zugang zum Privatstrand, einschlie\u00dflich Sonnenschirm und Liegestuhl (je nach Verf\u00fcgbarkeit)<\/li>\n\n\n\n<li>Sp\u00e4ter Check-out<\/li>\n\n\n\n<li>Eintrittskarte f\u00fcr die Veranstaltung und alle organisierten Aktivit\u00e4ten<\/li>\n<\/ul>\n\n\n\n<div class=\"wp-block-buttons is-content-justification-center is-layout-flex wp-container-core-buttons-is-layout-16018d1d wp-block-buttons-is-layout-flex\">\n<div class=\"wp-block-button is-style-outline is-style-outline--4\"><a class=\"wp-block-button__link has-white-color has-text-color has-text-align-center wp-element-button\" href=\"https:\/\/www.villaggiosanfrancesco.com\/de\/?post_type=offer&#038;p=14235\">ENTDECKEN SIE DAS ANGEBOT<\/a><\/div>\n<\/div>\n\n<\/div>\n<\/div><\/div>","protected":false},"excerpt":{"rendered":"","protected":false},"author":11,"featured_media":15508,"comment_status":"closed","ping_status":"closed","sticky":false,"template":"","format":"standard","meta":{"_acf_changed":false,"advgb_blocks_editor_width":"","advgb_blocks_columns_visual_guide":"","footnotes":""},"categories":[48],"tags":[],"class_list":["post-14602","post","type-post","status-publish","format-standard","has-post-thumbnail","hentry","category-veranstaltungen","entry"],"acf":[],"yoast_head":"<!-- This site is optimized with the Yoast SEO plugin v26.0 - https:\/\/yoast.com\/wordpress\/plugins\/seo\/ -->\n<title>Spring &amp; Sport Festival - Villaggio San Francesco<\/title>\n<meta name=\"description\" content=\"Wir freuen uns auf Ihren Besuch bei der ersten Veranstaltung der Saison im Feriendorf San Francesco! 29., 30. April und 1. Mai in Caorle \u2013 Besuchen Sie das Fr\u00fchlings- und Sportfestival!\" \/>\n<meta name=\"robots\" content=\"index, follow, max-snippet:-1, max-image-preview:large, max-video-preview:-1\" \/>\n<link rel=\"canonical\" href=\"https:\/\/www.villaggiosanfrancesco.com\/de\/news\/veranstaltungen\/spring-sport-festival\/\" \/>\n<meta property=\"og:locale\" content=\"de_DE\" \/>\n<meta property=\"og:type\" content=\"article\" \/>\n<meta property=\"og:title\" content=\"Spring &amp; Sport Festival - Villaggio San Francesco\" \/>\n<meta property=\"og:description\" content=\"Wir freuen uns auf Ihren Besuch bei der ersten Veranstaltung der Saison im Feriendorf San Francesco! 29., 30. April und 1. Mai in Caorle \u2013 Besuchen Sie das Fr\u00fchlings- und Sportfestival!\" \/>\n<meta property=\"og:url\" content=\"https:\/\/www.villaggiosanfrancesco.com\/de\/news\/veranstaltungen\/spring-sport-festival\/\" \/>\n<meta property=\"og:site_name\" content=\"Villaggio San Francesco\" \/>\n<meta property=\"article:publisher\" content=\"https:\/\/www.facebook.com\/VillaggioSanFrancesco\/\" \/>\n<meta property=\"article:published_time\" content=\"2023-04-03T12:11:26+00:00\" \/>\n<meta property=\"article:modified_time\" content=\"2023-04-26T08:37:01+00:00\" \/>\n<meta property=\"og:image\" content=\"https:\/\/www.villaggiosanfrancesco.com\/wp-content\/uploads\/2023\/03\/spring-sport-festival-villaggio-san-francesco-banner.jpg\" \/>\n\t<meta property=\"og:image:width\" content=\"2000\" \/>\n\t<meta property=\"og:image:height\" content=\"1000\" \/>\n\t<meta property=\"og:image:type\" content=\"image\/jpeg\" \/>\n<meta name=\"author\" content=\"federica.cattelan\" \/>\n<meta name=\"twitter:card\" content=\"summary_large_image\" \/>\n<meta name=\"twitter:label1\" content=\"Verfasst von\" \/>\n\t<meta name=\"twitter:data1\" content=\"federica.cattelan\" \/>\n\t<meta name=\"twitter:label2\" content=\"Gesch\u00e4tzte Lesezeit\" \/>\n\t<meta name=\"twitter:data2\" content=\"4\u00a0Minuten\" \/>\n<script type=\"application\/ld+json\" class=\"yoast-schema-graph\">{\"@context\":\"https:\/\/schema.org\",\"@graph\":[{\"@type\":\"Article\",\"@id\":\"https:\/\/www.villaggiosanfrancesco.com\/de\/news\/veranstaltungen\/spring-sport-festival\/#article\",\"isPartOf\":{\"@id\":\"https:\/\/www.villaggiosanfrancesco.com\/de\/news\/veranstaltungen\/spring-sport-festival\/\"},\"author\":{\"name\":\"federica.cattelan\",\"@id\":\"https:\/\/www.villaggiosanfrancesco.com\/de\/#\/schema\/person\/42d2a3617fc01b4bca89f6da4be96550\"},\"headline\":\"Spring &#038; Sport Festival\",\"datePublished\":\"2023-04-03T12:11:26+00:00\",\"dateModified\":\"2023-04-26T08:37:01+00:00\",\"mainEntityOfPage\":{\"@id\":\"https:\/\/www.villaggiosanfrancesco.com\/de\/news\/veranstaltungen\/spring-sport-festival\/\"},\"wordCount\":497,\"publisher\":{\"@id\":\"https:\/\/www.villaggiosanfrancesco.com\/de\/#organization\"},\"image\":{\"@id\":\"https:\/\/www.villaggiosanfrancesco.com\/de\/news\/veranstaltungen\/spring-sport-festival\/#primaryimage\"},\"thumbnailUrl\":\"https:\/\/www.villaggiosanfrancesco.com\/wp-content\/uploads\/2023\/03\/spring-sport-festival-villaggio-san-francesco-banner.jpg\",\"articleSection\":[\"Event\"],\"inLanguage\":\"de\"},{\"@type\":\"WebPage\",\"@id\":\"https:\/\/www.villaggiosanfrancesco.com\/de\/news\/veranstaltungen\/spring-sport-festival\/\",\"url\":\"https:\/\/www.villaggiosanfrancesco.com\/de\/news\/veranstaltungen\/spring-sport-festival\/\",\"name\":\"Spring & Sport Festival - Villaggio San Francesco\",\"isPartOf\":{\"@id\":\"https:\/\/www.villaggiosanfrancesco.com\/de\/#website\"},\"primaryImageOfPage\":{\"@id\":\"https:\/\/www.villaggiosanfrancesco.com\/de\/news\/veranstaltungen\/spring-sport-festival\/#primaryimage\"},\"image\":{\"@id\":\"https:\/\/www.villaggiosanfrancesco.com\/de\/news\/veranstaltungen\/spring-sport-festival\/#primaryimage\"},\"thumbnailUrl\":\"https:\/\/www.villaggiosanfrancesco.com\/wp-content\/uploads\/2023\/03\/spring-sport-festival-villaggio-san-francesco-banner.jpg\",\"datePublished\":\"2023-04-03T12:11:26+00:00\",\"dateModified\":\"2023-04-26T08:37:01+00:00\",\"description\":\"Wir freuen uns auf Ihren Besuch bei der ersten Veranstaltung der Saison im Feriendorf San Francesco! 29., 30. April und 1. Mai in Caorle \u2013 Besuchen Sie das Fr\u00fchlings- und Sportfestival!\",\"breadcrumb\":{\"@id\":\"https:\/\/www.villaggiosanfrancesco.com\/de\/news\/veranstaltungen\/spring-sport-festival\/#breadcrumb\"},\"inLanguage\":\"de\",\"potentialAction\":[{\"@type\":\"ReadAction\",\"target\":[\"https:\/\/www.villaggiosanfrancesco.com\/de\/news\/veranstaltungen\/spring-sport-festival\/\"]}]},{\"@type\":\"ImageObject\",\"inLanguage\":\"de\",\"@id\":\"https:\/\/www.villaggiosanfrancesco.com\/de\/news\/veranstaltungen\/spring-sport-festival\/#primaryimage\",\"url\":\"https:\/\/www.villaggiosanfrancesco.com\/wp-content\/uploads\/2023\/03\/spring-sport-festival-villaggio-san-francesco-banner.jpg\",\"contentUrl\":\"https:\/\/www.villaggiosanfrancesco.com\/wp-content\/uploads\/2023\/03\/spring-sport-festival-villaggio-san-francesco-banner.jpg\",\"width\":2000,\"height\":1000},{\"@type\":\"BreadcrumbList\",\"@id\":\"https:\/\/www.villaggiosanfrancesco.com\/de\/news\/veranstaltungen\/spring-sport-festival\/#breadcrumb\",\"itemListElement\":[{\"@type\":\"ListItem\",\"position\":1,\"name\":\"Home\",\"item\":\"https:\/\/www.villaggiosanfrancesco.com\/de\/\"},{\"@type\":\"ListItem\",\"position\":2,\"name\":\"Event\",\"item\":\"https:\/\/www.villaggiosanfrancesco.com\/de\/news\/category\/veranstaltungen\/\"},{\"@type\":\"ListItem\",\"position\":3,\"name\":\"Spring &#038; Sport Festival\"}]},{\"@type\":\"WebSite\",\"@id\":\"https:\/\/www.villaggiosanfrancesco.com\/de\/#website\",\"url\":\"https:\/\/www.villaggiosanfrancesco.com\/de\/\",\"name\":\"Villaggio San Francesco\",\"description\":\"Caorle, VENEZIA\",\"publisher\":{\"@id\":\"https:\/\/www.villaggiosanfrancesco.com\/de\/#organization\"},\"potentialAction\":[{\"@type\":\"SearchAction\",\"target\":{\"@type\":\"EntryPoint\",\"urlTemplate\":\"https:\/\/www.villaggiosanfrancesco.com\/de\/?s={search_term_string}\"},\"query-input\":{\"@type\":\"PropertyValueSpecification\",\"valueRequired\":true,\"valueName\":\"search_term_string\"}}],\"inLanguage\":\"de\"},{\"@type\":\"Organization\",\"@id\":\"https:\/\/www.villaggiosanfrancesco.com\/de\/#organization\",\"name\":\"Villaggio San Francesco\",\"url\":\"https:\/\/www.villaggiosanfrancesco.com\/de\/\",\"logo\":{\"@type\":\"ImageObject\",\"inLanguage\":\"de\",\"@id\":\"https:\/\/www.villaggiosanfrancesco.com\/de\/#\/schema\/logo\/image\/\",\"url\":\"https:\/\/www.villaggiosanfrancesco.com\/wp-content\/uploads\/2023\/03\/Logo-Villaggio-San-Francesco-Caorle-1.png\",\"contentUrl\":\"https:\/\/www.villaggiosanfrancesco.com\/wp-content\/uploads\/2023\/03\/Logo-Villaggio-San-Francesco-Caorle-1.png\",\"width\":1206,\"height\":356,\"caption\":\"Villaggio San Francesco\"},\"image\":{\"@id\":\"https:\/\/www.villaggiosanfrancesco.com\/de\/#\/schema\/logo\/image\/\"},\"sameAs\":[\"https:\/\/www.facebook.com\/VillaggioSanFrancesco\/\",\"https:\/\/www.instagram.com\/villaggiosanfrancesco\/\",\"https:\/\/www.youtube.com\/channel\/UClXJoJulrb1UANfZodeHn-g\",\"https:\/\/www.tiktok.com\/@sanfrancescoresort\"]},{\"@type\":\"Person\",\"@id\":\"https:\/\/www.villaggiosanfrancesco.com\/de\/#\/schema\/person\/42d2a3617fc01b4bca89f6da4be96550\",\"name\":\"federica.cattelan\"}]}<\/script>\n<!-- \/ Yoast SEO plugin. -->","yoast_head_json":{"title":"Spring & Sport Festival - Villaggio San Francesco","description":"Wir freuen uns auf Ihren Besuch bei der ersten Veranstaltung der Saison im Feriendorf San Francesco! 29., 30. April und 1. Mai in Caorle \u2013 Besuchen Sie das Fr\u00fchlings- und Sportfestival!","robots":{"index":"index","follow":"follow","max-snippet":"max-snippet:-1","max-image-preview":"max-image-preview:large","max-video-preview":"max-video-preview:-1"},"canonical":"https:\/\/www.villaggiosanfrancesco.com\/de\/news\/veranstaltungen\/spring-sport-festival\/","og_locale":"de_DE","og_type":"article","og_title":"Spring & Sport Festival - Villaggio San Francesco","og_description":"Wir freuen uns auf Ihren Besuch bei der ersten Veranstaltung der Saison im Feriendorf San Francesco! 29., 30. April und 1. Mai in Caorle \u2013 Besuchen Sie das Fr\u00fchlings- und Sportfestival!","og_url":"https:\/\/www.villaggiosanfrancesco.com\/de\/news\/veranstaltungen\/spring-sport-festival\/","og_site_name":"Villaggio San Francesco","article_publisher":"https:\/\/www.facebook.com\/VillaggioSanFrancesco\/","article_published_time":"2023-04-03T12:11:26+00:00","article_modified_time":"2023-04-26T08:37:01+00:00","og_image":[{"width":2000,"height":1000,"url":"https:\/\/www.villaggiosanfrancesco.com\/wp-content\/uploads\/2023\/03\/spring-sport-festival-villaggio-san-francesco-banner.jpg","type":"image\/jpeg"}],"author":"federica.cattelan","twitter_card":"summary_large_image","twitter_misc":{"Verfasst von":"federica.cattelan","Gesch\u00e4tzte Lesezeit":"4\u00a0Minuten"},"schema":{"@context":"https:\/\/schema.org","@graph":[{"@type":"Article","@id":"https:\/\/www.villaggiosanfrancesco.com\/de\/news\/veranstaltungen\/spring-sport-festival\/#article","isPartOf":{"@id":"https:\/\/www.villaggiosanfrancesco.com\/de\/news\/veranstaltungen\/spring-sport-festival\/"},"author":{"name":"federica.cattelan","@id":"https:\/\/www.villaggiosanfrancesco.com\/de\/#\/schema\/person\/42d2a3617fc01b4bca89f6da4be96550"},"headline":"Spring &#038; Sport Festival","datePublished":"2023-04-03T12:11:26+00:00","dateModified":"2023-04-26T08:37:01+00:00","mainEntityOfPage":{"@id":"https:\/\/www.villaggiosanfrancesco.com\/de\/news\/veranstaltungen\/spring-sport-festival\/"},"wordCount":497,"publisher":{"@id":"https:\/\/www.villaggiosanfrancesco.com\/de\/#organization"},"image":{"@id":"https:\/\/www.villaggiosanfrancesco.com\/de\/news\/veranstaltungen\/spring-sport-festival\/#primaryimage"},"thumbnailUrl":"https:\/\/www.villaggiosanfrancesco.com\/wp-content\/uploads\/2023\/03\/spring-sport-festival-villaggio-san-francesco-banner.jpg","articleSection":["Event"],"inLanguage":"de"},{"@type":"WebPage","@id":"https:\/\/www.villaggiosanfrancesco.com\/de\/news\/veranstaltungen\/spring-sport-festival\/","url":"https:\/\/www.villaggiosanfrancesco.com\/de\/news\/veranstaltungen\/spring-sport-festival\/","name":"Spring & Sport Festival - Villaggio San Francesco","isPartOf":{"@id":"https:\/\/www.villaggiosanfrancesco.com\/de\/#website"},"primaryImageOfPage":{"@id":"https:\/\/www.villaggiosanfrancesco.com\/de\/news\/veranstaltungen\/spring-sport-festival\/#primaryimage"},"image":{"@id":"https:\/\/www.villaggiosanfrancesco.com\/de\/news\/veranstaltungen\/spring-sport-festival\/#primaryimage"},"thumbnailUrl":"https:\/\/www.villaggiosanfrancesco.com\/wp-content\/uploads\/2023\/03\/spring-sport-festival-villaggio-san-francesco-banner.jpg","datePublished":"2023-04-03T12:11:26+00:00","dateModified":"2023-04-26T08:37:01+00:00","description":"Wir freuen uns auf Ihren Besuch bei der ersten Veranstaltung der Saison im Feriendorf San Francesco! 29., 30. April und 1. Mai in Caorle \u2013 Besuchen Sie das Fr\u00fchlings- und Sportfestival!","breadcrumb":{"@id":"https:\/\/www.villaggiosanfrancesco.com\/de\/news\/veranstaltungen\/spring-sport-festival\/#breadcrumb"},"inLanguage":"de","potentialAction":[{"@type":"ReadAction","target":["https:\/\/www.villaggiosanfrancesco.com\/de\/news\/veranstaltungen\/spring-sport-festival\/"]}]},{"@type":"ImageObject","inLanguage":"de","@id":"https:\/\/www.villaggiosanfrancesco.com\/de\/news\/veranstaltungen\/spring-sport-festival\/#primaryimage","url":"https:\/\/www.villaggiosanfrancesco.com\/wp-content\/uploads\/2023\/03\/spring-sport-festival-villaggio-san-francesco-banner.jpg","contentUrl":"https:\/\/www.villaggiosanfrancesco.com\/wp-content\/uploads\/2023\/03\/spring-sport-festival-villaggio-san-francesco-banner.jpg","width":2000,"height":1000},{"@type":"BreadcrumbList","@id":"https:\/\/www.villaggiosanfrancesco.com\/de\/news\/veranstaltungen\/spring-sport-festival\/#breadcrumb","itemListElement":[{"@type":"ListItem","position":1,"name":"Home","item":"https:\/\/www.villaggiosanfrancesco.com\/de\/"},{"@type":"ListItem","position":2,"name":"Event","item":"https:\/\/www.villaggiosanfrancesco.com\/de\/news\/category\/veranstaltungen\/"},{"@type":"ListItem","position":3,"name":"Spring &#038; Sport Festival"}]},{"@type":"WebSite","@id":"https:\/\/www.villaggiosanfrancesco.com\/de\/#website","url":"https:\/\/www.villaggiosanfrancesco.com\/de\/","name":"Villaggio San Francesco","description":"Caorle, VENEZIA","publisher":{"@id":"https:\/\/www.villaggiosanfrancesco.com\/de\/#organization"},"potentialAction":[{"@type":"SearchAction","target":{"@type":"EntryPoint","urlTemplate":"https:\/\/www.villaggiosanfrancesco.com\/de\/?s={search_term_string}"},"query-input":{"@type":"PropertyValueSpecification","valueRequired":true,"valueName":"search_term_string"}}],"inLanguage":"de"},{"@type":"Organization","@id":"https:\/\/www.villaggiosanfrancesco.com\/de\/#organization","name":"Villaggio San Francesco","url":"https:\/\/www.villaggiosanfrancesco.com\/de\/","logo":{"@type":"ImageObject","inLanguage":"de","@id":"https:\/\/www.villaggiosanfrancesco.com\/de\/#\/schema\/logo\/image\/","url":"https:\/\/www.villaggiosanfrancesco.com\/wp-content\/uploads\/2023\/03\/Logo-Villaggio-San-Francesco-Caorle-1.png","contentUrl":"https:\/\/www.villaggiosanfrancesco.com\/wp-content\/uploads\/2023\/03\/Logo-Villaggio-San-Francesco-Caorle-1.png","width":1206,"height":356,"caption":"Villaggio San Francesco"},"image":{"@id":"https:\/\/www.villaggiosanfrancesco.com\/de\/#\/schema\/logo\/image\/"},"sameAs":["https:\/\/www.facebook.com\/VillaggioSanFrancesco\/","https:\/\/www.instagram.com\/villaggiosanfrancesco\/","https:\/\/www.youtube.com\/channel\/UClXJoJulrb1UANfZodeHn-g","https:\/\/www.tiktok.com\/@sanfrancescoresort"]},{"@type":"Person","@id":"https:\/\/www.villaggiosanfrancesco.com\/de\/#\/schema\/person\/42d2a3617fc01b4bca89f6da4be96550","name":"federica.cattelan"}]}},"author_meta":{"display_name":"federica.cattelan","author_link":"https:\/\/www.villaggiosanfrancesco.com\/de\/news\/author\/federica-cattelan\/"},"featured_img":"https:\/\/www.villaggiosanfrancesco.com\/wp-content\/uploads\/2023\/03\/spring-sport-festival-villaggio-san-francesco-banner-300x150.jpg","coauthors":[],"tax_additional":{"categories":{"linked":["<a href=\"https:\/\/www.villaggiosanfrancesco.com\/de\/news\/category\/veranstaltungen\/\" class=\"advgb-post-tax-term\">Event<\/a>"],"unlinked":["<span class=\"advgb-post-tax-term\">Event<\/span>"]}},"comment_count":"0","relative_dates":{"created":"Posted 3\u00a0Jahren ago","modified":"Updated 3\u00a0Jahren ago"},"absolute_dates":{"created":"Posted on April 3, 2023","modified":"Updated on April 26, 2023"},"absolute_dates_time":{"created":"Posted on April 3, 2023 2:11 p.m.","modified":"Updated on April 26, 2023 10:37 a.m."},"featured_img_caption":"","series_order":"","_links":{"self":[{"href":"https:\/\/www.villaggiosanfrancesco.com\/de\/wp-json\/wp\/v2\/posts\/14602","targetHints":{"allow":["GET"]}}],"collection":[{"href":"https:\/\/www.villaggiosanfrancesco.com\/de\/wp-json\/wp\/v2\/posts"}],"about":[{"href":"https:\/\/www.villaggiosanfrancesco.com\/de\/wp-json\/wp\/v2\/types\/post"}],"author":[{"embeddable":true,"href":"https:\/\/www.villaggiosanfrancesco.com\/de\/wp-json\/wp\/v2\/users\/11"}],"replies":[{"embeddable":true,"href":"https:\/\/www.villaggiosanfrancesco.com\/de\/wp-json\/wp\/v2\/comments?post=14602"}],"version-history":[{"count":0,"href":"https:\/\/www.villaggiosanfrancesco.com\/de\/wp-json\/wp\/v2\/posts\/14602\/revisions"}],"wp:featuredmedia":[{"embeddable":true,"href":"https:\/\/www.villaggiosanfrancesco.com\/de\/wp-json\/wp\/v2\/media\/15508"}],"wp:attachment":[{"href":"https:\/\/www.villaggiosanfrancesco.com\/de\/wp-json\/wp\/v2\/media?parent=14602"}],"wp:term":[{"taxonomy":"category","embeddable":true,"href":"https:\/\/www.villaggiosanfrancesco.com\/de\/wp-json\/wp\/v2\/categories?post=14602"},{"taxonomy":"post_tag","embeddable":true,"href":"https:\/\/www.villaggiosanfrancesco.com\/de\/wp-json\/wp\/v2\/tags?post=14602"}],"curies":[{"name":"wp","href":"https:\/\/api.w.org\/{rel}","templated":true}]}}